{"id":849,"date":"2011-06-13T21:43:07","date_gmt":"2011-06-13T19:43:07","guid":{"rendered":"https:\/\/baraka.cc\/?p=849"},"modified":"2014-01-02T21:45:20","modified_gmt":"2014-01-02T19:45:20","slug":"baraka-dau-senin-eylemine-destek-verdi","status":"publish","type":"post","link":"https:\/\/baraka.cc\/?p=849","title":{"rendered":"BARAKA DA\u00dc-SEN&#8217;\u0130N EYLEM\u0130NE DESTEK VERD\u0130"},"content":{"rendered":"<p>&nbsp;<\/p>\n<p style=\"margin: 0cm 0cm 0.0001pt; text-align: justify; line-height: 200%;\">\n<p>&nbsp;<\/p>\n<p><a href=\"https:\/\/www.baraka.cc\/images\/stories\/dausen_dayanisma1.jpg\" target=\"_blank\"><img decoding=\"async\" alt=\" \" src=\"https:\/\/www.baraka.cc\/images\/stories\/dausen_dayanisma1.jpg\" width=\"200\" align=\"left\" border=\"2\" \/><\/a><\/p>\n<p style=\"margin: 0cm 0cm 0.0001pt; text-align: justify; line-height: 200%;\"><span style=\"font-size: 11pt; line-height: 200%; font-family: 'Verdana','sans-serif';\">13 Haziran 2011 tarihinde DA\u00dc y\u00fcksek \u00f6\u011frenim \u00f6ncesi kurumlar\u0131n\u0131n Do\u011fa Koleji\u2019ne sat\u0131lmas\u0131n\u0131 protesto etmek i\u00e7in DA\u00dc\u2019de toplanan DA\u00dc-Sen ve \u00f6rg\u00fctlere Baraka K\u00fclt\u00fcr Merkezi de destek verdi. <\/span><\/p>\n<p style=\"margin: 0cm 0cm 0.0001pt; text-align: justify; line-height: 200%;\">\n<p style=\"margin: 0cm 0cm 0.0001pt; text-align: justify; line-height: 200%;\"><span style=\"font-size: 11pt; line-height: 200%; font-family: 'Verdana','sans-serif';\">\u00a0<\/span><\/p>\n<p style=\"margin: 0cm 0cm 0.0001pt; text-align: justify; line-height: 200%;\"><span class=\"yshortcuts\"><span style=\"font-size: 11pt; line-height: 200%; font-family: 'Verdana','sans-serif';\">Saat<\/span><\/span><span style=\"font-size: 11pt; line-height: 200%; font-family: 'Verdana','sans-serif';\"> 17.00\u2019de DA\u00dc Aktivite Merkezi\u2019nde yer alan tan\u0131t\u0131m toplant\u0131s\u0131ndan bir saat \u00f6nce eylemciler DA\u00dc Aktivite Merkezi binas\u0131 \u00f6n\u00fcnde topland\u0131lar. Eylemde, \u201cDA\u00dc Halk\u0131nd\u0131r, Sat\u0131lamaz\u201d, \u201cDA\u00dc \u00c7al\u0131\u015fanlar\u0131 Halkt\u0131r, At\u0131lamaz\u201d, \u201cDo\u011fa, DA\u00dc\u2019de \u0130stenmiyorsun, Gelirsen Pi\u015fman Olursun\u201d,\u00a0 \u201c\u0130\u015fte UBP\u2019nin Form\u00fcl\u00fc: \u00d6nce Bat\u0131r, <span class=\"yshortcuts\"><span>Sonra<\/span><\/span> Sat\u201d, \u201cHaddini Bil Rekt\u00f6r\u201d, \u201c\u0130mam\u0131n Ordusuna Ge\u00e7it Yok\u201d yaz\u0131l\u0131 pankartlar a\u00e7\u0131l\u0131rken; \u201c AKP, Elini Yakam\u0131zdan \u00c7ek\u201d, \u201cVard\u0131k, Var\u0131z, Varolaca\u011f\u0131z\u201d, \u201cBu Memleket Bizim, Biz Y\u00f6netece\u011fiz\u201d, \u201cDo\u011fa\u2019m\u0131za Ayk\u0131r\u0131s\u0131n\u0131z\u201d yaz\u0131l\u0131 d\u00f6vizler ta\u015f\u0131nd\u0131. <span>\u00a0<\/span>Olduk\u00e7a \u00f6fkeli olduklar\u0131 g\u00f6zlenen Do\u011fu <span class=\"yshortcuts\"><span style=\"background-attachment: scroll;\">Akdeniz<\/span><\/span> Koleji \u00f6\u011frencileri de, AKP ve Do\u011fa Koleji aleyhinde slogan att\u0131lar. \u00d6\u011frenciler gibi ebeveynler de eylemde \u00f6n saflarda yer almaktayd\u0131.<\/span><\/p>\n<p style=\"margin: 0cm 0cm 0.0001pt; text-align: justify; line-height: 200%;\">\n<p style=\"margin: 0cm 0cm 0.0001pt; text-align: justify; line-height: 200%;\"><span style=\"font-size: 11pt; line-height: 200%; font-family: 'Verdana','sans-serif';\">\u00a0<\/span><\/p>\n<p style=\"margin: 0cm 0cm 0.0001pt; text-align: justify; line-height: 200%;\"><span style=\"font-size: 11pt; line-height: 200%; font-family: 'Verdana','sans-serif';\">Baz\u0131 eylemciler polis kordonunu a\u015fmak i\u00e7in giri\u015fimde bulunurken, arbede ya\u015fand\u0131. Bu s\u0131rada DA\u00dc Aktivite Merkezi\u2019ne yumurtalar ve d\u00f6viz sopalar\u0131 f\u0131rlat\u0131ld\u0131.<\/span><\/p>\n<p style=\"margin: 0cm 0cm 0.0001pt; text-align: justify; line-height: 200%;\"><span style=\"font-size: 11pt; line-height: 200%; font-family: 'Verdana','sans-serif';\">\u00a0<\/span><\/p>\n","protected":false},"excerpt":{"rendered":"<p>&nbsp; &nbsp; 13 Haziran 2011 tarihinde DA\u00dc y\u00fcksek \u00f6\u011frenim \u00f6ncesi kurumlar\u0131n\u0131n Do\u011fa Koleji\u2019ne sat\u0131lmas\u0131n\u0131 protesto etmek i\u00e7in DA\u00dc\u2019de toplanan DA\u00dc-Sen ve \u00f6rg\u00fctlere Baraka K\u00fclt\u00fcr Merkezi<\/p>\n","protected":false},"author":1,"featured_media":0,"comment_status":"open","ping_status":"open","sticky":false,"template":"","format":"standard","meta":{"jetpack_post_was_ever_published":false,"_jetpack_newsletter_access":"","_jetpack_newsletter_tier_id":0,"jetpack_publicize_message":"","jetpack_is_tweetstorm":false,"jetpack_publicize_feature_enabled":true,"jetpack_social_post_already_shared":false,"jetpack_social_options":{"image_generator_settings":{"template":"highway","enabled":false}}},"categories":[66],"tags":[],"jetpack_publicize_connections":[],"jetpack_featured_media_url":"","jetpack_shortlink":"https:\/\/wp.me\/p4eHWX-dH","jetpack_sharing_enabled":true,"_links":{"self":[{"href":"https:\/\/baraka.cc\/index.php?rest_route=\/wp\/v2\/posts\/849"}],"collection":[{"href":"https:\/\/baraka.cc\/index.php?rest_route=\/wp\/v2\/posts"}],"about":[{"href":"https:\/\/baraka.cc\/index.php?rest_route=\/wp\/v2\/types\/post"}],"author":[{"embeddable":true,"href":"https:\/\/baraka.cc\/index.php?rest_route=\/wp\/v2\/users\/1"}],"replies":[{"embeddable":true,"href":"https:\/\/baraka.cc\/index.php?rest_route=%2Fwp%2Fv2%2Fcomments&post=849"}],"version-history":[{"count":1,"href":"https:\/\/baraka.cc\/index.php?rest_route=\/wp\/v2\/posts\/849\/revisions"}],"predecessor-version":[{"id":850,"href":"https:\/\/baraka.cc\/index.php?rest_route=\/wp\/v2\/posts\/849\/revisions\/850"}],"wp:attachment":[{"href":"https:\/\/baraka.cc\/index.php?rest_route=%2Fwp%2Fv2%2Fmedia&parent=849"}],"wp:term":[{"taxonomy":"category","embeddable":true,"href":"https:\/\/baraka.cc\/index.php?rest_route=%2Fwp%2Fv2%2Fcategories&post=849"},{"taxonomy":"post_tag","embeddable":true,"href":"https:\/\/baraka.cc\/index.php?rest_route=%2Fwp%2Fv2%2Ftags&post=849"}],"curies":[{"name":"wp","href":"https:\/\/api.w.org\/{rel}","templated":true}]}}