{"id":8494,"date":"2021-11-19T12:39:33","date_gmt":"2021-11-19T10:39:33","guid":{"rendered":"https:\/\/baraka.cc\/?p=8494"},"modified":"2021-11-19T12:39:33","modified_gmt":"2021-11-19T10:39:33","slug":"simdi-secim-zamani-mustafa-batak","status":"publish","type":"post","link":"https:\/\/baraka.cc\/?p=8494","title":{"rendered":"\u015eimdi Se\u00e7im Zaman\u0131! -Mustafa Batak"},"content":{"rendered":"<div>Zor g\u00fcnlerden ge\u00e7iyoruz.<\/div>\n<div>G\u00fcnl\u00fck dertlerimiz artarak devam ediyor.<\/div>\n<div>\u00d6ylesine s\u0131k\u0131nt\u0131l\u0131 bir d\u00f6nemden ge\u00e7iyoruz ki, hayat\u0131m\u0131za yeni giren Covid-19 pandemisine ve maske-mesafe-hijyen kurallar\u0131na dahi al\u0131\u015ft\u0131k.<\/div>\n<div>Ama T\u00fcrk Liras\u0131n\u0131n d\u00f6viz kar\u015f\u0131s\u0131nda eriyip gitmesine, y\u00fckselen d\u00f6viz ile birlikte artan bor\u00e7lara, g\u00fcnl\u00fck ihtiya\u00e7lar\u0131n her ge\u00e7en g\u00fcn daha da pahal\u0131la\u015fmas\u0131na, bin bir tantana sonucu ka\u015f\u0131kla verilen asgari \u00fccretin, kep\u00e7eyle al\u0131nmas\u0131na, ekmek, t\u00fcp, benzin ve daha bir\u00e7ok ya\u015famsal ihtiyaca pe\u015fi s\u0131ra zam gelmesine, i\u015fsizli\u011fe ve bu kadar i\u015fsize ra\u011fmen \u00e7al\u0131\u015fan arayan i\u015fletmelere, emek s\u00f6m\u00fcr\u00fcs\u00fcne, \u201cadam\u201d kay\u0131rmac\u0131l\u0131\u011f\u0131na al\u0131\u015famad\u0131k.<\/div>\n<div>En \u00e7ok da son d\u00f6nemde halk ile alay edercesine at\u0131lan ad\u0131mlara al\u0131\u015famad\u0131k!<\/div>\n<div>Bir yanda halk; s\u0131rt\u0131na y\u00fcklenen a\u011f\u0131r y\u00fck ile ayakta kalma m\u00fccadelesi verirken, di\u011fer yanda h\u00fck\u00fcmet \u00e7are yerine hamaset \u00fcreterek kktc\u2019yi ilelebet ya\u015fataca\u011f\u0131z diyor&#8230;<\/div>\n<div>Ho\u015f, ne zaman kktc\u2019yi ya\u015fataca\u011f\u0131z dese ard\u0131ndan \u00f6zelle\u015ftirmeler g\u00fcndeme geliyor. Ve ne zaman \u201cbir kar\u0131\u015f toprak vermeyece\u011fiz\u201d dese, da\u011flar, tepeler ve denizler rant u\u011fruna imara a\u00e7\u0131l\u0131yor pe\u015fke\u015f \u00e7ekiliyor. Son d\u00f6nemin \u201cmoda s\u00f6zc\u00fc\u011f\u00fc\u201d olan iki devletli \u00e7\u00f6z\u00fcmden s\u00f6z edildi\u011finde ise g\u00f6r\u00fcl\u00fcyor ki; bunun yerine mafyatik ili\u015fkiler, \u00e7etelerin savurdu\u011fu tehditler ve \u00e7irkin videolar peyda oluyor&#8230;<\/div>\n<div>Nas\u0131l al\u0131\u015f\u0131l\u0131r ki zaten t\u00fcm bunlara&#8230;<\/div>\n<div>Derken se\u00e7im konuyor halk\u0131n \u00f6n\u00fcne&#8230;<\/div>\n<div>\u00c7i\u00e7e\u011fi burnunda Ba\u015fbakan Faiz Sucuo\u011flu\u2019nun, \u201cArt\u0131k tan\u0131nmam\u0131\u015fl\u0131\u011f\u0131n avantajlar\u0131n\u0131 da ya\u015faman\u0131n zaman\u0131d\u0131r; beni Avrupa Birli\u011fi yasalar\u0131 \u00e7ok ilgilendirmez\u201d s\u00f6zleri aras\u0131nda&#8230; Buradan anl\u0131yoruz ki; Ba\u015fbakan ve partisi UBP\u2019nin savundu\u011fu iki devletli \u00e7\u00f6z\u00fcm modeline inanc\u0131 kalmad\u0131. \u00d6yle ki bu modelin \u00fczerine gitmek yerine mevcut sistemi kal\u0131c\u0131la\u015ft\u0131rmak hatta daha derinle\u015ftirmekten s\u00f6z ediyor.<\/div>\n<div>Yani ne diyor: Kumar, kad\u0131n ticareti, uyu\u015fturucu, kara para gibi mafyatik pis i\u015fler devam edecek! Halk; tan\u0131nmam\u0131\u015fl\u0131ktan kaynaklanan sorunlarla ya\u015famaya al\u0131\u015facak. AB\u2019ye de s\u0131cak bak\u0131lmayacak. \u00c7\u00fcnk\u00fc tasarlanan sistemin AB i\u00e7erisinde yeri yok.<\/div>\n<div>Hatta t\u00fcm bunlar\u0131n \u201corada\u201d su\u00e7 olmak tehlikesi var&#8230;<\/div>\n<div>\u0130nsan\u0131 insan yapan ahlaki ve etik de\u011ferlerin yerle bir oldu\u011fu bu ortamda daha ne s\u00f6ylenebilir ki? Diye soruyor insan kendi kendine&#8230;<\/div>\n<div>Derken muhalefet partileri \u00e7\u0131k\u0131yor kar\u015f\u0131m\u0131za&#8230;<\/div>\n<div>\u00d6nce bir miktar soka\u011fa g\u00f6z k\u0131rp\u0131yor bu partiler.<\/div>\n<div>Daha sonra t\u00fcm bu ya\u015fananlara ra\u011fmen sorunun sadece ki\u015filerden ibaret oldu\u011fu alg\u0131s\u0131 yarat\u0131lmak isteniyor.<\/div>\n<div>Kirlenen bu yap\u0131, bedel \u00f6demeden -ve \u00f6detmeden- meyhane masalar\u0131nda kurulan ili\u015fkilerle, on y\u0131llard\u0131r bitmek bilmeyen, \u201cbu se\u00e7im son \u015fans\u0131m\u0131z biz se\u00e7ilmezsek bitti art\u0131k\u201d gibi mutlak ifadelerle normalle\u015ftirip has\u0131r alt\u0131 ediliyor. Onlar kalks\u0131n yerine biz otural\u0131m, ki\u015filikli siyaset, omurgas\u0131 olan temiz bir yap\u0131yla bu sorunlar\u0131 \u201c\u00e7\u00f6zeriz\u201d diyorlar.<\/div>\n<div>Sisteme yak\u0131n ama ger\u00e7eklikten uzak bu anlay\u0131\u015f ile nereye kadar gidilir ki?<\/div>\n<div>Bu noktada karar vermek gerekiyor.<\/div>\n<div>Art\u0131k halk\u0131n ger\u00e7ek sorunlar\u0131na e\u011filerek, krizin bedelini servet vergisi ile zenginlerden soran; emek\u00e7ilerin sorunlar\u0131 \u00f6rg\u00fctl\u00fc g\u00fc\u00e7 ile sendikala\u015fmada arayan; kad\u0131n \u00f6zg\u00fcrle\u015fmesi, do\u011fan\u0131n talan\u0131 ve ekoloji gibi kritik meselelerde hi\u00e7bir \u00e7ekinceye yer vermeyen \u00f6rg\u00fctl\u00fc yap\u0131ya do\u011fru bakmak gerekiyor.<\/div>\n<div>O yap\u0131 her kritik virajda sokakta halk\u0131n yan\u0131ndad\u0131r.<\/div>\n<div>O nedenle bu se\u00e7in bu se\u00e7im sand\u0131\u011fa bakarak de\u011fil, soka\u011fa bak\u0131larak yap\u0131lmal\u0131.<\/div>\n<div>Evet! \u015eimdi se\u00e7im zaman\u0131&#8230;<\/div>\n<div>Nereye bak\u0131yoruz?<\/div>\n","protected":false},"excerpt":{"rendered":"<p>Zor g\u00fcnlerden ge\u00e7iyoruz. G\u00fcnl\u00fck dertlerimiz artarak devam ediyor. \u00d6ylesine s\u0131k\u0131nt\u0131l\u0131 bir d\u00f6nemden ge\u00e7iyoruz ki, hayat\u0131m\u0131za yeni giren Covid-19 pandemisine ve maske-mesafe-hijyen kurallar\u0131na dahi al\u0131\u015ft\u0131k. Ama<\/p>\n","protected":false},"author":9,"featured_media":8438,"comment_status":"open","ping_status":"open","sticky":false,"template":"","format":"standard","meta":{"jetpack_post_was_ever_published":false,"_jetpack_newsletter_access":"","_jetpack_newsletter_tier_id":0,"jetpack_publicize_message":"","jetpack_is_tweetstorm":false,"jetpack_publicize_feature_enabled":true,"jetpack_social_post_already_shared":true,"jetpack_social_options":{"image_generator_settings":{"template":"highway","enabled":false}}},"categories":[44,38,9,42,1,39],"tags":[],"jetpack_publicize_connections":[],"jetpack_featured_media_url":"https:\/\/baraka.cc\/wp-content\/uploads\/2021\/10\/AD236E55-E0E6-4A3C-957F-474CBF4C380F.jpeg","jetpack_shortlink":"https:\/\/wp.me\/p4eHWX-2d0","jetpack_sharing_enabled":true,"_links":{"self":[{"href":"https:\/\/baraka.cc\/index.php?rest_route=\/wp\/v2\/posts\/8494"}],"collection":[{"href":"https:\/\/baraka.cc\/index.php?rest_route=\/wp\/v2\/posts"}],"about":[{"href":"https:\/\/baraka.cc\/index.php?rest_route=\/wp\/v2\/types\/post"}],"author":[{"embeddable":true,"href":"https:\/\/baraka.cc\/index.php?rest_route=\/wp\/v2\/users\/9"}],"replies":[{"embeddable":true,"href":"https:\/\/baraka.cc\/index.php?rest_route=%2Fwp%2Fv2%2Fcomments&post=8494"}],"version-history":[{"count":1,"href":"https:\/\/baraka.cc\/index.php?rest_route=\/wp\/v2\/posts\/8494\/revisions"}],"predecessor-version":[{"id":8495,"href":"https:\/\/baraka.cc\/index.php?rest_route=\/wp\/v2\/posts\/8494\/revisions\/8495"}],"wp:featuredmedia":[{"embeddable":true,"href":"https:\/\/baraka.cc\/index.php?rest_route=\/wp\/v2\/media\/8438"}],"wp:attachment":[{"href":"https:\/\/baraka.cc\/index.php?rest_route=%2Fwp%2Fv2%2Fmedia&parent=8494"}],"wp:term":[{"taxonomy":"category","embeddable":true,"href":"https:\/\/baraka.cc\/index.php?rest_route=%2Fwp%2Fv2%2Fcategories&post=8494"},{"taxonomy":"post_tag","embeddable":true,"href":"https:\/\/baraka.cc\/index.php?rest_route=%2Fwp%2Fv2%2Ftags&post=8494"}],"curies":[{"name":"wp","href":"https:\/\/api.w.org\/{rel}","templated":true}]}}