{"id":8503,"date":"2021-12-03T11:39:29","date_gmt":"2021-12-03T09:39:29","guid":{"rendered":"https:\/\/baraka.cc\/?p=8503"},"modified":"2021-12-03T11:39:29","modified_gmt":"2021-12-03T09:39:29","slug":"25-kasimda-sokaklar-haykirdi-saray-degil-siginmaevi","status":"publish","type":"post","link":"https:\/\/baraka.cc\/?p=8503","title":{"rendered":"25 Kas\u0131m&#8217;da Sokaklar Hayk\u0131rd\u0131: &#8220;Saray De\u011fil S\u0131\u011f\u0131nmaevi&#8221;"},"content":{"rendered":"<p>Baraka K\u00fclt\u00fcr Merkezi, 25 Kas\u0131m Kad\u0131na Y\u00f6nelik \u015eiddetle M\u00fccadele G\u00fcn\u00fc\u2019nde yine sokaktayd\u0131. Kad\u0131n E\u011fitimi Koleketifi\u2019nin \u00e7a\u011fr\u0131s\u0131yla bir araya gelen \u00e7e\u015fitli \u00f6rg\u00fctlerin ve kad\u0131na \u015fiddete tepkili ki\u015filerin kat\u0131ld\u0131\u011f\u0131 eylemde ortak pankart \u201cKad\u0131nlar Yolsulla\u015fmaya, Muhafazakarla\u015ft\u0131rmaya, \u015eiddete Kar\u015f\u0131 Y\u00fcr\u00fcyor\u201d \u015feklindeydi. 18.00\u2019de Dereboyu Kumsal park\u0131 giri\u015fi \u00f6n\u00fcnde toplanan kalabal\u0131k ortak bas\u0131n a\u00e7\u0131klamas\u0131n\u0131n okunmas\u0131n\u0131n ard\u0131ndan 18.30\u2019da Meclise y\u00fcr\u00fcyerek, cadde boyunca y\u00fcr\u00fcyerek kad\u0131na \u015fiddete kar\u015f\u0131 sloganlar att\u0131. \u201cKad\u0131n cinayetleri politiktir\u201d, \u201c\u015eiddet her yerde devlet nerede?\u201d, \u201cErkek vuruyor devlet koruyor\u201d, \u201cCami de\u011fil s\u0131\u011f\u0131nma evi\u201d, \u201cDevletin g\u00f6revi s\u0131\u011f\u0131nma evi\u201d, \u201cGelsin baba, gelsin koca, gelsin patron, gelsin devlet, inad\u0131na isyan inad\u0131na \u00f6zg\u00fcrl\u00fck\u201d, \u201cKad\u0131nlar \u00f6zg\u00fcr olsa d\u00fcnya yerinden oynar\u201d gibi sloganlar y\u00fckselirken, y\u00fcr\u00fcy\u00fc\u015f Meclis \u00f6n\u00fcnde yap\u0131lan konu\u015fma ve b\u0131rak\u0131lan \u201cKad\u0131nlar Ne \u0130stiyor\u201d adl\u0131 d\u00f6vizden sonra sona erdi.<\/p>\n<p>Bas\u0131n a\u00e7\u0131klamas\u0131n\u0131n tam metni \u015fu \u015fekildedir;<\/p>\n<p>&#8221;<\/p>\n<p>Bug\u00fcn 25 Kas\u0131m! Kad\u0131na Y\u00f6nelik \u015eiddetle M\u00fccadele G\u00fcn\u00fc!<br \/>\nBug\u00fcn bizler YOKSULLU\u011eA, MUHAFAZAKARLA\u015eTIRMAYA ve \u015e\u0130DDETE kar\u015f\u0131 sokaktay\u0131z!<br \/>\nEkmekten s\u00fcte, t\u00fcpgazdan benzine zamlar\u0131n her ge\u00e7en g\u00fcn \u00fcst\u00fcm\u00fcze ya\u011fd\u0131\u011f\u0131, markete her gidi\u015fimizde fiyatlar\u0131n daha artt\u0131\u011f\u0131 bitmek bilmeyen bir krizin ortas\u0131nday\u0131z. Hayat giderek pahal\u0131la\u015f\u0131rken eme\u011fimizin ucuzlad\u0131\u011f\u0131 bu d\u00fczene isyan etmek i\u00e7in bug\u00fcn sokaktay\u0131z! Patronlar daha da zenginle\u015firken bizlerin s\u0131rt\u0131ndaki ge\u00e7im y\u00fck\u00fcn\u00fcn ta\u015f\u0131nmaz hale getirilmesinden isyanday\u0131z. Bizler g\u00fcnden g\u00fcne yoksulla\u015ft\u0131r\u0131larak \u015fiddete u\u011frayanlar\u0131z. Bizler bankadaki kredi borcunu \u00f6demeyen ama devletten alacakl\u0131 olanlar\u0131z.<br \/>\nEkonomik krizin en \u00e7ok etkiledi\u011fi kesim olan biz emek\u00e7i kad\u0131nlar\u0131z. Bu y\u00fczden biz bug\u00fcn emek\u00e7iyi, esnaf\u0131, serbest \u00e7al\u0131\u015fan\u0131, \u00f6\u011frenciyi, i\u015fsizi korumayan, patronlardan taraf olan, mafyayla karanl\u0131k ili\u015fkisi olan h\u00fck\u00fcmet edenlere kar\u015f\u0131 sokaktay\u0131z.<br \/>\nKav\u015fak ba\u015flar\u0131nda t\u00fcreyen camiler \u00e7o\u011fal\u0131rken devlet taraf\u0131ndan tek s\u0131\u011f\u0131nma evi kurulmad\u0131\u011f\u0131ndan buraday\u0131z! Sosyal Hizmetlere b\u00fct\u00e7e ayr\u0131lmazken, personel ihtiyac\u0131 giderilmezken Din \u0130\u015fleri Dairesi kadrosunun geni\u015fletilmesinden rahats\u0131z\u0131z. \u00c7\u00fcnk\u00fc biliyoruz ki, \u00fclkemizde muhafazakarla\u015ft\u0131rman\u0131n t\u0131rmand\u0131r\u0131lmas\u0131, kad\u0131nlar\u0131n eme\u011finin, bedeninin, benli\u011finin \u00fczerindeki bask\u0131y\u0131 \u00e7o\u011faltacakt\u0131r. Kad\u0131na y\u00f6nelik \u015fiddeti \u00f6nleyici ve kad\u0131nlar\u0131 \u015fiddetten korucuyu \u00f6nlemler al\u0131nmazken gericili\u011fin evde, i\u015fte, sokakta \u00e7o\u011falmas\u0131 biz kad\u0131nlar\u0131 \u015fiddete a\u00e7\u0131k hale getirecektir.<br \/>\nBizler dinsel gericili\u011fin ve muhafazakarla\u015ft\u0131rman\u0131n kar\u015f\u0131s\u0131nda duruyor ve h\u00fck\u00fcmet edenlerin y\u00fcz\u00fcne s\u00f6yl\u00fcyoruz: Kad\u0131nlar olarak bu \u00fclkede yobazl\u0131\u011fa ge\u00e7it verecek de\u011filiz! \u00dclkemize dayat\u0131lan Sunni \u0130slamla\u015ft\u0131rma politikalar\u0131na boyun e\u011fmeyece\u011fiz!<br \/>\nDevletin kad\u0131nlar\u0131 ve \u00e7ocuklar\u0131 \u015fiddetten koruyucu bir mekanizmas\u0131 yokken pandemi nedeniyle evlere kapat\u0131ld\u0131k. Ne yeyip i\u00e7ti\u011fimizi, nas\u0131l ge\u00e7indi\u011fimizi umursamayan h\u00fck\u00fcmet, evde \u015fiddete u\u011frar m\u0131y\u0131z diye de umursamad\u0131. Ev i\u00e7i \u015fiddet olaylar\u0131 \u00e7o\u011fald\u0131, \u00e7ocuk istismar\u0131 vakalar\u0131 artt\u0131. \u00c7ocuklara uzaktan e\u011fitim ad\u0131yla e\u011fitime uzak b\u0131rakan devlet, kad\u0131nlar\u0131n s\u0131rt\u0131na y\u00fcklenen ge\u00e7im derdiyle beraber bak\u0131m y\u00fck\u00fcn\u00fc de ta\u015f\u0131nmaz hale getirdi.<br \/>\nD\u00f6viz ba\u015f\u0131n\u0131 al\u0131p giderken kiralar denetim alt\u0131na al\u0131nmad\u0131. Bir\u00e7ok g\u00f6\u00e7men emek\u00e7i kad\u0131n patronlar\u0131 y\u00fcz\u00fcnden ka\u00e7ak duruma d\u00fc\u015ferken s\u0131n\u0131rd\u0131\u015f\u0131 tehdidiyle y\u00fcz y\u00fcze kald\u0131. \u0130\u015fssizlik maa\u015f\u0131 d\u00fc\u015f\u00fcr\u00fcld\u00fc. Tam \u00e7al\u0131\u015ft\u0131\u011f\u0131m\u0131z halde maa\u015flar\u0131m\u0131z eksik \u00f6dendi. Ev hizmetlerinde \u00e7al\u0131\u015ft\u0131r\u0131lan kad\u0131nlar kar\u0131n toklu\u011funa \u00e7al\u0131\u015ft\u0131\u011f\u0131 evde kalmaya muhta\u00e7 b\u0131rak\u0131ld\u0131. Gece kul\u00fcpleri maske-mesafe kurallar\u0131n\u0131n uygulanmad\u0131\u011f\u0131 a\u015fikar pandemi ko\u015fullar\u0131ndayken bile kapat\u0131lmad\u0131. Gece kul\u00fcplerinde \u00e7al\u0131\u015ft\u0131r\u0131lan kad\u0131nlar bu s\u00fcre\u00e7te daha fazla \u015fiddette ve bask\u0131ya maruz kald\u0131.<br \/>\nKad\u0131na y\u00f6nelik ekonomik ba\u015fta olmak \u00fczere, psikolojik, fiziksel, cinsel \u015fiddet, taciz ve mobbing artarken \u015fiddet \u00f6nleme merkezleri kurulmad\u0131. S\u0131\u011f\u0131nma evleri a\u00e7\u0131lmad\u0131. Soruyoruz, bizi koruyacak hi\u00e7bir \u00f6nlem almam\u0131\u015fken bug\u00fcn hangi y\u00fczle \u00e7\u0131k\u0131p kad\u0131na y\u00f6nelik \u015fiddeti k\u0131nayan mesajlar veriyorsunuz? Hangi y\u00fczle kad\u0131nlar\u0131n toplum i\u00e7indeki \u00f6nemini vurguluyorsunuz? H\u00fck\u00fcmet edenlere soruyoruz? Siz kad\u0131nlar\u0131 \u015fiddetten korumak i\u00e7in ne yapt\u0131n\u0131z ki bug\u00fcn a\u011fz\u0131n\u0131z\u0131 a\u00e7\u0131p konu\u015facak y\u00fcz\u00fc kendinizde buluyorsunuz.<br \/>\nKad\u0131nlar\u0131 koruyucu yasalar\u0131 \u00fcretmeyen, gerici yasalar\u0131 de\u011fi\u015ftirmeyen vekiller, el birli\u011fi ile sosyal hizmetleri i\u015flevsiztirmeye gelmi\u015f ge\u00e7mi\u015f h\u00fck\u00fcmetler, kad\u0131n eme\u011fini s\u00f6m\u00fcr\u00fcrken \u015fiddet kar\u015f\u0131t\u0131 kampanyalara sponsor olan \u015firketler&#8230; Sizler en az evde, sokakta kad\u0131na \u015fiddet uygulayan bireyler kadar, hatta daha fazla i\u00e7inde bulundu\u011fumuz emek d\u00fc\u015fman\u0131 cinsiyet\u00e7i rejimden sorumlusunuz!<br \/>\nBug\u00fcn YOKSULLU\u011eA, MUHAFAZAKARLA\u015eTIRMAYA ve \u015e\u0130DDETE kar\u015f\u0131 sokaktay\u0131z!<\/p>\n<p>\u0130ster Bakan, ister koca, ister patron, ister hoca olun \u015fiddete u\u011frayan her kad\u0131n\u0131n hesab\u0131n\u0131 tek tek soraca\u011f\u0131z!<br \/>\nG\u00f6\u00e7men, i\u015f\u00e7i, \u00f6\u011frenci, seks k\u00f6lesi, ev emek\u00e7isi, i\u015fsiz fark etmeksizin t\u00fcm k\u0131z karde\u015flerimiz \u015fiddetten kurtulana dek yakan\u0131za yap\u0131\u015faca\u011f\u0131z.<br \/>\nKurtulu\u015f yok tek ba\u015f\u0131na, ya hep beraber ya hi\u00e7birimiz!<br \/>\nYa\u015fas\u0131n 25 Kas\u0131m, Ya\u015fas\u0131n \u00d6rg\u00fctl\u00fc Kad\u0131n M\u00fccadelesi!<\/p>\n<p>25 Kas\u0131m Organizasyon Komitesi: Kad\u0131n E\u011fitimi Kolektifi, Alevi K\u00fclt\u00fcr Merkezi Kad\u0131n Komisyonu, Baraka K\u00fclt\u00fcr Merkezi, Ba\u011f\u0131ms\u0131zl\u0131k Yolu, BASIN-SEN, G\u00dc\u00c7-SEN, HAK-SEN&#8221;<\/p>\n<p><a href=\"https:\/\/baraka.cc\/wp-content\/uploads\/2021\/12\/1.jpg\"><img decoding=\"async\" loading=\"lazy\" class=\"alignnone size-medium wp-image-8504\" alt=\"1\" src=\"https:\/\/baraka.cc\/wp-content\/uploads\/2021\/12\/1-300x135.jpg\" width=\"300\" height=\"135\" srcset=\"https:\/\/baraka.cc\/wp-content\/uploads\/2021\/12\/1-300x135.jpg 300w, https:\/\/baraka.cc\/wp-content\/uploads\/2021\/12\/1.jpg 820w\" sizes=\"(max-width: 300px) 100vw, 300px\" \/><\/a> <a href=\"https:\/\/baraka.cc\/wp-content\/uploads\/2021\/12\/2.jpg\"><img decoding=\"async\" loading=\"lazy\" class=\"alignnone size-medium wp-image-8505\" alt=\"2\" src=\"https:\/\/baraka.cc\/wp-content\/uploads\/2021\/12\/2-300x135.jpg\" width=\"300\" height=\"135\" srcset=\"https:\/\/baraka.cc\/wp-content\/uploads\/2021\/12\/2-300x135.jpg 300w, https:\/\/baraka.cc\/wp-content\/uploads\/2021\/12\/2.jpg 870w\" sizes=\"(max-width: 300px) 100vw, 300px\" \/><\/a> <a href=\"https:\/\/baraka.cc\/wp-content\/uploads\/2021\/12\/3.jpg\"><img decoding=\"async\" loading=\"lazy\" class=\"alignnone size-medium wp-image-8506\" alt=\"3\" src=\"https:\/\/baraka.cc\/wp-content\/uploads\/2021\/12\/3-300x135.jpg\" width=\"300\" height=\"135\" srcset=\"https:\/\/baraka.cc\/wp-content\/uploads\/2021\/12\/3-300x135.jpg 300w, https:\/\/baraka.cc\/wp-content\/uploads\/2021\/12\/3.jpg 870w\" sizes=\"(max-width: 300px) 100vw, 300px\" \/><\/a> <a href=\"https:\/\/baraka.cc\/wp-content\/uploads\/2021\/12\/4.jpg\"><img decoding=\"async\" loading=\"lazy\" class=\"alignnone size-medium wp-image-8507\" alt=\"4\" src=\"https:\/\/baraka.cc\/wp-content\/uploads\/2021\/12\/4-300x135.jpg\" width=\"300\" height=\"135\" srcset=\"https:\/\/baraka.cc\/wp-content\/uploads\/2021\/12\/4-300x135.jpg 300w, https:\/\/baraka.cc\/wp-content\/uploads\/2021\/12\/4.jpg 870w\" sizes=\"(max-width: 300px) 100vw, 300px\" \/><\/a> <a href=\"https:\/\/baraka.cc\/wp-content\/uploads\/2021\/12\/5.jpg\"><img decoding=\"async\" loading=\"lazy\" class=\"alignnone size-medium wp-image-8508\" alt=\"5\" src=\"https:\/\/baraka.cc\/wp-content\/uploads\/2021\/12\/5-300x135.jpg\" width=\"300\" height=\"135\" srcset=\"https:\/\/baraka.cc\/wp-content\/uploads\/2021\/12\/5-300x135.jpg 300w, https:\/\/baraka.cc\/wp-content\/uploads\/2021\/12\/5.jpg 820w\" sizes=\"(max-width: 300px) 100vw, 300px\" \/><\/a> <a href=\"https:\/\/baraka.cc\/wp-content\/uploads\/2021\/12\/6.jpg\"><img decoding=\"async\" loading=\"lazy\" class=\"alignnone size-medium wp-image-8509\" alt=\"6\" src=\"https:\/\/baraka.cc\/wp-content\/uploads\/2021\/12\/6-300x135.jpg\" width=\"300\" height=\"135\" srcset=\"https:\/\/baraka.cc\/wp-content\/uploads\/2021\/12\/6-300x135.jpg 300w, https:\/\/baraka.cc\/wp-content\/uploads\/2021\/12\/6.jpg 820w\" sizes=\"(max-width: 300px) 100vw, 300px\" \/><\/a> <a href=\"https:\/\/baraka.cc\/wp-content\/uploads\/2021\/12\/7.jpg\"><img decoding=\"async\" loading=\"lazy\" class=\"alignnone size-medium wp-image-8510\" alt=\"7\" src=\"https:\/\/baraka.cc\/wp-content\/uploads\/2021\/12\/7-300x135.jpg\" width=\"300\" height=\"135\" srcset=\"https:\/\/baraka.cc\/wp-content\/uploads\/2021\/12\/7-300x135.jpg 300w, https:\/\/baraka.cc\/wp-content\/uploads\/2021\/12\/7.jpg 820w\" sizes=\"(max-width: 300px) 100vw, 300px\" \/><\/a> <a href=\"https:\/\/baraka.cc\/wp-content\/uploads\/2021\/12\/8.jpg\"><img decoding=\"async\" loading=\"lazy\" class=\"alignnone size-medium wp-image-8511\" alt=\"8\" src=\"https:\/\/baraka.cc\/wp-content\/uploads\/2021\/12\/8-300x135.jpg\" width=\"300\" height=\"135\" srcset=\"https:\/\/baraka.cc\/wp-content\/uploads\/2021\/12\/8-300x135.jpg 300w, https:\/\/baraka.cc\/wp-content\/uploads\/2021\/12\/8.jpg 820w\" sizes=\"(max-width: 300px) 100vw, 300px\" \/><\/a> <a href=\"https:\/\/baraka.cc\/wp-content\/uploads\/2021\/12\/9.jpg\"><img decoding=\"async\" loading=\"lazy\" class=\"alignnone size-medium wp-image-8512\" alt=\"9\" src=\"https:\/\/baraka.cc\/wp-content\/uploads\/2021\/12\/9-300x135.jpg\" width=\"300\" height=\"135\" srcset=\"https:\/\/baraka.cc\/wp-content\/uploads\/2021\/12\/9-300x135.jpg 300w, https:\/\/baraka.cc\/wp-content\/uploads\/2021\/12\/9.jpg 820w\" sizes=\"(max-width: 300px) 100vw, 300px\" \/><\/a> <a href=\"https:\/\/baraka.cc\/wp-content\/uploads\/2021\/12\/10.jpg\"><img decoding=\"async\" loading=\"lazy\" class=\"alignnone size-medium wp-image-8513\" alt=\"10\" src=\"https:\/\/baraka.cc\/wp-content\/uploads\/2021\/12\/10-300x135.jpg\" width=\"300\" height=\"135\" srcset=\"https:\/\/baraka.cc\/wp-content\/uploads\/2021\/12\/10-300x135.jpg 300w, https:\/\/baraka.cc\/wp-content\/uploads\/2021\/12\/10.jpg 820w\" sizes=\"(max-width: 300px) 100vw, 300px\" \/><\/a> <a href=\"https:\/\/baraka.cc\/wp-content\/uploads\/2021\/12\/11.jpg\"><img decoding=\"async\" loading=\"lazy\" class=\"alignnone size-medium wp-image-8514\" alt=\"11\" src=\"https:\/\/baraka.cc\/wp-content\/uploads\/2021\/12\/11-300x135.jpg\" width=\"300\" height=\"135\" srcset=\"https:\/\/baraka.cc\/wp-content\/uploads\/2021\/12\/11-300x135.jpg 300w, https:\/\/baraka.cc\/wp-content\/uploads\/2021\/12\/11.jpg 870w\" sizes=\"(max-width: 300px) 100vw, 300px\" \/><\/a> <a href=\"https:\/\/baraka.cc\/wp-content\/uploads\/2021\/12\/12.jpg\"><img decoding=\"async\" loading=\"lazy\" class=\"alignnone size-medium wp-image-8515\" alt=\"12\" src=\"https:\/\/baraka.cc\/wp-content\/uploads\/2021\/12\/12-300x135.jpg\" width=\"300\" height=\"135\" srcset=\"https:\/\/baraka.cc\/wp-content\/uploads\/2021\/12\/12-300x135.jpg 300w, https:\/\/baraka.cc\/wp-content\/uploads\/2021\/12\/12.jpg 820w\" sizes=\"(max-width: 300px) 100vw, 300px\" \/><\/a><\/p>\n","protected":false},"excerpt":{"rendered":"<p>Baraka K\u00fclt\u00fcr Merkezi, 25 Kas\u0131m Kad\u0131na Y\u00f6nelik \u015eiddetle M\u00fccadele G\u00fcn\u00fc\u2019nde yine sokaktayd\u0131. Kad\u0131n E\u011fitimi Koleketifi\u2019nin \u00e7a\u011fr\u0131s\u0131yla bir araya gelen \u00e7e\u015fitli \u00f6rg\u00fctlerin ve kad\u0131na \u015fiddete tepkili<\/p>\n","protected":false},"author":9,"featured_media":0,"comment_status":"open","ping_status":"open","sticky":false,"template":"","format":"standard","meta":{"jetpack_post_was_ever_published":false,"_jetpack_newsletter_access":"","_jetpack_newsletter_tier_id":0,"jetpack_publicize_message":"","jetpack_is_tweetstorm":false,"jetpack_publicize_feature_enabled":true,"jetpack_social_post_already_shared":true,"jetpack_social_options":{"image_generator_settings":{"template":"highway","enabled":false}}},"categories":[72,47,9,1],"tags":[],"jetpack_publicize_connections":[],"jetpack_featured_media_url":"","jetpack_shortlink":"https:\/\/wp.me\/p4eHWX-2d9","jetpack_sharing_enabled":true,"_links":{"self":[{"href":"https:\/\/baraka.cc\/index.php?rest_route=\/wp\/v2\/posts\/8503"}],"collection":[{"href":"https:\/\/baraka.cc\/index.php?rest_route=\/wp\/v2\/posts"}],"about":[{"href":"https:\/\/baraka.cc\/index.php?rest_route=\/wp\/v2\/types\/post"}],"author":[{"embeddable":true,"href":"https:\/\/baraka.cc\/index.php?rest_route=\/wp\/v2\/users\/9"}],"replies":[{"embeddable":true,"href":"https:\/\/baraka.cc\/index.php?rest_route=%2Fwp%2Fv2%2Fcomments&post=8503"}],"version-history":[{"count":1,"href":"https:\/\/baraka.cc\/index.php?rest_route=\/wp\/v2\/posts\/8503\/revisions"}],"predecessor-version":[{"id":8516,"href":"https:\/\/baraka.cc\/index.php?rest_route=\/wp\/v2\/posts\/8503\/revisions\/8516"}],"wp:attachment":[{"href":"https:\/\/baraka.cc\/index.php?rest_route=%2Fwp%2Fv2%2Fmedia&parent=8503"}],"wp:term":[{"taxonomy":"category","embeddable":true,"href":"https:\/\/baraka.cc\/index.php?rest_route=%2Fwp%2Fv2%2Fcategories&post=8503"},{"taxonomy":"post_tag","embeddable":true,"href":"https:\/\/baraka.cc\/index.php?rest_route=%2Fwp%2Fv2%2Ftags&post=8503"}],"curies":[{"name":"wp","href":"https:\/\/api.w.org\/{rel}","templated":true}]}}