{"id":8517,"date":"2021-12-03T11:44:28","date_gmt":"2021-12-03T09:44:28","guid":{"rendered":"https:\/\/baraka.cc\/?p=8517"},"modified":"2021-12-03T11:44:28","modified_gmt":"2021-12-03T09:44:28","slug":"seninle-benim-aramda-engel-yok-pinar-piro","status":"publish","type":"post","link":"https:\/\/baraka.cc\/?p=8517","title":{"rendered":"SEN\u0130NLE BEN\u0130M ARAMDA ENGEL YOK &#8211; PINAR P\u0130RO"},"content":{"rendered":"<p>Bug\u00fcn, 3 Aral\u0131k D\u00fcnya Engelliler G\u00fcn\u00fc. Yani, d\u00fcnyan\u0131n d\u00f6rt bir yan\u0131nda engelli bireylere y\u00f6nelik etkinliklerin d\u00fczenlendi\u011fi g\u00fcn. Elbette ki bu etkinliklerden baz\u0131lar\u0131 engelli bireylerin bizzat kendileri i\u00e7in d\u00fczenlenirken bir k\u0131s\u0131m etkinlik de engelli olmayan bireylerin fark\u0131ndal\u0131klar\u0131n\u0131 art\u0131rmak i\u00e7in d\u00fczenleniyor. Ve pek tabii ki bu etkinliklerin bir \u00e7o\u011fu da sadece reklam amac\u0131 ile yap\u0131l\u0131yor. Yani bir\u00e7ok organizat\u00f6r ve kat\u0131l\u0131mc\u0131 i\u00e7in 4 Aral\u0131k, 2 Aral\u0131k\u2019tan farkl\u0131 olmayacak. Firmalar \u00e7al\u0131\u015fan i\u015f\u00e7i al\u0131rken engelli bireyleri kabul etmeyecek. D\u00fckkan giri\u015flerinde ve i\u00e7 mekan d\u00fczenlemelerinde engelli bireyler d\u00fc\u015f\u00fcn\u00fclmeyecek. Restoranlarda m\u00fc\u015fteriler i\u00e7in braille alfabesi ile men\u00fc olmayacak veya hi\u00e7bir ma\u011faza i\u015faret dili bilen i\u015f\u00e7i \u00e7al\u0131\u015ft\u0131r\u0131lmayacak mesela. Halk\u0131 g\u00f6zetlemeyi kafas\u0131na takm\u0131\u015f devlet, g\u00f6rme engelli bireyleri hi\u00e7e sayarak oraya buraya mobese dire\u011fi dikecek, engelli ki\u015finin takip etmesini kolayla\u015ft\u0131racak \u00f6zel kald\u0131r\u0131m ta\u015f\u0131 kullanmayacak. Her engellinin yasal hakk\u0131 olmas\u0131 gereken \u00f6zel \u00f6denek bir t\u00fcrl\u00fc yarat\u0131lmayacak. Her okulda engelli \u00f6\u011frenci olma olas\u0131l\u0131\u011f\u0131n\u0131n \u00e7ok y\u00fcksek oldu\u011fu g\u00fcn\u00fcm\u00fczde, okullara \u00f6zel e\u011fitim \u00f6\u011fretmeni kontenjan\u0131 a\u00e7\u0131lmayacak, \u00f6\u011frenci kayna\u015ft\u0131rma e\u011fitimden mahrum b\u0131rak\u0131lacak, \u00fcstelik de bir\u00e7ok \u00f6zel e\u011fitim \u00f6\u011fretmeni i\u015fsizken. Engel sadece fiziksel d\u00fc\u015f\u00fcn\u00fclecek ve zihinsel engelli \u00e7ocuklar \u00e7ok a\u011f\u0131r bir engel ya\u015famad\u0131\u011f\u0131 s\u00fcrece g\u00f6rmezden gelinecek ve asl\u0131nda zihinsel yetisi olmayan bu \u00f6\u011frenciler tembel diye adland\u0131r\u0131lacak. Engelli bireylerin rehabilitasyonunun sa\u011flanaca\u011f\u0131 merkezler a\u00e7\u0131lmayacak, halihaz\u0131rda var olanlara ula\u015f\u0131m kolayla\u015fmayacak, alt yap\u0131lar\u0131 g\u00fc\u00e7lendirilmeyecek. Ve siz, engelliler i\u00e7in engel olmad\u0131\u011f\u0131n\u0131 d\u00fc\u015f\u00fcnen yeti\u015fkinler, belki de kendi \u00e7ocuklar\u0131n\u0131z\u0131 ayr\u0131\u015ft\u0131rmaya \u00e7al\u0131\u015f\u0131p, insanlar\u0131 \u00f6zelliklerinden dolay\u0131 \u00f6tekile\u015ftirmemeyi \u00f6\u011fretmeyeceksiniz. S\u0131n\u0131flara engelli \u00f6\u011frenci kabul etmek l\u00fctuf de\u011fil. \u00c7ocuklar\u0131m\u0131za ac\u0131ma duygusunu de\u011fil, insanlar\u0131 oldu\u011fu gibi kabul edip birlikte ya\u015fayabilme yetisini kazand\u0131rmay\u0131 hedeflemeliyiz. \u0130\u015f yerlerine daha ucuz i\u015f g\u00fcc\u00fc olarak g\u00f6rd\u00fc\u011f\u00fcm\u00fczden de\u011fil, sadece ge\u00e7inmek ve kendini ger\u00e7ekle\u015ftirmek i\u00e7in bir i\u015fe ihtiyac\u0131 olan herhangi bir insan gibi engelli bireyleri de e\u015fit ko\u015fullarda \u00e7al\u0131\u015fan olarak almal\u0131y\u0131z. Onlar\u0131n farkl\u0131 ihtiya\u00e7lar\u0131 olabilece\u011fini kabullenip bunu giderebilecekleri maddi destek ve \u00f6zel olarak d\u00fczenlenmi\u015f mekanlar yaratmal\u0131y\u0131z. \u00d6zellikle de engelli \u00e7ocuklar i\u00e7in verilen maddi deste\u011fin, \u00e7ocu\u011fun yarar\u0131na kullan\u0131p kullan\u0131lmad\u0131\u011f\u0131n\u0131 kontrol etmeliyiz. Engelli bireylerin en temel ihtiyac\u0131, toplum i\u00e7erisinde parmakla g\u00f6sterilmeden, bak\u0131\u015flar ka\u00e7\u0131r\u0131lmadan, merhamet duygusuyla yakla\u015f\u0131lmadan, \u00f6tekile\u015ftirilmeden, birey olarak var olabilmek. Yani onlar\u0131n engelleri ya\u015fam kalitelerini olumsuz etkiliyor olabilir ama toplum i\u00e7inde var olmalar\u0131 i\u00e7in engel olan insanlar\u0131n onlar i\u00e7in tak\u0131nd\u0131klar\u0131 tutumdur. Bunun i\u00e7in \u00f6nce kendi duygu ve d\u00fc\u015f\u00fcncelerimizi yeniden \u015fekillendirmekle ba\u015flamal\u0131y\u0131z. Engelli bir bireyle kar\u015f\u0131la\u015ft\u0131\u011f\u0131m\u0131zda, ona ge\u00e7mi\u015f olsun demekten vazge\u00e7meliyiz mesela, \u00e7\u00fcnk\u00fc ge\u00e7meyecektir. S\u00fcrekli yard\u0131ma muhta\u00e7m\u0131\u015flar hissi yaratmamak i\u00e7in, yard\u0131ma ihtiya\u00e7lar\u0131 olup olmad\u0131\u011f\u0131n\u0131 sormadan onlar i\u00e7in bir \u015fey yapmamal\u0131y\u0131z. Her insan\u0131n birbirinden farkl\u0131 oldu\u011funu akl\u0131m\u0131zda bulundurarak farkl\u0131l\u0131klar\u0131n\u0131n sebebini sorgulamay\u0131z. Her insan bir engelli aday\u0131d\u0131r d\u00fc\u015f\u00fcncemizden biran \u00f6nce kurtulmal\u0131y\u0131z, \u00e7\u00fcnk\u00fc engelli olmak bir tercih de\u011fildir, dolay\u0131s\u0131yla aday olunabilecek bir durum da de\u011fildir ve bu d\u00fc\u015f\u00fcnce bir korku unsuru haline gelmektedir. Bunlar\u0131n yan\u0131nda da, sadece bug\u00fcn de\u011fil her g\u00fcn engelli haklar\u0131 i\u00e7in birlikte m\u00fccadele etmeliyiz. Evde, i\u015fte, sokakta, bazen teker teker insanlarla tart\u0131\u015farak bazen de devlet denilen otoritenin sosyal devlet olmas\u0131 i\u00e7in topluca direnerek m\u00fccadele etmeliyiz.<\/p>\n","protected":false},"excerpt":{"rendered":"<p>Bug\u00fcn, 3 Aral\u0131k D\u00fcnya Engelliler G\u00fcn\u00fc. Yani, d\u00fcnyan\u0131n d\u00f6rt bir yan\u0131nda engelli bireylere y\u00f6nelik etkinliklerin d\u00fczenlendi\u011fi g\u00fcn. Elbette ki bu etkinliklerden baz\u0131lar\u0131 engelli bireylerin bizzat<\/p>\n","protected":false},"author":9,"featured_media":8518,"comment_status":"open","ping_status":"open","sticky":false,"template":"","format":"standard","meta":{"jetpack_post_was_ever_published":false,"_jetpack_newsletter_access":"","_jetpack_newsletter_tier_id":0,"jetpack_publicize_message":"","jetpack_is_tweetstorm":false,"jetpack_publicize_feature_enabled":true,"jetpack_social_post_already_shared":true,"jetpack_social_options":{"image_generator_settings":{"template":"highway","enabled":false}}},"categories":[44,38,9,42,1,39],"tags":[],"jetpack_publicize_connections":[],"jetpack_featured_media_url":"https:\/\/baraka.cc\/wp-content\/uploads\/2021\/12\/263574238_599292228016310_1078442938051333208_n.jpg","jetpack_shortlink":"https:\/\/wp.me\/p4eHWX-2dn","jetpack_sharing_enabled":true,"_links":{"self":[{"href":"https:\/\/baraka.cc\/index.php?rest_route=\/wp\/v2\/posts\/8517"}],"collection":[{"href":"https:\/\/baraka.cc\/index.php?rest_route=\/wp\/v2\/posts"}],"about":[{"href":"https:\/\/baraka.cc\/index.php?rest_route=\/wp\/v2\/types\/post"}],"author":[{"embeddable":true,"href":"https:\/\/baraka.cc\/index.php?rest_route=\/wp\/v2\/users\/9"}],"replies":[{"embeddable":true,"href":"https:\/\/baraka.cc\/index.php?rest_route=%2Fwp%2Fv2%2Fcomments&post=8517"}],"version-history":[{"count":2,"href":"https:\/\/baraka.cc\/index.php?rest_route=\/wp\/v2\/posts\/8517\/revisions"}],"predecessor-version":[{"id":8520,"href":"https:\/\/baraka.cc\/index.php?rest_route=\/wp\/v2\/posts\/8517\/revisions\/8520"}],"wp:featuredmedia":[{"embeddable":true,"href":"https:\/\/baraka.cc\/index.php?rest_route=\/wp\/v2\/media\/8518"}],"wp:attachment":[{"href":"https:\/\/baraka.cc\/index.php?rest_route=%2Fwp%2Fv2%2Fmedia&parent=8517"}],"wp:term":[{"taxonomy":"category","embeddable":true,"href":"https:\/\/baraka.cc\/index.php?rest_route=%2Fwp%2Fv2%2Fcategories&post=8517"},{"taxonomy":"post_tag","embeddable":true,"href":"https:\/\/baraka.cc\/index.php?rest_route=%2Fwp%2Fv2%2Ftags&post=8517"}],"curies":[{"name":"wp","href":"https:\/\/api.w.org\/{rel}","templated":true}]}}