{"id":8523,"date":"2021-12-03T14:03:22","date_gmt":"2021-12-03T12:03:22","guid":{"rendered":"https:\/\/baraka.cc\/?p=8523"},"modified":"2021-12-03T14:03:22","modified_gmt":"2021-12-03T12:03:22","slug":"izle-tartis-cocuklari-cagiriyor","status":"publish","type":"post","link":"https:\/\/baraka.cc\/?p=8523","title":{"rendered":"\u0130ZLE-TARTI\u015e \u00c7OCUKLARI \u00c7A\u011eIRIYOR"},"content":{"rendered":"<p><a href=\"https:\/\/baraka.cc\/wp-content\/uploads\/2021\/12\/COCUKFILMI2.jpg\"><img decoding=\"async\" loading=\"lazy\" src=\"https:\/\/baraka.cc\/wp-content\/uploads\/2021\/12\/COCUKFILMI2-212x300.jpg\" alt=\"COCUKFILMI2\" width=\"212\" height=\"300\" class=\"alignnone size-medium wp-image-8525\" srcset=\"https:\/\/baraka.cc\/wp-content\/uploads\/2021\/12\/COCUKFILMI2-212x300.jpg 212w, https:\/\/baraka.cc\/wp-content\/uploads\/2021\/12\/COCUKFILMI2-724x1024.jpg 724w, https:\/\/baraka.cc\/wp-content\/uploads\/2021\/12\/COCUKFILMI2.jpg 1448w\" sizes=\"(max-width: 212px) 100vw, 212px\" \/><\/a>Baraka K\u00fclt\u00fcr Merkezi\u2019nin her ay ger\u00e7ekle\u015ftirdi\u011fi \u0130zle-Tart\u0131\u015f etkinli\u011fi bu kez \u00e7ocuklar ve yeti\u015fkinlerin birlikte izleyece\u011fi iki k\u0131sa animasyon filme yer veriyor.<br \/>\nAral\u0131k ay\u0131n\u0131n ilk Cumartesi ak\u015fam\u0131 ger\u00e7ekle\u015fecek olan etkinlikte 2011 yap\u0131m\u0131 \u201c\u015eirinler; Bir Y\u0131lba\u015f\u0131 \u015eark\u0131s\u0131\u201d isimli k\u0131sa film ve 1982 yap\u0131m\u0131 \u201cKardan Adam\u201d isimli animasyon izlenecek.<\/p>\n<p>\u015eirinler: Bir Y\u0131lba\u015f\u0131 \u015eark\u0131s\u0131 Film Konusu<br \/>\nMutlu \u015eirin Y\u0131llar! \u015eirinler k\u00f6y\u00fcnde yeni y\u0131l zaman\u0131! Bu t\u00fcm \u015eirinler i\u00e7in y\u0131l\u0131n en e\u011flenceli zaman\u0131 demek. Biri hari\u00e7: Tabi ki Huysuz \u015eirin! Huysuz \u015eirin, yeni y\u0131l ruhuna &#8220;hay\u0131r&#8221; dedi\u011finde i\u015fleri d\u00fczeltmek \u015eirin Baban\u0131n sihirli iksirine ve \u00fc\u00e7 sihirli \u015eirine kal\u0131r. Acaba \u015eirinler, k\u00f6yleri hain Gargamel&#8217;in eline d\u00fc\u015fmeden yeni y\u0131l ruhunun anlam\u0131n\u0131 Huysuz \u015eirine \u00f6\u011fretebilecekler midir?<br \/>\nKardan Adam Film Konusu<br \/>\nJames, anne-babas\u0131 ile birlikte ya\u015fayan ama yaln\u0131zl\u0131k \u00e7eken bir \u00e7ocuktur. Ancak y\u0131lba\u015f\u0131ndan hemen \u00f6nce bir kardan adam yapan James, kardan adam\u0131n canlanmas\u0131yla b\u00fcy\u00fck \u015fa\u015fk\u0131nl\u0131k ya\u015far. Sonras\u0131nda Noel Baba&#8217;yla tan\u0131\u015fmak i\u00e7in Kuzey Kutbu&#8217;na do\u011fru b\u00fcy\u00fcl\u00fc bir yolculu\u011fa \u00e7\u0131karlar.<\/p>\n<p>4 Aral\u0131k Cumartesi 19:00\u2019da bulu\u015fuyoruz<br \/>\nYeni bir y\u0131la girerken, t\u00fcm \u00e7ocuklar\u0131 ve i\u00e7ini \u00e7ocukluk umudu ile doldurmak isteyen t\u00fcm yeti\u015fkinleri dernek lokalimize bekleriz. G\u00f6sterimin ger\u00e7ekle\u015fece\u011fi g\u00fcn t\u00fcm mekan dezenfekte edilip maske-mesafe-hijyen kurallar\u0131na \u00f6zenle dikkat edilecektir.<\/p>\n","protected":false},"excerpt":{"rendered":"<p>Baraka K\u00fclt\u00fcr Merkezi\u2019nin her ay ger\u00e7ekle\u015ftirdi\u011fi \u0130zle-Tart\u0131\u015f etkinli\u011fi bu kez \u00e7ocuklar ve yeti\u015fkinlerin birlikte izleyece\u011fi iki k\u0131sa animasyon filme yer veriyor. Aral\u0131k ay\u0131n\u0131n ilk Cumartesi<\/p>\n","protected":false},"author":8,"featured_media":8524,"comment_status":"open","ping_status":"open","sticky":false,"template":"","format":"standard","meta":{"jetpack_post_was_ever_published":false,"_jetpack_newsletter_access":"","_jetpack_newsletter_tier_id":0,"jetpack_publicize_message":"","jetpack_is_tweetstorm":false,"jetpack_publicize_feature_enabled":true,"jetpack_social_post_already_shared":true,"jetpack_social_options":{"image_generator_settings":{"template":"highway","enabled":false}}},"categories":[20,45,9,28,60,1],"tags":[],"jetpack_publicize_connections":[],"jetpack_featured_media_url":"https:\/\/baraka.cc\/wp-content\/uploads\/2021\/12\/COCUKFILMI1.jpg","jetpack_shortlink":"https:\/\/wp.me\/p4eHWX-2dt","jetpack_sharing_enabled":true,"_links":{"self":[{"href":"https:\/\/baraka.cc\/index.php?rest_route=\/wp\/v2\/posts\/8523"}],"collection":[{"href":"https:\/\/baraka.cc\/index.php?rest_route=\/wp\/v2\/posts"}],"about":[{"href":"https:\/\/baraka.cc\/index.php?rest_route=\/wp\/v2\/types\/post"}],"author":[{"embeddable":true,"href":"https:\/\/baraka.cc\/index.php?rest_route=\/wp\/v2\/users\/8"}],"replies":[{"embeddable":true,"href":"https:\/\/baraka.cc\/index.php?rest_route=%2Fwp%2Fv2%2Fcomments&post=8523"}],"version-history":[{"count":1,"href":"https:\/\/baraka.cc\/index.php?rest_route=\/wp\/v2\/posts\/8523\/revisions"}],"predecessor-version":[{"id":8526,"href":"https:\/\/baraka.cc\/index.php?rest_route=\/wp\/v2\/posts\/8523\/revisions\/8526"}],"wp:featuredmedia":[{"embeddable":true,"href":"https:\/\/baraka.cc\/index.php?rest_route=\/wp\/v2\/media\/8524"}],"wp:attachment":[{"href":"https:\/\/baraka.cc\/index.php?rest_route=%2Fwp%2Fv2%2Fmedia&parent=8523"}],"wp:term":[{"taxonomy":"category","embeddable":true,"href":"https:\/\/baraka.cc\/index.php?rest_route=%2Fwp%2Fv2%2Fcategories&post=8523"},{"taxonomy":"post_tag","embeddable":true,"href":"https:\/\/baraka.cc\/index.php?rest_route=%2Fwp%2Fv2%2Ftags&post=8523"}],"curies":[{"name":"wp","href":"https:\/\/api.w.org\/{rel}","templated":true}]}}