{"id":8534,"date":"2021-12-10T09:30:04","date_gmt":"2021-12-10T07:30:04","guid":{"rendered":"https:\/\/baraka.cc\/?p=8534"},"modified":"2021-12-09T22:13:03","modified_gmt":"2021-12-09T20:13:03","slug":"egitimde-ara-tatil-onur-butuner","status":"publish","type":"post","link":"https:\/\/baraka.cc\/?p=8534","title":{"rendered":"E\u011fitimde Ara Tatil &#8211; Onur B\u00fct\u00fcner"},"content":{"rendered":"<div dir=\"auto\">\u00d6nlemlerin azalt\u0131lmas\u0131 ile birlikte ilk etapta yava\u015f yava\u015f ard\u0131ndan da h\u0131zl\u0131 bir \u015fekilde vaka say\u0131lar\u0131 \u00fclkede artmaya ba\u015flad\u0131. Havalar\u0131n so\u011fumas\u0131 ile birlikte ise ipin ucu ka\u00e7m\u0131\u015f durumda. Artan vakalar ile \u00fclkede ciddi bir panik durumu s\u00f6z konusu. Ancak se\u00e7imlerin de gelmesiyle bir taraftan tepki almaktan korkan h\u00fck\u00fcmet yetkilileri sadece durumu izlemekle yetinmeye devam ediyor.<\/div>\n<div>\n<div dir=\"auto\">\u00dclkede ilk g\u00f6r\u00fclen covid19 vakas\u0131 ile birlikte panik havas\u0131nda hayat\u0131 durdurmu\u015f, \u00fczerine de hemen okullar\u0131 kapatm\u0131\u015ft\u0131k. Ard\u0131ndan da bir sonraki e\u011fitim d\u00f6nemini ancak aral\u0131k ay\u0131 sonunda y\u00fcz y\u00fcze s\u00fcrd\u00fcrebilmi\u015ftik. Ya\u015fanan s\u00fcre\u00e7lerden ders \u00e7\u0131kard\u0131\u011f\u0131m\u0131z\u0131 ve en az\u0131ndan pandemi s\u00fcrecindeki \u00fc\u00e7\u00fcnc\u00fc e\u011fitim d\u00f6nemi olan bu y\u0131l\u0131 daha planl\u0131 a\u00e7aca\u011f\u0131m\u0131z\u0131 d\u00fc\u015f\u00fcn\u00fcrken maalasef ciddi bir plan\u0131m\u0131z olmad\u0131\u011f\u0131n\u0131 a\u00e7\u0131k\u00e7a g\u00f6r\u00fcyoruz. Okullar\u0131n a\u00e7\u0131lmas\u0131 i\u00e7in herhangi bir ciddi \u00f6nlem al\u0131nmad\u0131.<\/div>\n<div dir=\"auto\">O kadar ciddiyetsiz ki baz\u0131 okullar\u0131n seyreltilmi\u015f e\u011fitime ge\u00e7mesi i\u00e7in tek kriter s\u0131n\u0131f say\u0131lar\u0131n\u0131n 25 ki\u015finin \u00fczerinde olmas\u0131. Peki bu ne kadar akla, bilime uygun? Yani 50 metre karelik bir s\u0131n\u0131fta 25 \u00e7ocuk fazla iken 20-25 metre karelik s\u0131n\u0131flarda 18-20 \u00e7ocuk bulunmas\u0131 seyreltilmi\u015f e\u011fitim i\u00e7in yeterli mi? Benim g\u00f6nl\u00fcmden ge\u00e7en ve bir e\u011fitimci olarak inand\u0131\u011f\u0131m, pandemi s\u00fcrecinde \u00e7ocuklar\u0131m\u0131za \u00f6nce sa\u011fl\u0131kl\u0131 sonra da e\u011fitimde f\u0131rsat e\u015fitsizli\u011fini derinle\u015ftirmeden kamusal e\u011fitim hizmetinin sunulmas\u0131d\u0131r. \u201cF\u0131rsat e\u015fitsizli\u011fi\u201d diyorum \u00e7\u00fcnk\u00fc e\u011fitimde f\u0131rsat e\u015fitli\u011fini, biz pandemiden \u00e7ok \u00f6nce maalasef kaybetmi\u015f durumday\u0131z. \u00dclkede yoksullu\u011fun her ge\u00e7en g\u00fcn artmas\u0131 ile bu e\u015fitsizlik daha da fazla hissedilmekte.<\/div>\n<div dir=\"auto\">T\u00fcm bu ironik durumlar\u0131n yan\u0131nda, vakalar\u0131n artmas\u0131 ile birlikte okullar\u0131n bu d\u00f6nemde bir ara tatile girmesi ile ilgili bir dedikodu d\u00f6nmeye ba\u015flad\u0131. Ben bir \u00f6\u011fretmen olarak bunun olmas\u0131n\u0131 bekledim. \u00c7\u00fcnk\u00fc ge\u00e7ti\u011fimiz sene aral\u0131k ay\u0131nda da b\u00f6yle bir konu g\u00fcndeme gelmi\u015fti ve o d\u00f6nemde inatla e\u011fitime devam edilmi\u015fti. Sonunda da 2021 y\u0131l\u0131nda okullar\u0131 t\u00fcmden kapat\u0131p bir daha da a\u00e7amaz hale gelmi\u015ftik. Yak\u0131n zamanda konunun g\u00fcndeme gelmesi ile birlikte tepkilerden \u00e7ekinen Bakanl\u0131k, okullar\u0131n planland\u0131\u011f\u0131 gibi devam edece\u011fini duyurdu. Bu tavr\u0131 \u00e7ocuklar\u0131m\u0131z\u0131n sa\u011fl\u0131\u011f\u0131n\u0131 \u00f6n plana almayan bir anlay\u0131\u015f olarak g\u00f6r\u00fcyorum. \u00c7\u00fcnk\u00fc vakalar\u0131n artmas\u0131 ile birlikte okullardaki vaka say\u0131lar\u0131 da y\u00fckselmeye ba\u015flad\u0131.<\/div>\n<div dir=\"auto\">Hangi bilimsel dayana\u011fa g\u00f6re bilmiyorum ama bir s\u0131n\u0131fta \u00fc\u00e7 vaka \u00e7\u0131kana kadar s\u0131n\u0131f\u0131 online e\u011fitime alam\u0131yoruz. Bu durumda da okullarda bula\u015f olma riski epey art\u0131yor. Ayr\u0131ca so\u011fuklar\u0131n gelmesi ile birlikte nezle, grip gibi so\u011fuk alg\u0131nl\u0131\u011f\u0131 olan \u00e7ocuk say\u0131s\u0131 art\u0131yor. Okullara s\u00f6ylenen, normal \u015fartlarda bu \u00e7ocuklar\u0131n okula al\u0131nmamas\u0131d\u0131r. Bu da do\u011fall\u0131\u011f\u0131nda zaten okullar\u0131n yeterli verimlilikte e\u011fitim verememesi anlam\u0131 ta\u015f\u0131yor.<\/div>\n<div dir=\"auto\">Bunun yan\u0131nda bir\u00e7ok okulumuzun altyap\u0131sal s\u0131k\u0131nt\u0131lar\u0131 mevcuttur. Bu s\u0131k\u0131nt\u0131lar\u0131n bir\u00e7o\u011fu okullar\u0131n \u00f6\u011fretim i\u00e7in yeterlilik durumunu, pandemi ko\u015fullar\u0131nda k\u0131\u015f mevsiminde \u00e7ok daha zorlamaktad\u0131r. Bir\u00e7ok okulumuzun d\u00fczg\u00fcn bir \u0131s\u0131tma sistemi yoktur. Kapal\u0131 mekanlarda klima \u00e7al\u0131\u015ft\u0131r\u0131lmamas\u0131, kap\u0131 ve pencerelerin a\u00e7\u0131k olmas\u0131 s\u00f6ylenmektedir. Okullar\u0131n bu so\u011fuk d\u00f6nemde a\u00e7\u0131k olmas\u0131 durumunda bir\u00e7ok \u00e7ocuk so\u011fuktan hasta olacakt\u0131r. Hal b\u00f6yle olunca yap\u0131lmas\u0131 gereken pandemi ko\u015fullar\u0131n\u0131n olmad\u0131\u011f\u0131 zamanlarda bile atyap\u0131 eksikliklerinden dolay\u0131 \u00f6zellikle devlet okullar\u0131nda \u00f6\u011fretimi zor bir hale getiren k\u0131\u015f d\u00f6neminde k\u0131sa bir tatilin verilmesidir. Bu tatil verilirken de e\u011fitim-\u00f6\u011fretim s\u00fcresinden k\u0131s\u0131tlamaya gidilmesine de gerek yoktur. Mevcut yaz tatili bir hafta k\u0131salt\u0131larak aral\u0131k ay\u0131nda bir k\u0131\u015f tatili verilebilir. Tabii bunun i\u00e7in halktan yana ve bilimsel duyarl\u0131l\u0131\u011f\u0131 olan bir h\u00fck\u00fcmetin olmas\u0131 gerekir. Ge\u00e7ti\u011fimiz d\u00f6nemde halk\u0131n menfaatlerini d\u00fc\u015f\u00fcnmeden, bilime kulak asmadan s\u00fcreci sadece izlemek, bize okullar\u0131n kapat\u0131lmas\u0131 olarak yans\u0131m\u0131\u015ft\u0131. Umar\u0131m bu sefer bu ihmal bize yine okullar\u0131n kapat\u0131lmas\u0131 durumunu ya da bir evlad\u0131m\u0131z\u0131n ac\u0131s\u0131n\u0131 ya\u015fatmaz.<\/div>\n<div dir=\"auto\">Y\u00fcr\u00fct\u00fclmekte \u0131srar edilen karar zaten do\u011fall\u0131\u011f\u0131nda i\u015flemez hale geliyorsa o kararda \u0131srar etmenin bir anlam\u0131 yoktur. Yap\u0131lmas\u0131 gereken bu s\u00fcre\u00e7te okulda bizzat bu s\u0131k\u0131nt\u0131lar\u0131 ya\u015fayan \u00f6\u011fretmenleri, sa\u011fl\u0131k\u00e7\u0131lar\u0131 dinleyerek \u00e7ocuklar\u0131m\u0131za sa\u011fl\u0131kl\u0131, e\u015fit bir e\u011fitim hizmeti sunabilmektir. Bunu sunamamak temel e\u011fitim hakk\u0131n\u0131n gasp\u0131d\u0131r. Bunun i\u00e7in m\u00fccadele etmek de t\u00fcm \u00f6\u011fretmenlerin ve velilerin boynunun borcudur.<\/div>\n<\/div>\n","protected":false},"excerpt":{"rendered":"<p>\u00d6nlemlerin azalt\u0131lmas\u0131 ile birlikte ilk etapta yava\u015f yava\u015f ard\u0131ndan da h\u0131zl\u0131 bir \u015fekilde vaka say\u0131lar\u0131 \u00fclkede artmaya ba\u015flad\u0131. Havalar\u0131n so\u011fumas\u0131 ile birlikte ise ipin ucu<\/p>\n","protected":false},"author":10,"featured_media":8536,"comment_status":"open","ping_status":"open","sticky":false,"template":"","format":"standard","meta":{"jetpack_post_was_ever_published":false,"_jetpack_newsletter_access":"","_jetpack_newsletter_tier_id":0,"jetpack_publicize_message":"","jetpack_is_tweetstorm":false,"jetpack_publicize_feature_enabled":true,"jetpack_social_post_already_shared":true,"jetpack_social_options":{"image_generator_settings":{"template":"highway","enabled":false}}},"categories":[44,41,38,9,42,43,1,39],"tags":[],"jetpack_publicize_connections":[],"jetpack_featured_media_url":"https:\/\/baraka.cc\/wp-content\/uploads\/2021\/12\/onur1.jpg","jetpack_shortlink":"https:\/\/wp.me\/p4eHWX-2dE","jetpack_sharing_enabled":true,"_links":{"self":[{"href":"https:\/\/baraka.cc\/index.php?rest_route=\/wp\/v2\/posts\/8534"}],"collection":[{"href":"https:\/\/baraka.cc\/index.php?rest_route=\/wp\/v2\/posts"}],"about":[{"href":"https:\/\/baraka.cc\/index.php?rest_route=\/wp\/v2\/types\/post"}],"author":[{"embeddable":true,"href":"https:\/\/baraka.cc\/index.php?rest_route=\/wp\/v2\/users\/10"}],"replies":[{"embeddable":true,"href":"https:\/\/baraka.cc\/index.php?rest_route=%2Fwp%2Fv2%2Fcomments&post=8534"}],"version-history":[{"count":1,"href":"https:\/\/baraka.cc\/index.php?rest_route=\/wp\/v2\/posts\/8534\/revisions"}],"predecessor-version":[{"id":8537,"href":"https:\/\/baraka.cc\/index.php?rest_route=\/wp\/v2\/posts\/8534\/revisions\/8537"}],"wp:featuredmedia":[{"embeddable":true,"href":"https:\/\/baraka.cc\/index.php?rest_route=\/wp\/v2\/media\/8536"}],"wp:attachment":[{"href":"https:\/\/baraka.cc\/index.php?rest_route=%2Fwp%2Fv2%2Fmedia&parent=8534"}],"wp:term":[{"taxonomy":"category","embeddable":true,"href":"https:\/\/baraka.cc\/index.php?rest_route=%2Fwp%2Fv2%2Fcategories&post=8534"},{"taxonomy":"post_tag","embeddable":true,"href":"https:\/\/baraka.cc\/index.php?rest_route=%2Fwp%2Fv2%2Ftags&post=8534"}],"curies":[{"name":"wp","href":"https:\/\/api.w.org\/{rel}","templated":true}]}}