{"id":866,"date":"2011-01-31T22:08:08","date_gmt":"2011-01-31T20:08:08","guid":{"rendered":"https:\/\/baraka.cc\/?p=866"},"modified":"2014-01-02T22:09:24","modified_gmt":"2014-01-02T20:09:24","slug":"barakaya-fayst-protesto-genc-mucahytler-derney-barakayi-zyyaret-etty","status":"publish","type":"post","link":"https:\/\/baraka.cc\/?p=866","title":{"rendered":"BARAKA&#8217;YA FA?YST PROTESTO! GEN\u00c7 M\u00dcCAHYTLER DERNE?Y BARAKA&#8217;YI &#8220;ZYYARET&#8221; ETTY!"},"content":{"rendered":"<p class=\"yiv504025277msonormal\" style=\"margin: 0cm 0cm 0pt; line-height: 200%; text-align: justify;\">\n<p class=\"yiv504025277msonormal\" style=\"margin: 0cm 0cm 0pt; line-height: 200%; text-align: justify;\">\n<p><a href=\"https:\/\/www.baraka.cc\/images\/stories\/31Ocak2011_gncmch3.jpg\" target=\"_blank\"><img decoding=\"async\" loading=\"lazy\" alt=\" \" src=\"https:\/\/www.baraka.cc\/images\/stories\/31Ocak2011_gncmch3.jpg\" width=\"200\" height=\"133\" align=\"left\" border=\"2\" \/><\/a><\/p>\n<p>&nbsp;<\/p>\n<p>Gen\u00e7 M\u00fccahitler Derne?i isminde bir derne?in bir ka\u00e7 \u00fcyesi Baraka&#8217;yy protesto etmek amacyyla 31 Ocak 2011 tarihinde bir &#8220;ziyaret&#8221; d\u00fczenledi. &#8220;Or&#8230;. \u00c7ocuklary&#8221; gibi &#8220;yaratycy&#8221; bir pankart a\u00e7an bu ?ahyslar, basyn a\u00e7yklamasy yapty. <a href=\"https:\/\/www.baraka.cc\/images\/stories\/31Ocak2011_gncmch1.JPG\" target=\"_blank\"><img decoding=\"async\" alt=\" \" src=\"https:\/\/www.baraka.cc\/images\/stories\/31Ocak2011_gncmch1.JPG\" width=\"200\" align=\"right\" border=\"2\" \/><\/a><\/p>\n<p>&nbsp;<\/p>\n<p>&nbsp;<\/p>\n<p>&#8220;Kybrys T\u00fcrkt\u00fcr T\u00fcrk kalacak!&#8221; diye slogan attyktan sonra, tekbir getirererek Baraka&#8217;dan ayryldylar. Basynyn olduk\u00e7a ilgi g\u00f6sterdi?i bu &#8220;protesto&#8221; Baraka&#8217;nyn &#8220;Ankara Elini Yakamyzdan \u00c7ek&#8221; pankarty ve sloganynyn ne kadar da me?ru bir zeminde oldu?unu bir kez daha g\u00f6sterdi. Pek \u00e7ok \u00f6rg\u00fct Baraka&#8217;ya gelerek veya telefoniyen arayarak destek belirtti.<\/p>\n<p>&nbsp;<\/p>\n<p>&nbsp;<\/p>\n<p><a href=\"https:\/\/www.baraka.cc\/images\/stories\/31Ocak2011_gncmch2.JPG\" target=\"_blank\"><img decoding=\"async\" alt=\" \" src=\"https:\/\/www.baraka.cc\/images\/stories\/31Ocak2011_gncmch2.JPG\" width=\"200\" align=\"left\" border=\"2\" \/><\/a><\/p>\n<p>&nbsp;<\/p>\n<p>Eylemin videosu i\u00e7in <a href=\"https:\/\/www.baraka.cc\/index.php?option=com_content&amp;task=view&amp;id=627&amp;Itemid=704\">tyklayynyz<\/a><\/p>\n<p>&nbsp;<\/p>\n","protected":false},"excerpt":{"rendered":"<p>&nbsp; Gen\u00e7 M\u00fccahitler Derne?i isminde bir derne?in bir ka\u00e7 \u00fcyesi Baraka&#8217;yy protesto etmek amacyyla 31 Ocak 2011 tarihinde bir &#8220;ziyaret&#8221; d\u00fczenledi. &#8220;Or&#8230;. \u00c7ocuklary&#8221; gibi &#8220;yaratycy&#8221;<\/p>\n","protected":false},"author":1,"featured_media":0,"comment_status":"open","ping_status":"open","sticky":false,"template":"","format":"standard","meta":{"jetpack_post_was_ever_published":false,"_jetpack_newsletter_access":"","_jetpack_newsletter_tier_id":0,"jetpack_publicize_message":"","jetpack_is_tweetstorm":false,"jetpack_publicize_feature_enabled":true,"jetpack_social_post_already_shared":false,"jetpack_social_options":{"image_generator_settings":{"template":"highway","enabled":false}}},"categories":[66],"tags":[],"jetpack_publicize_connections":[],"jetpack_featured_media_url":"","jetpack_shortlink":"https:\/\/wp.me\/p4eHWX-dY","jetpack_sharing_enabled":true,"_links":{"self":[{"href":"https:\/\/baraka.cc\/index.php?rest_route=\/wp\/v2\/posts\/866"}],"collection":[{"href":"https:\/\/baraka.cc\/index.php?rest_route=\/wp\/v2\/posts"}],"about":[{"href":"https:\/\/baraka.cc\/index.php?rest_route=\/wp\/v2\/types\/post"}],"author":[{"embeddable":true,"href":"https:\/\/baraka.cc\/index.php?rest_route=\/wp\/v2\/users\/1"}],"replies":[{"embeddable":true,"href":"https:\/\/baraka.cc\/index.php?rest_route=%2Fwp%2Fv2%2Fcomments&post=866"}],"version-history":[{"count":1,"href":"https:\/\/baraka.cc\/index.php?rest_route=\/wp\/v2\/posts\/866\/revisions"}],"predecessor-version":[{"id":872,"href":"https:\/\/baraka.cc\/index.php?rest_route=\/wp\/v2\/posts\/866\/revisions\/872"}],"wp:attachment":[{"href":"https:\/\/baraka.cc\/index.php?rest_route=%2Fwp%2Fv2%2Fmedia&parent=866"}],"wp:term":[{"taxonomy":"category","embeddable":true,"href":"https:\/\/baraka.cc\/index.php?rest_route=%2Fwp%2Fv2%2Fcategories&post=866"},{"taxonomy":"post_tag","embeddable":true,"href":"https:\/\/baraka.cc\/index.php?rest_route=%2Fwp%2Fv2%2Ftags&post=866"}],"curies":[{"name":"wp","href":"https:\/\/api.w.org\/{rel}","templated":true}]}}