{"id":868,"date":"2011-01-28T22:03:15","date_gmt":"2011-01-28T20:03:15","guid":{"rendered":"https:\/\/baraka.cc\/?p=868"},"modified":"2014-01-02T22:05:09","modified_gmt":"2014-01-02T20:05:09","slug":"demokrat-party-barakayi-protesto-ederek-syyah-celenk-birakti","status":"publish","type":"post","link":"https:\/\/baraka.cc\/?p=868","title":{"rendered":"DEMOKRAT PARTY BARAKA\u2019YI PROTESTO EDEREK SYYAH \u00c7ELENK BIRAKTI"},"content":{"rendered":"<p class=\"MsoNormal\" style=\"margin-bottom: 0pt; line-height: 200%; text-align: justify;\">\n<p class=\"MsoNormal\" style=\"margin-bottom: 0pt; line-height: 200%; text-align: justify;\">\n<p class=\"MsoNormal\" style=\"margin-bottom: 0pt; line-height: 200%; text-align: justify;\"><span style=\"font-size: 12pt; line-height: 200%; font-family: 'Verdana','sans-serif';\"><span style=\"font-size: 10pt; line-height: 200%; font-family: 'Verdana','sans-serif';\"><a href=\"https:\/\/www.baraka.cc\/images\/stories\/27Ocak2011_dp2.JPG\" target=\"_blank\"><img decoding=\"async\" loading=\"lazy\" alt=\" \" src=\"https:\/\/www.baraka.cc\/images\/stories\/27Ocak2011_dp2.JPG\" width=\"150\" height=\"226\" align=\"left\" border=\"2\" \/><\/a><\/span>27 Ocak 2011 tarihinde TC El\u00e7ili?i \u00f6n\u00fcnde eylem ger\u00e7ekle?tiren Baraka, Barikat ve Yasemin Hareketi\u2019nin eylemi olduk\u00e7a ses getirdi. Rahatsyz olan \u00e7evreler tepkilerini g\u00f6stermeye ba?ladylar.<span>\u00a0 <\/span>Ilk tepki sendikal platformun eylemine deste?ini veren Demokrat Parti\u2019den geldi. Demokrat Partili\u2019ler Baraka\u2019ya \u00fczerinde \u201cKybrys T\u00fcrk\u00fcn\u00fc hi\u00e7 bir g\u00fc\u00e7 T\u00fcrkiye\u2019den koparamaz\u201d yazyly<span>\u00a0 <\/span>bir siyah \u00e7elenk byraktylar. \u00c7elengi te?ekk\u00fcrlerle alan Baraka aktivistleri DP\u2019lilere \u00e7ay ikram ederek bir s\u00fcre konu \u00fczerinde sohbet ettiler.<\/span><\/p>\n<p class=\"MsoNormal\" style=\"margin-bottom: 0pt; line-height: 200%; text-align: justify;\">\n<p class=\"MsoNormal\" style=\"margin-bottom: 0pt; line-height: 200%; text-align: justify;\"><span style=\"font-size: 12pt; line-height: 200%; font-family: 'Verdana','sans-serif';\"><a href=\"https:\/\/www.baraka.cc\/images\/stories\/27Ocak2011_dp1.JPG\" target=\"_blank\"><img decoding=\"async\" loading=\"lazy\" alt=\" \" src=\"https:\/\/www.baraka.cc\/images\/stories\/27Ocak2011_dp1.JPG\" width=\"200\" height=\"186\" align=\"left\" border=\"2\" \/><\/a><\/span><\/p>\n<p class=\"MsoNormal\" style=\"margin-bottom: 0pt; line-height: 200%; text-align: justify;\">\n","protected":false},"excerpt":{"rendered":"<p>27 Ocak 2011 tarihinde TC El\u00e7ili?i \u00f6n\u00fcnde eylem ger\u00e7ekle?tiren Baraka, Barikat ve Yasemin Hareketi\u2019nin eylemi olduk\u00e7a ses getirdi. Rahatsyz olan \u00e7evreler tepkilerini g\u00f6stermeye ba?ladylar.\u00a0 Ilk<\/p>\n","protected":false},"author":1,"featured_media":0,"comment_status":"open","ping_status":"open","sticky":false,"template":"","format":"standard","meta":{"jetpack_post_was_ever_published":false,"_jetpack_newsletter_access":"","_jetpack_newsletter_tier_id":0,"jetpack_publicize_message":"","jetpack_is_tweetstorm":false,"jetpack_publicize_feature_enabled":true,"jetpack_social_post_already_shared":false,"jetpack_social_options":{"image_generator_settings":{"template":"highway","enabled":false}}},"categories":[66],"tags":[],"jetpack_publicize_connections":[],"jetpack_featured_media_url":"","jetpack_shortlink":"https:\/\/wp.me\/p4eHWX-e0","jetpack_sharing_enabled":true,"_links":{"self":[{"href":"https:\/\/baraka.cc\/index.php?rest_route=\/wp\/v2\/posts\/868"}],"collection":[{"href":"https:\/\/baraka.cc\/index.php?rest_route=\/wp\/v2\/posts"}],"about":[{"href":"https:\/\/baraka.cc\/index.php?rest_route=\/wp\/v2\/types\/post"}],"author":[{"embeddable":true,"href":"https:\/\/baraka.cc\/index.php?rest_route=\/wp\/v2\/users\/1"}],"replies":[{"embeddable":true,"href":"https:\/\/baraka.cc\/index.php?rest_route=%2Fwp%2Fv2%2Fcomments&post=868"}],"version-history":[{"count":0,"href":"https:\/\/baraka.cc\/index.php?rest_route=\/wp\/v2\/posts\/868\/revisions"}],"wp:attachment":[{"href":"https:\/\/baraka.cc\/index.php?rest_route=%2Fwp%2Fv2%2Fmedia&parent=868"}],"wp:term":[{"taxonomy":"category","embeddable":true,"href":"https:\/\/baraka.cc\/index.php?rest_route=%2Fwp%2Fv2%2Fcategories&post=868"},{"taxonomy":"post_tag","embeddable":true,"href":"https:\/\/baraka.cc\/index.php?rest_route=%2Fwp%2Fv2%2Ftags&post=868"}],"curies":[{"name":"wp","href":"https:\/\/api.w.org\/{rel}","templated":true}]}}