{"id":8687,"date":"2022-03-02T15:05:54","date_gmt":"2022-03-02T13:05:54","guid":{"rendered":"https:\/\/baraka.cc\/?p=8687"},"modified":"2022-03-02T15:05:54","modified_gmt":"2022-03-02T13:05:54","slug":"dunya-emekci-kadinlar-gunu-ozel-film-gosterimi-ve-soylesi","status":"publish","type":"post","link":"https:\/\/baraka.cc\/?p=8687","title":{"rendered":"D\u00dcNYA EMEK\u00c7\u0130 KADINLAR G\u00dcN\u00dc \u00d6ZEL F\u0130LM G\u00d6STER\u0130M\u0130 VE S\u00d6YLE\u015e\u0130"},"content":{"rendered":"<p><a href=\"https:\/\/baraka.cc\/wp-content\/uploads\/2022\/03\/lorena-afi\u015f.jpg\"><img decoding=\"async\" loading=\"lazy\" src=\"https:\/\/baraka.cc\/wp-content\/uploads\/2022\/03\/lorena-afi\u015f-212x300.jpg\" alt=\"lorena afi\u015f\" width=\"212\" height=\"300\" class=\"alignnone size-medium wp-image-8688\" srcset=\"https:\/\/baraka.cc\/wp-content\/uploads\/2022\/03\/lorena-afi\u015f-212x300.jpg 212w, https:\/\/baraka.cc\/wp-content\/uploads\/2022\/03\/lorena-afi\u015f-724x1024.jpg 724w, https:\/\/baraka.cc\/wp-content\/uploads\/2022\/03\/lorena-afi\u015f.jpg 1448w\" sizes=\"(max-width: 212px) 100vw, 212px\" \/><\/a>Baraka K\u00fclt\u00fcr Merkezi\u2019nin her y\u0131l 8 Mart D\u00fcnya Emek\u00e7i Kad\u0131nlar g\u00fcn\u00fcne \u00f6zel g\u00f6sterim ger\u00e7ekle\u015ftirdi\u011fi \u0130zle-Tart\u0131\u015f etkinli\u011fi bu kez Kad\u0131n E\u011fitimi Kolektifi ile birlikte organize ediliyor.<br \/>\n2022 Mart ay\u0131 filmi olarak, gen\u00e7 bir kad\u0131n ko\u015fucunun amac\u0131na ula\u015fmak i\u00e7in a\u015ft\u0131\u011f\u0131 zorluklar\u0131 anlatan LORENA, LIGHT-FOOTED WOMAN k\u0131sa belgesel filmi g\u00f6sterilecek.<br \/>\nBelgesel, b\u00fct\u00fcn zorluklara ra\u011fmen hedefine ula\u015fan bir gen\u00e7 kad\u0131n\u0131n ilham veren \u00f6yk\u00fcs\u00fcn\u00fc konu al\u0131yor.<br \/>\n28 dakikal\u0131k bu k\u0131sa belgeselde Meksika\u2019n\u0131n Chihuahua b\u00f6lgesinin k\u0131rsal\u0131nda ya\u015fayan 22 ya\u015f\u0131ndaki gen\u00e7 bir k\u0131z olan Lorena\u2019n\u0131n hikayesi anlat\u0131l\u0131yor. Lorena o b\u00f6lgedeki \u00e7o\u011fu k\u0131z \u00e7ocu\u011funun yapt\u0131\u011f\u0131 gibi sadece ev i\u015fleriyle ilgilenmeyip maratoncu babas\u0131n\u0131n da izinden y\u00fcr\u00fcmeyi se\u00e7mi\u015f. Lorena da\u011f bay\u0131r demeden \u00fcstelik de sandaletleriyle ve entarisiyle ko\u015fuyor. Maratonlarda l\u00fcks spor ayakkab\u0131larla yar\u0131\u015fan rakiplerini ge\u00e7ip madalyalar kazan\u0131yor.<br \/>\nD\u00fcnyan\u0131n her yerinde, her k\u00fclt\u00fcrde, kad\u0131nlar s\u0131rf cinsiyetleri nedeni ile bir ad\u0131m geriden ba\u015flarken hayata, baz\u0131 kad\u0131nlar haklar\u0131 i\u00e7in ko\u015farak kapat\u0131yorlar aray\u0131, hem kendi hem de t\u00fcm kad\u0131nlar i\u00e7in. Kimi ko\u015farak kurtuluyor ataerkil ya\u015fant\u0131s\u0131ndan, kimi sokaklar\u0131 ad\u0131ml\u0131yor kad\u0131n haklar\u0131 i\u00e7in. Lorena, hayallerine ve ama\u00e7lar\u0131na ula\u015fmak i\u00e7in t\u0131rman\u0131yor da\u011flar\u0131, ultra maratonlar\u0131 kazan\u0131yor. Hem de sandaletleri ile.<br \/>\nFilm g\u00f6steriminin ard\u0131ndan da \u201cK\u0131br\u0131s\u2019ta Kad\u0131n Olmak: Kad\u0131nlar\u0131n Ya\u015fad\u0131\u011f\u0131 Sorunlar ve M\u00fccadele Y\u00f6ntemleri\u201d hakk\u0131nda kat\u0131l\u0131mc\u0131lar\u0131n g\u00f6r\u00fc\u015f ve d\u00fc\u015f\u00fcncelerini payla\u015faca\u011f\u0131 bir s\u00f6yle\u015fi ger\u00e7ekle\u015ftirilecek.<br \/>\nKad\u0131n emek\u00e7ilerin m\u00fccadelesine ses olmak amac\u0131 ile d\u00fczenlenen bu etkinli\u011fe herkesi bekleriz.<\/p>\n","protected":false},"excerpt":{"rendered":"<p>Baraka K\u00fclt\u00fcr Merkezi\u2019nin her y\u0131l 8 Mart D\u00fcnya Emek\u00e7i Kad\u0131nlar g\u00fcn\u00fcne \u00f6zel g\u00f6sterim ger\u00e7ekle\u015ftirdi\u011fi \u0130zle-Tart\u0131\u015f etkinli\u011fi bu kez Kad\u0131n E\u011fitimi Kolektifi ile birlikte organize ediliyor.<\/p>\n","protected":false},"author":8,"featured_media":8689,"comment_status":"open","ping_status":"open","sticky":false,"template":"","format":"standard","meta":{"jetpack_post_was_ever_published":false,"_jetpack_newsletter_access":"","_jetpack_newsletter_tier_id":0,"jetpack_publicize_message":"","jetpack_is_tweetstorm":false,"jetpack_publicize_feature_enabled":true,"jetpack_social_post_already_shared":true,"jetpack_social_options":{"image_generator_settings":{"template":"highway","enabled":false}}},"categories":[20,45,9,28,1],"tags":[],"jetpack_publicize_connections":[],"jetpack_featured_media_url":"https:\/\/baraka.cc\/wp-content\/uploads\/2022\/03\/8-mart-film-lorena.jpg","jetpack_shortlink":"https:\/\/wp.me\/p4eHWX-2g7","jetpack_sharing_enabled":true,"_links":{"self":[{"href":"https:\/\/baraka.cc\/index.php?rest_route=\/wp\/v2\/posts\/8687"}],"collection":[{"href":"https:\/\/baraka.cc\/index.php?rest_route=\/wp\/v2\/posts"}],"about":[{"href":"https:\/\/baraka.cc\/index.php?rest_route=\/wp\/v2\/types\/post"}],"author":[{"embeddable":true,"href":"https:\/\/baraka.cc\/index.php?rest_route=\/wp\/v2\/users\/8"}],"replies":[{"embeddable":true,"href":"https:\/\/baraka.cc\/index.php?rest_route=%2Fwp%2Fv2%2Fcomments&post=8687"}],"version-history":[{"count":1,"href":"https:\/\/baraka.cc\/index.php?rest_route=\/wp\/v2\/posts\/8687\/revisions"}],"predecessor-version":[{"id":8690,"href":"https:\/\/baraka.cc\/index.php?rest_route=\/wp\/v2\/posts\/8687\/revisions\/8690"}],"wp:featuredmedia":[{"embeddable":true,"href":"https:\/\/baraka.cc\/index.php?rest_route=\/wp\/v2\/media\/8689"}],"wp:attachment":[{"href":"https:\/\/baraka.cc\/index.php?rest_route=%2Fwp%2Fv2%2Fmedia&parent=8687"}],"wp:term":[{"taxonomy":"category","embeddable":true,"href":"https:\/\/baraka.cc\/index.php?rest_route=%2Fwp%2Fv2%2Fcategories&post=8687"},{"taxonomy":"post_tag","embeddable":true,"href":"https:\/\/baraka.cc\/index.php?rest_route=%2Fwp%2Fv2%2Ftags&post=8687"}],"curies":[{"name":"wp","href":"https:\/\/api.w.org\/{rel}","templated":true}]}}