{"id":869,"date":"2011-01-28T22:05:26","date_gmt":"2011-01-28T20:05:26","guid":{"rendered":"https:\/\/baraka.cc\/?p=869"},"modified":"2014-01-02T22:06:20","modified_gmt":"2014-01-02T20:06:20","slug":"ynonu-meydani-sallandi","status":"publish","type":"post","link":"https:\/\/baraka.cc\/?p=869","title":{"rendered":"YN\u00d6N\u00dc MEYDANI SALLANDI!"},"content":{"rendered":"<p>&nbsp;<\/p>\n<p style=\"margin: 0cm 0cm 0.0001pt; text-align: justify; line-height: 200%;\">\n<p style=\"margin: 0cm 0cm 0.0001pt; text-align: justify; line-height: 200%;\"><a href=\"https:\/\/www.baraka.cc\/images\/stories\/28Ocak2011_2.jpg\" target=\"_blank\"><img decoding=\"async\" loading=\"lazy\" alt=\" \" src=\"https:\/\/www.baraka.cc\/images\/stories\/28Ocak2011_2.jpg\" width=\"200\" height=\"133\" align=\"left\" border=\"2\" \/><\/a><span style=\"font-size: 11pt; line-height: 200%; font-family: 'Verdana','sans-serif';\">28 Ocak 2011 tarihinde Sendikal Platform \u00e7a?rysy ile ger\u00e7ekle?tirilen b\u00fct\u00fck miting ayry pankart ve slogan sorununun g\u00f6lgesinde ba?lady. Olduk\u00e7a co?kulu ve renkli olan kortej Peyak binalarynda toplanyp Yn\u00f6n\u00fc Meydany\u2019na do?ru y\u00fcr\u00fcd\u00fc. Yn\u00f6n\u00fc Meydany\u2019nynda pankartyny a\u00e7an Baraka\u2019ya Kamu-Sen&#8217;li &#8220;b\u00fcy\u00fcklerin&#8221; y\u00f6nlendirmesi ile Demokrat Parti&#8217;li fa?istler saldyrarak <\/span><a href=\"https:\/\/www.baraka.cc\/images\/stories\/28Ocak2011_3.jpg\" target=\"_blank\"><img decoding=\"async\" loading=\"lazy\" alt=\" \" src=\"https:\/\/www.baraka.cc\/images\/stories\/28Ocak2011_3.jpg\" width=\"200\" height=\"133\" align=\"right\" border=\"2\" \/><\/a><span style=\"font-size: 11pt; line-height: 200%; font-family: 'Verdana','sans-serif';\">\u201cAnkara Elini Yakamyzdan \u00c7ek\u201d pankartyny aldylar. Mitingi provoke etmeye y\u00f6nelik bu saldyrynyn\u00a0 ardyndan Baraka\u2019nyn pankarty\u00a0 fa?istlerden geri alyndy.\u00a0<\/span><\/p>\n<p style=\"margin: 0cm 0cm 0.0001pt; text-align: justify; line-height: 200%;\">\n<p style=\"margin: 0cm 0cm 0.0001pt; text-align: justify; line-height: 200%;\">\n<p style=\"margin: 0cm 0cm 0.0001pt; text-align: justify; line-height: 200%;\">\n<p style=\"margin: 0cm 0cm 0.0001pt; text-align: justify; line-height: 200%;\"><span style=\"font-size: 11pt; line-height: 200%; font-family: 'Verdana','sans-serif';\">Sendikacylaryn konu?malarynyn ardyndan platform yetkilileri, Sendikal Platform&#8217;un ilkelerini k\u00fcrs\u00fcden eylemcilere okuyarak onaylatty ve ilkeler kabul edildi. Bunun ardyndan Baraka\u2019nyn m\u00fczik toplulu?u Sol Anahtary bir konser verdi. G\u00fcndo?du, \u00c7av Bella, Gavur Ymam Ysyany ve El Pueblo Unido Jamas Sera Vencido\u2018nun s\u00f6ylendi?i konser olduk\u00e7a \u00e7o?kulu ge\u00e7ti. <\/span><\/p>\n<p style=\"margin: 0cm 0cm 0.0001pt; text-align: justify; line-height: 200%;\"><a href=\"https:\/\/www.baraka.cc\/images\/stories\/28Ocak2011_1.gif\" target=\"_blank\"> <img decoding=\"async\" loading=\"lazy\" alt=\" \" src=\"https:\/\/www.baraka.cc\/images\/stories\/28Ocak2011_1.gif\" width=\"200\" height=\"136\" border=\"2\" \/><\/a> \u00a0 \u00a0 \u00a0<a href=\"https:\/\/www.baraka.cc\/images\/stories\/28Ocak2011_4.jpg\" target=\"_blank\"><img decoding=\"async\" loading=\"lazy\" alt=\" \" src=\"https:\/\/www.baraka.cc\/images\/stories\/28Ocak2011_4.jpg\" width=\"200\" height=\"133\" border=\"2\" \/><\/a><\/p>\n<p style=\"margin: 0cm 0cm 0.0001pt; text-align: justify; line-height: 200%;\">\n<p style=\"margin: 0cm 0cm 0.0001pt; text-align: justify; line-height: 200%;\"><a href=\"https:\/\/www.baraka.cc\/images\/stories\/28Ocak2011_5.jpg\" target=\"_blank\"><img decoding=\"async\" loading=\"lazy\" alt=\" \" src=\"https:\/\/www.baraka.cc\/images\/stories\/28Ocak2011_5.jpg\" width=\"200\" height=\"133\" border=\"2\" \/><\/a> \u00a0\u00a0 <a href=\"https:\/\/www.baraka.cc\/images\/stories\/28Ocak2011_6.jpg\" target=\"_blank\"><img decoding=\"async\" loading=\"lazy\" alt=\" \" src=\"https:\/\/www.baraka.cc\/images\/stories\/28Ocak2011_6.jpg\" width=\"200\" height=\"133\" border=\"2\" \/><\/a><\/p>\n<p style=\"margin: 0cm 0cm 0.0001pt; text-align: justify; line-height: 200%;\">\n<p style=\"margin: 0cm 0cm 0.0001pt; text-align: justify; line-height: 200%;\"><a href=\"https:\/\/www.baraka.cc\/images\/stories\/28Ocak2011_7.jpg\" target=\"_blank\"><img decoding=\"async\" loading=\"lazy\" alt=\" \" src=\"https:\/\/www.baraka.cc\/images\/stories\/28Ocak2011_7.jpg\" width=\"200\" height=\"133\" border=\"2\" \/><\/a>\u00a0\u00a0 <a href=\"https:\/\/www.baraka.cc\/images\/stories\/28Ocak2011_9.jpg\" target=\"_blank\"><img decoding=\"async\" loading=\"lazy\" alt=\" \" src=\"https:\/\/www.baraka.cc\/images\/stories\/28Ocak2011_9.jpg\" width=\"200\" height=\"133\" border=\"2\" \/><\/a><\/p>\n<p style=\"margin: 0cm 0cm 0.0001pt; text-align: justify; line-height: 200%;\"><a href=\"https:\/\/www.baraka.cc\/images\/stories\/28Ocak2011_8.jpg\" target=\"_blank\"><img decoding=\"async\" alt=\" \" src=\"https:\/\/www.baraka.cc\/images\/stories\/28Ocak2011_8.jpg\" width=\"150\" border=\"2\" \/><\/a><\/p>\n<p style=\"margin: 0cm 0cm 0.0001pt; text-align: justify; line-height: 200%;\">\n<p style=\"margin: 0cm 0cm 0.0001pt; text-align: justify; line-height: 200%;\">\n<p style=\"margin: 0cm 0cm 0.0001pt; text-align: justify; line-height: 200%;\">\u00a0 <a href=\"https:\/\/www.baraka.cc\/images\/stories\/28Ocak2011_5.jpg\" target=\"_blank\"><br \/>\n<\/a><\/p>\n<p style=\"margin: 0cm 0cm 0.0001pt; text-align: justify; line-height: 200%;\"><a href=\"https:\/\/www.baraka.cc\/images\/stories\/28Ocak2011_5.jpg\" target=\"_blank\"><br \/>\n<\/a><\/p>\n<p style=\"margin: 0cm 0cm 0.0001pt; text-align: justify; line-height: 200%;\">\n","protected":false},"excerpt":{"rendered":"<p>&nbsp; 28 Ocak 2011 tarihinde Sendikal Platform \u00e7a?rysy ile ger\u00e7ekle?tirilen b\u00fct\u00fck miting ayry pankart ve slogan sorununun g\u00f6lgesinde ba?lady. Olduk\u00e7a co?kulu ve renkli olan kortej<\/p>\n","protected":false},"author":1,"featured_media":0,"comment_status":"open","ping_status":"open","sticky":false,"template":"","format":"standard","meta":{"jetpack_post_was_ever_published":false,"_jetpack_newsletter_access":"","_jetpack_newsletter_tier_id":0,"jetpack_publicize_message":"","jetpack_is_tweetstorm":false,"jetpack_publicize_feature_enabled":true,"jetpack_social_post_already_shared":false,"jetpack_social_options":{"image_generator_settings":{"template":"highway","enabled":false}}},"categories":[66],"tags":[],"jetpack_publicize_connections":[],"jetpack_featured_media_url":"","jetpack_shortlink":"https:\/\/wp.me\/p4eHWX-e1","jetpack_sharing_enabled":true,"_links":{"self":[{"href":"https:\/\/baraka.cc\/index.php?rest_route=\/wp\/v2\/posts\/869"}],"collection":[{"href":"https:\/\/baraka.cc\/index.php?rest_route=\/wp\/v2\/posts"}],"about":[{"href":"https:\/\/baraka.cc\/index.php?rest_route=\/wp\/v2\/types\/post"}],"author":[{"embeddable":true,"href":"https:\/\/baraka.cc\/index.php?rest_route=\/wp\/v2\/users\/1"}],"replies":[{"embeddable":true,"href":"https:\/\/baraka.cc\/index.php?rest_route=%2Fwp%2Fv2%2Fcomments&post=869"}],"version-history":[{"count":1,"href":"https:\/\/baraka.cc\/index.php?rest_route=\/wp\/v2\/posts\/869\/revisions"}],"predecessor-version":[{"id":870,"href":"https:\/\/baraka.cc\/index.php?rest_route=\/wp\/v2\/posts\/869\/revisions\/870"}],"wp:attachment":[{"href":"https:\/\/baraka.cc\/index.php?rest_route=%2Fwp%2Fv2%2Fmedia&parent=869"}],"wp:term":[{"taxonomy":"category","embeddable":true,"href":"https:\/\/baraka.cc\/index.php?rest_route=%2Fwp%2Fv2%2Fcategories&post=869"},{"taxonomy":"post_tag","embeddable":true,"href":"https:\/\/baraka.cc\/index.php?rest_route=%2Fwp%2Fv2%2Ftags&post=869"}],"curies":[{"name":"wp","href":"https:\/\/api.w.org\/{rel}","templated":true}]}}