{"id":8700,"date":"2022-03-09T09:55:42","date_gmt":"2022-03-09T07:55:42","guid":{"rendered":"https:\/\/baraka.cc\/?p=8700"},"modified":"2022-03-09T09:55:42","modified_gmt":"2022-03-09T07:55:42","slug":"8-mart-2022-kadinlar-devletten-ve-patronlardan-alacakli","status":"publish","type":"post","link":"https:\/\/baraka.cc\/?p=8700","title":{"rendered":"8 MART 2022: KADINLAR DEVLETTEN VE PATRONLARDAN ALACAKLI"},"content":{"rendered":"<p>Her y\u0131l oldu\u011fu gibi bu y\u0131l da 8 Mart D\u00fcnya Emek\u00e7i Kad\u0131nlar g\u00fcn\u00fcde adan\u0131n d\u00f6rt bir yan\u0131nda co\u015fkulu y\u00fcr\u00fcy\u00fc\u015fler ger\u00e7ekle\u015ftirildi. Omofro, Girne Ma\u011fusa ve Lefko\u015fa\u2019da co\u015fkulu kalabal\u0131k sokaklar\u0131 doldurdu.<\/p>\n<p>Lefko\u015fa\u2019daki gece y\u00fcr\u00fcy\u00fc\u015f\u00fcnde ise kad\u0131nlar sloganlar\u0131yla sokaklar\u0131 inletirken, taleplerini ve isyanlar\u0131n\u0131 bir kez daha hep birlikte dile getirdi. \u201cBiat yok Ersin, Glumbra var yersin?\u201d, \u201cHerkes evinin \u00f6n\u00fcn\u00fc yaksa \u015fehri yakm\u0131\u015f oluruz\u201d, \u201cGocac\u0131\u011f\u0131m yemekte ne var?\u201d , \u201cK\u00fcf\u00fcrde nesne de\u011fil hayatta \u00f6zneyiz\u201d gibi \u00e7e\u015fitli d\u00f6vizlerin ta\u015f\u0131nd\u0131\u011f\u0131 eylemde renkli g\u00f6r\u00fcnt\u00fcler sergilendi. Eylem sonunda meclis \u00f6n\u00fcnde bas\u0131n a\u00e7\u0131klamas\u0131 okuyan kitle, m\u00fccadelelerinin devam edece\u011fini vurgulayarak eylemi sonland\u0131rd\u0131. Bas\u0131n a\u00e7\u0131klamas\u0131n\u0131n tam metni \u015f\u00f6yle;<\/p>\n<p>G\u00fcn ge\u00e7miyor ki kad\u0131n erkek dinlemeden hepimizin can\u0131n\u0131 yakan bu d\u00fczen daha da k\u00f6t\u00fcle\u015fmesin.<\/p>\n<p>G\u00fcn ge\u00e7miyor ki kad\u0131nlar\u0131n, e\u015fitsiz cinsiyet rollerinden dolay\u0131 adaletsizli\u011fe maruz kal\u0131yor olmas\u0131; cinsiyetinden veya cinsel y\u00f6neliminden dolay\u0131 ayr\u0131mc\u0131l\u0131\u011fa u\u011fruyor olmas\u0131; eme\u011finin s\u00f6m\u00fcr\u00fclmesinin yan\u0131 s\u0131ra mobbing ile de ba\u015f etmek zorunda b\u0131rak\u0131l\u0131yor olmas\u0131 durumu artmas\u0131n. G\u00fcn ge\u00e7miyor ki devlet yapt\u0131\u011f\u0131 ak\u0131l almaz zamlarla asgari \u00fccreti yeniden a\u00e7l\u0131k s\u0131n\u0131r\u0131n\u0131n alt\u0131na \u00e7ekerek i\u015f\u00e7ileri yoksullu\u011fa s\u00fcr\u00fcklemesin, \u00f6zel sekt\u00f6re sendika talebini yok sayarak emek s\u00f6m\u00fcr\u00fcs\u00fc ve g\u00fcvencesiz \u00e7al\u0131\u015fma ko\u015fullar\u0131n\u0131 peki\u015ftirmesin. Bu da yetmezmi\u015f gibi ta\u015feronlarla i\u015f birli\u011fi yaparak bizzat bu s\u00f6m\u00fcr\u00fcye ve g\u00fcvencesiz \u00e7al\u0131\u015fma ko\u015fullar\u0131na ortak olmas\u0131n!<\/p>\n<p>Y\u0131llard\u0131r ebeveyinlik izni veya benzeri yasal herhangi bir tadilat kad\u0131nlar\u0131n leyhine d\u00fczenlenmezken, kad\u0131nlar\u0131n hamilelik ko\u015fullar\u0131nda i\u015ften at\u0131lmas\u0131, do\u011fumun ard\u0131ndan \u00e7ocuk bak\u0131m\u0131 gibi y\u00fcklerin kad\u0131nlar\u0131n \u00fczerine y\u0131k\u0131lmas\u0131 artarak devam ediyor. Gerici, yobaz, bask\u0131c\u0131 y\u00f6netimler, fikir ve ifade \u00f6zg\u00fcrl\u00fc\u011f\u00fcm\u00fcz\u00fcn elimizden al\u0131nmaya \u00e7al\u0131\u015f\u0131lmas\u0131, g\u00f6\u00e7men emek\u00e7i kad\u0131nlar\u0131n u\u011frad\u0131\u011f\u0131 ayr\u0131mc\u0131l\u0131k, \u00f6tekile\u015ftirme ve ya\u015fad\u0131\u011f\u0131 emek s\u00f6m\u00fcr\u00fcs\u00fc ile psikolojik \u015fiddet son bulmuyor.<\/p>\n<p>D\u00fcnyay\u0131 kas\u0131p kavuran korona salg\u0131n\u0131nda adeta kendilerini feda eden sa\u011fl\u0131k emek\u00e7ileri m\u00fck\u00e2fatland\u0131r\u0131lmak yerine emekleri daha beter s\u00f6m\u00fcr\u00fcl\u00fcyor, ek mesaileri \u00f6denmiyor ve insan\u00fcst\u00fc \u00e7al\u0131\u015fma saatlerine maruz b\u0131rak\u0131l\u0131yor.<\/p>\n<p>T\u00fcm bunlara kar\u015f\u0131, 8 Mart 1857&#8217;de, haklar\u0131n\u0131 aray\u0131p grev yapt\u0131klar\u0131 i\u00e7in yanarak \u00f6len k\u0131z karde\u015flerimizin mor-k\u0131z\u0131l m\u00fccadelesi bug\u00fcn hala bize dayan\u0131\u015fma ile direnme g\u00fcc\u00fc veriyor. \u00c7\u00fcnk\u00fc devletten ve patronlardan alaca\u011f\u0131m\u0131z var!<\/p>\n<p>Ataerkil kapitalizmin kad\u0131nlar \u00fczerindeki tarihsel bask\u0131s\u0131n\u0131n yan\u0131 s\u0131ra son y\u0131llarda \u00fclkemizde ve yak\u0131n co\u011frafyam\u0131zda artan muhafazakarla\u015ft\u0131rma, fa\u015fizmin y\u00fckseli\u015fi ve sava\u015flar da kad\u0131nlar\u0131n ya\u015fam\u0131n\u0131, haklar\u0131n\u0131 ve \u00f6zg\u00fcrl\u00fc\u011f\u00fcn\u00fc hedef al\u0131yor. \u00dclkemize, son d\u00f6nemde ger\u00e7ekle\u015ftirilen aile \u00e7al\u0131\u015ftay\u0131 \u00f6rne\u011finden de g\u00f6rebilece\u011fimiz \u00fczere, yava\u015f yava\u015f ve planl\u0131 bir \u015fekilde sirayet eden neoliberal muhafazakarla\u015fma, Gerici ve yobaz y\u00f6netimler arac\u0131l\u0131\u011f\u0131 ile tektip aile modeli dayatmas\u0131, bir yandan t\u00fcm halk\u0131 yoksulla\u015ft\u0131r\u0131rken di\u011fer yandan kad\u0131nlar\u0131n toplumsal hayattan geri \u00e7ekilmesine, kad\u0131n\u0131 edilgen pozisyonuna itmesine ve aileye hapsolmas\u0131na sebep oluyor.<\/p>\n<p>E\u011fitim, sa\u011fl\u0131k, bar\u0131nma gibi sosyal haklar\u0131n geriletilmesi dinsel gericilikle birle\u015fince, devlet taraf\u0131ndan sa\u011flanmas\u0131 gereken s\u0131\u011f\u0131nma evi, kamusal kre\u015f gibi imkanlar\u0131n da olmad\u0131\u011f\u0131 \u00fclkemizde, kad\u0131nlar i\u00e7in daha fazla \u015fiddet ve bask\u0131 anlam\u0131na geliyor. Lefko\u015fa T\u00fcrk Belediyesinin kendi imkanlar\u0131yla kurdu\u011fu iki kad\u0131n s\u0131\u011f\u0131nma evinin arkas\u0131na s\u0131\u011f\u0131narak kendi \u00f6devinden ka\u00e7\u0131nan devlet bununla kalmay\u0131p artan kad\u0131na \u015fiddet vakalar\u0131na kar\u015f\u0131 herhangi \u00f6nleyici bir pratik de g\u00f6stermiyor. Var olan kad\u0131na \u015fiddeti \u00f6nleme biriminin kad\u0131na \u015fiddet vakalar\u0131nda dosya a\u00e7maktan ka\u00e7\u0131nan tavr\u0131, kad\u0131n beyan\u0131n\u0131 esas almak yerine ma\u011fduru ay\u0131playan pratikler \u015fiddet direni\u015fcisi bir\u00e7ok kad\u0131n\u0131n sessiz ve \u015fiddet ile ba\u015fba\u015fa kalmas\u0131na sebep oluyor.<\/p>\n<p>Artan \u00e7ocuk istismarlar\u0131 ve \u00e7ocuk tacizleri de, gericili\u011fin en \u00e7irkin y\u00fcz\u00fc olarak kendini g\u00f6steriyor. Kendinden olmayan\u0131 yok etmek isteyen, bas\u0131n \u00f6zg\u00fcrl\u00fc\u011f\u00fcne dahi tahamm\u00fcl\u00fc olmayan fa\u015fizm ise erkek egemen sistem ve cinsiyet\u00e7i pratikler ile kol kola girmi\u015f durumda. 21. Y\u00fczy\u0131lda Ortado\u011fu ve Avrupa\u2019da, sava\u015flar\u0131n ve i\u015fgalin halen var oldu\u011fu bu zamanda, kad\u0131nlar hala sava\u015f ganimeti olarak g\u00f6r\u00fcl\u00fcyor, \u00e7irkin d\u00fc\u015f\u00fcncelerle v\u00fccut b\u00fct\u00fcnl\u00fckleri tehdit ediliyor, sava\u015f alan\u0131nda \u00f6l\u00fcyor, evsiz kal\u0131yor, sava\u015f\u0131n y\u00fck\u00fcn\u00fc omuzlamak zorunda kal\u0131yor&#8230;<\/p>\n<p>Hal b\u00f6yleyken, yeni bir ya\u015fam\u0131 yaratma, e\u015fit ve \u00f6zg\u00fcr bir k\u00fclt\u00fcr\u00fc \u00f6rme g\u00fcc\u00fcne ve becerisine sahip olan kad\u0131nlar\u0131n, sava\u015flara, \u015fiddete, tacize ve tecav\u00fcze, fa\u015fizme, yoksulla\u015ft\u0131rma politikalar\u0131na, emek s\u00f6m\u00fcr\u00fcs\u00fcne, g\u00fcvencesiz \u00e7al\u0131\u015ft\u0131r\u0131lma ko\u015fullar\u0131na, ayr\u0131mc\u0131l\u0131\u011fa ve muhafazakarla\u015ft\u0131rmaya kar\u015f\u0131 en temel hak ve \u00f6zg\u00fcrl\u00fckleri i\u00e7in m\u00fccadele etmekten ba\u015fka se\u00e7ene\u011fi kalm\u0131yor.<\/p>\n<p>Bizler, her y\u0131l oldu\u011fu gibi bu y\u0131l da, 8 Mart D\u00fcnya Emek\u00e7i Kad\u0131nlar G\u00fcn\u00fc\u2019nde, t\u00fcm bunlar\u0131n \u00fczerine artan m\u00fccadele azmimizle y\u00fcr\u00fcyoruz!<\/p>\n<p>Devletten ve yeni kurulan h\u00fck\u00fcmetten, muhafazakarla\u015ft\u0131rmaya hi\u00e7bir kurumda ge\u00e7it vermemesini; yoksulla\u015ft\u0131rma politikalar\u0131na kar\u015f\u0131 pratik g\u00f6stermesini, emek s\u00f6m\u00fcr\u00fcs\u00fc ve g\u00fcvencesiz \u00e7al\u0131\u015fma ko\u015fullar\u0131na ortak olmak yerine bunlara kar\u015f\u0131 yapt\u0131r\u0131m uygulamas\u0131n\u0131 ve ifade \u00f6zg\u00fcrl\u00fc\u011f\u00fcm\u00fcze kar\u015f\u0131 at\u0131lan ad\u0131mlara taviz vermemesini talep ediyoruz. \u0130lk \u00f6\u011fretimden ba\u015flayarak t\u00fcm ders kitaplar\u0131na doldurulan cinsiyet\u00e7i, gerici ve ayr\u0131mc\u0131 ifadelerin derhal \u00e7\u0131kar\u0131lmas\u0131 ve bireylerin insan, kad\u0131n ve \u00e7ocuk haklar\u0131na sayg\u0131l\u0131 ki\u015filer olarak yeti\u015fmesini sa\u011flayacak adil, e\u015fit ve demokratik bir e\u011fitim anlay\u0131\u015f\u0131n\u0131n ivedilikle geli\u015ftirilmesini istiyoruz. Her b\u00f6lgeye kad\u0131n s\u0131\u011f\u0131nma evi, kamusal a\u015fevi ve \u00fccretsiz kre\u015f haklar\u0131m\u0131z\u0131n pe\u015fini b\u0131rakmayaca\u011f\u0131m\u0131z\u0131 bir kez daha vurguluyoruz. \u00a0Biz kad\u0131nlar patronlardan ve devletten alacakl\u0131y\u0131z ve taleplerimiz yerine getirilene de\u011fin de kap\u0131n\u0131zday\u0131z.<\/p>\n<p>&nbsp;<\/p>\n<p>8 Mart Organizasyon Komitesi<\/p>\n<p>Kad\u0131n E\u011fitimi Kolektifi, Alevi K\u00fclt\u00fcr Merkezi Kad\u0131n Komisyonu, Baraka K\u00fclt\u00fcr Merkezi, Ba\u011f\u0131ms\u0131zl\u0131k Yolu Lefko\u015fa B\u00f6lge \u00d6rg\u00fct\u00fc, Bas\u0131n Emek\u00e7ileri Sendikas\u0131 (BASIN-SEN), G\u00fcmr\u00fck \u00c7al\u0131\u015fanlar\u0131 Sendikas\u0131 (G\u00dc\u00c7SEN), HAKSEN, TDP TOCEK, K\u0131br\u0131s T\u00fcrk Orta E\u011fitim \u00d6\u011fretmenler Sendikas\u0131<\/p>\n<p><a href=\"https:\/\/baraka.cc\/wp-content\/uploads\/2022\/03\/11.jpg\"><img decoding=\"async\" loading=\"lazy\" class=\"alignnone size-medium wp-image-8702\" alt=\"1\" src=\"https:\/\/baraka.cc\/wp-content\/uploads\/2022\/03\/11-300x169.jpg\" width=\"300\" height=\"169\" srcset=\"https:\/\/baraka.cc\/wp-content\/uploads\/2022\/03\/11-300x170.jpg 300w, https:\/\/baraka.cc\/wp-content\/uploads\/2022\/03\/11-70x40.jpg 70w, https:\/\/baraka.cc\/wp-content\/uploads\/2022\/03\/11.jpg 820w\" sizes=\"(max-width: 300px) 100vw, 300px\" \/><\/a> <a href=\"https:\/\/baraka.cc\/wp-content\/uploads\/2022\/03\/2.jpg\"><img decoding=\"async\" loading=\"lazy\" class=\"alignnone size-medium wp-image-8703\" alt=\"2\" src=\"https:\/\/baraka.cc\/wp-content\/uploads\/2022\/03\/2-300x169.jpg\" width=\"300\" height=\"169\" srcset=\"https:\/\/baraka.cc\/wp-content\/uploads\/2022\/03\/2-300x170.jpg 300w, https:\/\/baraka.cc\/wp-content\/uploads\/2022\/03\/2-70x40.jpg 70w, https:\/\/baraka.cc\/wp-content\/uploads\/2022\/03\/2.jpg 820w\" sizes=\"(max-width: 300px) 100vw, 300px\" \/><\/a> <a href=\"https:\/\/baraka.cc\/wp-content\/uploads\/2022\/03\/3.jpg\"><img decoding=\"async\" loading=\"lazy\" class=\"alignnone size-medium wp-image-8704\" alt=\"3\" src=\"https:\/\/baraka.cc\/wp-content\/uploads\/2022\/03\/3-300x168.jpg\" width=\"300\" height=\"168\" srcset=\"https:\/\/baraka.cc\/wp-content\/uploads\/2022\/03\/3-300x168.jpg 300w, https:\/\/baraka.cc\/wp-content\/uploads\/2022\/03\/3-70x40.jpg 70w, https:\/\/baraka.cc\/wp-content\/uploads\/2022\/03\/3.jpg 870w\" sizes=\"(max-width: 300px) 100vw, 300px\" \/><\/a> <a href=\"https:\/\/baraka.cc\/wp-content\/uploads\/2022\/03\/4.jpg\"><img decoding=\"async\" loading=\"lazy\" class=\"alignnone size-medium wp-image-8705\" alt=\"4\" src=\"https:\/\/baraka.cc\/wp-content\/uploads\/2022\/03\/4-300x169.jpg\" width=\"300\" height=\"169\" srcset=\"https:\/\/baraka.cc\/wp-content\/uploads\/2022\/03\/4-300x170.jpg 300w, https:\/\/baraka.cc\/wp-content\/uploads\/2022\/03\/4-70x40.jpg 70w, https:\/\/baraka.cc\/wp-content\/uploads\/2022\/03\/4.jpg 820w\" sizes=\"(max-width: 300px) 100vw, 300px\" \/><\/a> <a href=\"https:\/\/baraka.cc\/wp-content\/uploads\/2022\/03\/5.jpg\"><img decoding=\"async\" loading=\"lazy\" class=\"alignnone size-medium wp-image-8706\" alt=\"5\" src=\"https:\/\/baraka.cc\/wp-content\/uploads\/2022\/03\/5-300x169.jpg\" width=\"300\" height=\"169\" srcset=\"https:\/\/baraka.cc\/wp-content\/uploads\/2022\/03\/5-300x170.jpg 300w, https:\/\/baraka.cc\/wp-content\/uploads\/2022\/03\/5-70x40.jpg 70w, https:\/\/baraka.cc\/wp-content\/uploads\/2022\/03\/5.jpg 820w\" sizes=\"(max-width: 300px) 100vw, 300px\" \/><\/a> <a href=\"https:\/\/baraka.cc\/wp-content\/uploads\/2022\/03\/6.jpg\"><img decoding=\"async\" loading=\"lazy\" class=\"alignnone size-medium wp-image-8707\" alt=\"6\" src=\"https:\/\/baraka.cc\/wp-content\/uploads\/2022\/03\/6-300x169.jpg\" width=\"300\" height=\"169\" srcset=\"https:\/\/baraka.cc\/wp-content\/uploads\/2022\/03\/6-300x170.jpg 300w, https:\/\/baraka.cc\/wp-content\/uploads\/2022\/03\/6-70x40.jpg 70w, https:\/\/baraka.cc\/wp-content\/uploads\/2022\/03\/6.jpg 820w\" sizes=\"(max-width: 300px) 100vw, 300px\" \/><\/a> <a href=\"https:\/\/baraka.cc\/wp-content\/uploads\/2022\/03\/7.jpg\"><img decoding=\"async\" loading=\"lazy\" class=\"alignnone size-medium wp-image-8708\" alt=\"7\" src=\"https:\/\/baraka.cc\/wp-content\/uploads\/2022\/03\/7-163x300.jpg\" width=\"163\" height=\"300\" \/><\/a> <a href=\"https:\/\/baraka.cc\/wp-content\/uploads\/2022\/03\/8.jpg\"><img decoding=\"async\" loading=\"lazy\" class=\"alignnone size-medium wp-image-8709\" alt=\"8\" src=\"https:\/\/baraka.cc\/wp-content\/uploads\/2022\/03\/8-300x169.jpg\" width=\"300\" height=\"169\" srcset=\"https:\/\/baraka.cc\/wp-content\/uploads\/2022\/03\/8-300x170.jpg 300w, https:\/\/baraka.cc\/wp-content\/uploads\/2022\/03\/8-70x40.jpg 70w, https:\/\/baraka.cc\/wp-content\/uploads\/2022\/03\/8.jpg 820w\" sizes=\"(max-width: 300px) 100vw, 300px\" \/><\/a> <a href=\"https:\/\/baraka.cc\/wp-content\/uploads\/2022\/03\/9.jpg\"><img decoding=\"async\" loading=\"lazy\" class=\"alignnone size-medium wp-image-8710\" alt=\"9\" src=\"https:\/\/baraka.cc\/wp-content\/uploads\/2022\/03\/9-300x169.jpg\" width=\"300\" height=\"169\" srcset=\"https:\/\/baraka.cc\/wp-content\/uploads\/2022\/03\/9-300x170.jpg 300w, https:\/\/baraka.cc\/wp-content\/uploads\/2022\/03\/9-70x40.jpg 70w, https:\/\/baraka.cc\/wp-content\/uploads\/2022\/03\/9.jpg 820w\" sizes=\"(max-width: 300px) 100vw, 300px\" \/><\/a> <a href=\"https:\/\/baraka.cc\/wp-content\/uploads\/2022\/03\/10.jpg\"><img decoding=\"async\" loading=\"lazy\" class=\"alignnone size-medium wp-image-8711\" alt=\"10\" src=\"https:\/\/baraka.cc\/wp-content\/uploads\/2022\/03\/10-300x168.jpg\" width=\"300\" height=\"168\" srcset=\"https:\/\/baraka.cc\/wp-content\/uploads\/2022\/03\/10-300x168.jpg 300w, https:\/\/baraka.cc\/wp-content\/uploads\/2022\/03\/10-1024x576.jpg 1024w, https:\/\/baraka.cc\/wp-content\/uploads\/2022\/03\/10-70x40.jpg 70w, https:\/\/baraka.cc\/wp-content\/uploads\/2022\/03\/10.jpg 1740w\" sizes=\"(max-width: 300px) 100vw, 300px\" \/><\/a><\/p>\n","protected":false},"excerpt":{"rendered":"<p>Her y\u0131l oldu\u011fu gibi bu y\u0131l da 8 Mart D\u00fcnya Emek\u00e7i Kad\u0131nlar g\u00fcn\u00fcde adan\u0131n d\u00f6rt bir yan\u0131nda co\u015fkulu y\u00fcr\u00fcy\u00fc\u015fler ger\u00e7ekle\u015ftirildi. Omofro, Girne Ma\u011fusa ve Lefko\u015fa\u2019da<\/p>\n","protected":false},"author":9,"featured_media":0,"comment_status":"open","ping_status":"open","sticky":false,"template":"","format":"standard","meta":{"jetpack_post_was_ever_published":false,"_jetpack_newsletter_access":"","_jetpack_newsletter_tier_id":0,"jetpack_publicize_message":"","jetpack_is_tweetstorm":false,"jetpack_publicize_feature_enabled":true,"jetpack_social_post_already_shared":true,"jetpack_social_options":{"image_generator_settings":{"template":"highway","enabled":false}}},"categories":[1],"tags":[],"jetpack_publicize_connections":[],"jetpack_featured_media_url":"","jetpack_shortlink":"https:\/\/wp.me\/p4eHWX-2gk","jetpack_sharing_enabled":true,"_links":{"self":[{"href":"https:\/\/baraka.cc\/index.php?rest_route=\/wp\/v2\/posts\/8700"}],"collection":[{"href":"https:\/\/baraka.cc\/index.php?rest_route=\/wp\/v2\/posts"}],"about":[{"href":"https:\/\/baraka.cc\/index.php?rest_route=\/wp\/v2\/types\/post"}],"author":[{"embeddable":true,"href":"https:\/\/baraka.cc\/index.php?rest_route=\/wp\/v2\/users\/9"}],"replies":[{"embeddable":true,"href":"https:\/\/baraka.cc\/index.php?rest_route=%2Fwp%2Fv2%2Fcomments&post=8700"}],"version-history":[{"count":2,"href":"https:\/\/baraka.cc\/index.php?rest_route=\/wp\/v2\/posts\/8700\/revisions"}],"predecessor-version":[{"id":8712,"href":"https:\/\/baraka.cc\/index.php?rest_route=\/wp\/v2\/posts\/8700\/revisions\/8712"}],"wp:attachment":[{"href":"https:\/\/baraka.cc\/index.php?rest_route=%2Fwp%2Fv2%2Fmedia&parent=8700"}],"wp:term":[{"taxonomy":"category","embeddable":true,"href":"https:\/\/baraka.cc\/index.php?rest_route=%2Fwp%2Fv2%2Fcategories&post=8700"},{"taxonomy":"post_tag","embeddable":true,"href":"https:\/\/baraka.cc\/index.php?rest_route=%2Fwp%2Fv2%2Ftags&post=8700"}],"curies":[{"name":"wp","href":"https:\/\/api.w.org\/{rel}","templated":true}]}}