{"id":871,"date":"2010-12-16T22:07:58","date_gmt":"2010-12-16T20:07:58","guid":{"rendered":"https:\/\/baraka.cc\/?p=871"},"modified":"2014-01-02T22:14:43","modified_gmt":"2014-01-02T20:14:43","slug":"azyz-nesynyn-kibrisa-gelyynyn-20-yilinda-etkynlyk-yapildi","status":"publish","type":"post","link":"https:\/\/baraka.cc\/?p=871","title":{"rendered":"AZYZ NESYN\u2019YN KIBRIS\u2019A GELY?YNYN 20. YILINDA ETKYNLYK YAPILDI"},"content":{"rendered":"<p><strong><span style=\"line-height: 200%; font-family: 'Verdana','sans-serif'; font-size: 11pt;\">\u00a0<\/span><\/strong><\/p>\n<p><a href=\"https:\/\/www.baraka.cc\/images\/stories\/aziz_nesin_afis.JPG\" target=\"_blank\"><img decoding=\"async\" loading=\"lazy\" alt=\" \" src=\"https:\/\/www.baraka.cc\/images\/stories\/aziz_nesin_afis.JPG\" width=\"200\" height=\"283\" align=\"left\" border=\"2\" \/><\/a><\/p>\n<p><span style=\"line-height: 200%; font-family: 'Verdana','sans-serif'; font-size: 11pt;\">B\u00fcy\u00fck yazar Aziz Nesin\u2019in Kybrys\u2019a geli?inin 20. yylynda, organizat\u00f6rl\u00fc?\u00fcn\u00fc Kybrys T\u00fcrk Sanat\u00e7y Yazarlar Birli?i ve Baraka K\u00fclt\u00fcr Merkezi\u2019nin yapaca?y, etkinlik dolu bir gece d\u00fczenlendi. Bu etkinlikte; Sol Anahtary geceye ?arkylaryyla katylyrken, Baraka Tiyatro Ekibi de kysa bir oyun sundu. Gece boyunca Aziz Nesin ?iirleri okunurken, Synyrlar Olmasyn isimli belgesel de izlendi.\u00a0<\/span><\/p>\n<p><a href=\"https:\/\/www.baraka.cc\/images\/stories\/aziz_nesin_1.JPG\" target=\"_blank\"><img decoding=\"async\" alt=\" \" src=\"https:\/\/www.baraka.cc\/images\/stories\/aziz_nesin_1.JPG\" width=\"150\" border=\"2\" \/><\/a>\u00a0\u00a0 <a href=\"https:\/\/www.baraka.cc\/images\/stories\/aziz_nesin_2.JPG\" target=\"_blank\"><img decoding=\"async\" alt=\" \" src=\"https:\/\/www.baraka.cc\/images\/stories\/aziz_nesin_2.JPG\" width=\"200\" border=\"2\" \/><\/a><\/p>\n","protected":false},"excerpt":{"rendered":"<p>\u00a0 B\u00fcy\u00fck yazar Aziz Nesin\u2019in Kybrys\u2019a geli?inin 20. yylynda, organizat\u00f6rl\u00fc?\u00fcn\u00fc Kybrys T\u00fcrk Sanat\u00e7y Yazarlar Birli?i ve Baraka K\u00fclt\u00fcr Merkezi\u2019nin yapaca?y, etkinlik dolu bir gece d\u00fczenlendi.<\/p>\n","protected":false},"author":1,"featured_media":0,"comment_status":"open","ping_status":"open","sticky":false,"template":"","format":"standard","meta":{"jetpack_post_was_ever_published":false,"_jetpack_newsletter_access":"","_jetpack_newsletter_tier_id":0,"jetpack_publicize_message":"","jetpack_is_tweetstorm":false,"jetpack_publicize_feature_enabled":true,"jetpack_social_post_already_shared":false,"jetpack_social_options":{"image_generator_settings":{"template":"highway","enabled":false}}},"categories":[24,22,56],"tags":[],"jetpack_publicize_connections":[],"jetpack_featured_media_url":"","jetpack_shortlink":"https:\/\/wp.me\/p4eHWX-e3","jetpack_sharing_enabled":true,"_links":{"self":[{"href":"https:\/\/baraka.cc\/index.php?rest_route=\/wp\/v2\/posts\/871"}],"collection":[{"href":"https:\/\/baraka.cc\/index.php?rest_route=\/wp\/v2\/posts"}],"about":[{"href":"https:\/\/baraka.cc\/index.php?rest_route=\/wp\/v2\/types\/post"}],"author":[{"embeddable":true,"href":"https:\/\/baraka.cc\/index.php?rest_route=\/wp\/v2\/users\/1"}],"replies":[{"embeddable":true,"href":"https:\/\/baraka.cc\/index.php?rest_route=%2Fwp%2Fv2%2Fcomments&post=871"}],"version-history":[{"count":1,"href":"https:\/\/baraka.cc\/index.php?rest_route=\/wp\/v2\/posts\/871\/revisions"}],"predecessor-version":[{"id":875,"href":"https:\/\/baraka.cc\/index.php?rest_route=\/wp\/v2\/posts\/871\/revisions\/875"}],"wp:attachment":[{"href":"https:\/\/baraka.cc\/index.php?rest_route=%2Fwp%2Fv2%2Fmedia&parent=871"}],"wp:term":[{"taxonomy":"category","embeddable":true,"href":"https:\/\/baraka.cc\/index.php?rest_route=%2Fwp%2Fv2%2Fcategories&post=871"},{"taxonomy":"post_tag","embeddable":true,"href":"https:\/\/baraka.cc\/index.php?rest_route=%2Fwp%2Fv2%2Ftags&post=871"}],"curies":[{"name":"wp","href":"https:\/\/api.w.org\/{rel}","templated":true}]}}