{"id":8717,"date":"2022-03-11T10:36:22","date_gmt":"2022-03-11T08:36:22","guid":{"rendered":"https:\/\/baraka.cc\/?p=8717"},"modified":"2022-03-11T10:36:22","modified_gmt":"2022-03-11T08:36:22","slug":"fukusima-nukleer-santralideki-felaketin-yildonumune-iliskin-bileseni-oldugumuz-kibris-nukleer-karsiti-platformun-basin-aciklamasi","status":"publish","type":"post","link":"https:\/\/baraka.cc\/?p=8717","title":{"rendered":"FUKU\u015e\u0130MA N\u00dcKLEER SANTRAL\u0130DEK\u0130 FELAKET\u0130N YILD\u00d6N\u00dcM\u00dcNE \u0130L\u0130\u015eK\u0130N, B\u0130LE\u015eEN\u0130 OLDU\u011eUMUZ KIBRIS N\u00dcKLEER KAR\u015eITI PLATFORM&#8217;UN BASIN A\u00c7IKLAMASI"},"content":{"rendered":"<div dir=\"auto\"><a href=\"https:\/\/baraka.cc\/wp-content\/uploads\/2022\/03\/untitled-1_1587882502.jpg\"><img decoding=\"async\" loading=\"lazy\" class=\"alignnone size-medium wp-image-8718\" alt=\"untitled-1_1587882502\" src=\"https:\/\/baraka.cc\/wp-content\/uploads\/2022\/03\/untitled-1_1587882502-300x170.jpg\" width=\"300\" height=\"170\" srcset=\"https:\/\/baraka.cc\/wp-content\/uploads\/2022\/03\/untitled-1_1587882502-300x170.jpg 300w, https:\/\/baraka.cc\/wp-content\/uploads\/2022\/03\/untitled-1_1587882502-70x40.jpg 70w, https:\/\/baraka.cc\/wp-content\/uploads\/2022\/03\/untitled-1_1587882502.jpg 971w\" sizes=\"(max-width: 300px) 100vw, 300px\" \/><\/a><\/div>\n<div dir=\"auto\">Japonya, Fukushima\u2019da N\u00fckleer Santralde meydana gelen felaketin \u00fczerinden 11 Mart 2011\u2019den bu yana on bir y\u0131l ge\u00e7ti. Tesis, 9 derecelik (Richter \u00f6l\u00e7e\u011fi) bir depremin ve bunun sonucunda meydana gelen tsunaminin etkisine dayanamad\u0131. Bu t\u00fcr olaylar, her zamanki kazalar olarak kabul edilebilir mi? Sismojenik alanlarda n\u00fckleer santral in\u015fa etmek ne kadar riskli ve neden yenilenebilir enerji kaynaklar\u0131n\u0131n kullan\u0131m\u0131n\u0131 te\u015fvik etmiyorsunuz? Tart\u0131\u015fma Akkuyu \u00f6rne\u011finde ge\u00e7erlidir.<\/div>\n<div dir=\"auto\">K\u0131br\u0131s N\u00fckleer Kar\u015f\u0131t\u0131 Platform, K\u0131br\u0131s\u2019\u0131n her yerinden \u00f6rg\u00fctlerden olu\u015fuyor. Birka\u00e7 y\u0131ld\u0131r T\u00fcrkiye\u2019nin g\u00fcney k\u0131y\u0131s\u0131nda, adam\u0131za \u00e7ok yak\u0131n olan Akkuyu N\u00fckleer Santrali\u2019nin in\u015faat\u0131 devam etmekte olan risklere kar\u015f\u0131 toplumun fark\u0131ndal\u0131\u011f\u0131n\u0131 art\u0131r\u0131yor ve santralin 2023 y\u0131l\u0131nda faaliyete ge\u00e7mesi bekleniyor. Tesisin g\u00fcvenlik sistemlerinde meydana gelebilecek bir ar\u0131zan\u0131n veya depremin etkisi y\u00fcksek risk olu\u015fturmaktad\u0131r. Akkuyu\u2019ya Ankara\u2019dan \u00e7ok daha yak\u0131n olan K\u0131br\u0131s i\u00e7in sonu\u00e7lar ka\u00e7\u0131n\u0131lmaz olarak felaket olacakt\u0131r. B\u00f6lgemiz siyasi olarak istikrars\u0131z ve bu da riskleri \u00f6nemli \u00f6l\u00e7\u00fcde art\u0131r\u0131yor. Ayr\u0131ca, bir n\u00fckleer santralin g\u00fcnl\u00fck olarak i\u015fletilmesi bile, radyoaktif at\u0131klar\u0131n bertaraf\u0131 ve deniz suyunun termal kirlili\u011fi nedeniyle insanlar, su ya\u015fam\u0131 ve genel olarak \u00e7evre i\u00e7in bir tehlike olu\u015fturmaktad\u0131r. Kesin olmak gerekirse, n\u00fckleer g\u00fcc\u00fcn \u201cbar\u0131\u015f\u00e7\u0131l kullan\u0131m\u0131\u201d terimi anlams\u0131zd\u0131r.<\/div>\n<div dir=\"auto\">Rusya\u2019n\u0131n \u00fclkeyi i\u015fgali sonras\u0131nda Ukrayna\u2019da ya\u015fanan son geli\u015fmeler ve Zaporizhzhia n\u00fckleer santralinde \u00e7\u0131kan yang\u0131n hepimizin kar\u015f\u0131 kar\u015f\u0131ya oldu\u011fu n\u00fckleer tehdidin alt\u0131n\u0131 \u00e7iziyor. Avrupa\u2019n\u0131n Ukrayna\u2019daki en b\u00fcy\u00fck n\u00fckleer santrali Zaporizhzhia, Rus askeri g\u00fc\u00e7leri taraf\u0131ndan ele ge\u00e7irildi ve Ukrayna acil servisleri, Zaporizhzhia NPP\u2019nin Energodar\u2019daki e\u011fitim binas\u0131nda \u00e7\u0131kan yang\u0131n\u0131n s\u00f6nd\u00fcr\u00fcld\u00fc\u011f\u00fcn\u00fc do\u011frulamas\u0131na ra\u011fmen, Uluslararas\u0131 Atom Enerjisi Ajans\u0131 yapt\u0131\u011f\u0131 a\u00e7\u0131klamada, n\u00fckleer santraldeki \u201cciddi durum nedeniyle olay ve acil durum merkezini 7\/24 tam m\u00fcdahale moduna\u201d ge\u00e7iriyordu.<\/div>\n<div dir=\"auto\">K\u0131br\u0131s N\u00fckleer Kar\u015f\u0131t\u0131 Platform, bir Akdeniz ve n\u00fckleer silahlardan ar\u0131nm\u0131\u015f bir d\u00fcnya i\u00e7in hem K\u0131br\u0131s\u2019ta hem de yurtd\u0131\u015f\u0131ndaki t\u00fcm kesimlerle sesini birle\u015ftiriyor! Dahas\u0131 t\u00fcm \u00fclkeleri N\u00fckleer Silahlar\u0131n Yasaklanmas\u0131 Antla\u015fmas\u0131\u2019n\u0131 (TPNW) imzalamaya, onaylamaya ve sayg\u0131 duymaya \u00e7a\u011f\u0131r\u0131r\u0131z.<\/div>\n<div dir=\"auto\">K\u0131br\u0131s N\u00fckleer Kar\u015f\u0131t\u0131 Platform \u00c7ernobil felaketinin 36. Y\u0131l d\u00f6n\u00fcm\u00fcnde 27 Nisan, \u00c7ar\u015famba g\u00fcn\u00fc b\u00fcy\u00fck bir n\u00fckleer kar\u015f\u0131t\u0131 eylem i\u00e7in \u00e7al\u0131\u015fmalar\u0131n\u0131 da ba\u015flatt\u0131.<\/div>\n<div dir=\"auto\">KIBRIS N\u00dcKLEER KAR\u015eITI PLATFORM<\/div>\n<div dir=\"auto\">11 Mart 2022<\/div>\n","protected":false},"excerpt":{"rendered":"<p>Japonya, Fukushima\u2019da N\u00fckleer Santralde meydana gelen felaketin \u00fczerinden 11 Mart 2011\u2019den bu yana on bir y\u0131l ge\u00e7ti. Tesis, 9 derecelik (Richter \u00f6l\u00e7e\u011fi) bir depremin ve<\/p>\n","protected":false},"author":3,"featured_media":8718,"comment_status":"open","ping_status":"open","sticky":false,"template":"","format":"standard","meta":{"jetpack_post_was_ever_published":false,"_jetpack_newsletter_access":"","_jetpack_newsletter_tier_id":0,"jetpack_publicize_message":"","jetpack_is_tweetstorm":false,"jetpack_publicize_feature_enabled":true,"jetpack_social_post_already_shared":true,"jetpack_social_options":{"image_generator_settings":{"template":"highway","enabled":false}}},"categories":[41,38,9,1],"tags":[],"jetpack_publicize_connections":[],"jetpack_featured_media_url":"https:\/\/baraka.cc\/wp-content\/uploads\/2022\/03\/untitled-1_1587882502.jpg","jetpack_shortlink":"https:\/\/wp.me\/p4eHWX-2gB","jetpack_sharing_enabled":true,"_links":{"self":[{"href":"https:\/\/baraka.cc\/index.php?rest_route=\/wp\/v2\/posts\/8717"}],"collection":[{"href":"https:\/\/baraka.cc\/index.php?rest_route=\/wp\/v2\/posts"}],"about":[{"href":"https:\/\/baraka.cc\/index.php?rest_route=\/wp\/v2\/types\/post"}],"author":[{"embeddable":true,"href":"https:\/\/baraka.cc\/index.php?rest_route=\/wp\/v2\/users\/3"}],"replies":[{"embeddable":true,"href":"https:\/\/baraka.cc\/index.php?rest_route=%2Fwp%2Fv2%2Fcomments&post=8717"}],"version-history":[{"count":1,"href":"https:\/\/baraka.cc\/index.php?rest_route=\/wp\/v2\/posts\/8717\/revisions"}],"predecessor-version":[{"id":8719,"href":"https:\/\/baraka.cc\/index.php?rest_route=\/wp\/v2\/posts\/8717\/revisions\/8719"}],"wp:featuredmedia":[{"embeddable":true,"href":"https:\/\/baraka.cc\/index.php?rest_route=\/wp\/v2\/media\/8718"}],"wp:attachment":[{"href":"https:\/\/baraka.cc\/index.php?rest_route=%2Fwp%2Fv2%2Fmedia&parent=8717"}],"wp:term":[{"taxonomy":"category","embeddable":true,"href":"https:\/\/baraka.cc\/index.php?rest_route=%2Fwp%2Fv2%2Fcategories&post=8717"},{"taxonomy":"post_tag","embeddable":true,"href":"https:\/\/baraka.cc\/index.php?rest_route=%2Fwp%2Fv2%2Ftags&post=8717"}],"curies":[{"name":"wp","href":"https:\/\/api.w.org\/{rel}","templated":true}]}}