{"id":876,"date":"2010-12-09T22:14:46","date_gmt":"2010-12-09T20:14:46","guid":{"rendered":"https:\/\/baraka.cc\/?p=876"},"modified":"2014-01-02T22:15:33","modified_gmt":"2014-01-02T20:15:33","slug":"medyada-cynsyyetcylye-hayir-eylemy-yapildi","status":"publish","type":"post","link":"https:\/\/baraka.cc\/?p=876","title":{"rendered":"\u201cMEDYADA CYNSYYET\u00c7YLY?E HAYIR\u201d EYLEMY YAPILDI"},"content":{"rendered":"<p class=\"MsoNormal\" style=\"text-align: justify; line-height: 200%; margin: 0cm 0cm 0pt;\">\n<p><strong><span style=\"font-family: 'Verdana','sans-serif';\"><span style=\"font-size: medium;\">\u00a0\u00a0\u00a0\u00a0 <\/span><\/span><\/strong><\/p>\n<p class=\"MsoNormal\" style=\"text-align: justify; line-height: 200%; margin: 0cm 0cm 0pt;\"><strong><span style=\"font-family: 'Verdana','sans-serif';\"><span style=\"font-size: medium;\">YKP-Fem, Baraka K\u00fclt\u00fcr Merkezi ve POST Ara?tyrma Enst\u00fct\u00fcs\u00fc, 7 Aralyk Saly g\u00fcn\u00fc Yenid\u00fczen Gazetesi \u00f6n\u00fcnde bir eylem yaparak, gazetenin Pazar ekinde Mert \u00d6zda? tarafyndan yayynlanan \u201cYa?anmy? Bir Hayat Hikayesi\u201d adly gece kul\u00fcpleriyle ilgili yazy dizisini protesto etti.<\/span><\/span><\/strong><\/p>\n<p><strong><span style=\"font-family: 'Verdana','sans-serif';\"><span style=\"font-size: medium;\">\u00a0\u00a0\u00a0\u00a0\u00a0\u00a0\u00a0\u00a0\u00a0\u00a0\u00a0\u00a0\u00a0\u00a0\u00a0\u00a0\u00a0\u00a0\u00a0\u00a0\u00a0\u00a0 \u00a0<\/span><\/span><\/strong><\/p>\n<p class=\"MsoNormal\" style=\"text-align: justify; line-height: 200%; margin: 0cm 0cm 0pt;\"><span style=\"font-family: 'Verdana','sans-serif';\"><span style=\"font-size: medium;\"><a href=\"https:\/\/www.baraka.cc\/images\/stories\/medyadacinsiyetcilik1_1.JPG\" target=\"_blank\"><img decoding=\"async\" loading=\"lazy\" alt=\" \" src=\"https:\/\/www.baraka.cc\/images\/stories\/medyadacinsiyetcilik1_1.JPG\" width=\"200\" height=\"118\" align=\"left\" border=\"2\" \/><\/a>Eylemde \u201cMedyada Cinsiyet\u00e7ili?e Hayyr\u201d, \u201cK\u00f6leli?i Normalle?tirme\u201d ve \u201cYenid\u00fczen Senden Beklemezdik\u201d gibi pankartlar tutuldu. Bu eylemi Yenid\u00fczen \u00f6n\u00fcnde yapsalar da t\u00fcm medyanyn cinsiyet\u00e7i haber ve yazylar yayynlady?yna, magazin ady altynda kadyn bedenini te?hir etti?ine dikkat \u00e7eken eylemciler, di?er gazeteleri de uyardyrlar. Eylemdeki polis sayysynyn fazlaly?y ve polislerden birinin eylemcilere \u201cGece kul\u00fcpleri kapanyrsa size tecav\u00fcz edecekler\u201d demesi dikkat \u00e7ekiciydi.<\/span><\/span><\/p>\n<p><span style=\"font-family: 'Verdana','sans-serif';\"><span style=\"font-size: medium;\">\u00a0\u00a0\u00a0\u00a0\u00a0\u00a0\u00a0\u00a0\u00a0\u00a0\u00a0\u00a0\u00a0\u00a0\u00a0\u00a0\u00a0\u00a0\u00a0\u00a0\u00a0\u00a0\u00a0\u00a0\u00a0\u00a0\u00a0\u00a0 \u00a0<\/span><\/span><\/p>\n<p class=\"MsoNormal\" style=\"text-align: justify; line-height: 200%; margin: 0cm 0cm 0pt;\"><span style=\"font-family: 'Verdana','sans-serif';\"><span style=\"font-size: medium;\">Basyn a\u00e7yklamasynyn okunmasynyn ardyndan Yenid\u00fczen Gazetesi <img decoding=\"async\" loading=\"lazy\" alt=\" \" src=\"https:\/\/www.baraka.cc\/images\/stories\/medya_cinsiyetcilik.jpg\" width=\"200\" height=\"262\" align=\"right\" border=\"2\" \/>yetkililerinden Cenk Mutluyakaly\u2019nyn odasyna davet edilen eylemciler, burada gazete yetkilileriyle bir s\u00fcre sohbet ederek fikir aly? veri?inde bulundular.<\/span><\/span><\/p>\n<p><span style=\"font-family: 'Verdana','sans-serif';\"><span style=\"font-size: medium;\">\u00a0\u00a0\u00a0\u00a0\u00a0\u00a0\u00a0\u00a0\u00a0\u00a0\u00a0\u00a0\u00a0\u00a0\u00a0\u00a0\u00a0\u00a0 <\/span><\/span><\/p>\n<p class=\"MsoNormal\" style=\"text-align: justify; line-height: 200%; margin: 0cm 0cm 0pt;\"><span style=\"font-family: 'Verdana','sans-serif';\"><span style=\"font-size: medium;\">Eylemde okunan basyn a\u00e7yklamasynyn tam metni ise ?\u00f6yle:<\/span><\/span><\/p>\n<p><span style=\"font-family: 'Verdana','sans-serif';\"><span style=\"font-size: medium;\">\u00a0\u00a0\u00a0\u00a0\u00a0\u00a0\u00a0\u00a0\u00a0\u00a0\u00a0\u00a0\u00a0\u00a0\u00a0\u00a0\u00a0\u00a0\u00a0\u00a0 <\/span><\/span><\/p>\n<p class=\"MsoNormal\" style=\"text-align: justify; line-height: 200%; margin: 0cm 0cm 0pt;\"><span style=\"font-family: 'Verdana','sans-serif';\"><span style=\"font-size: medium;\">De?erli basyn emek\u00e7ileri de?erli halkymyz,<\/span><\/span><\/p>\n<p><span style=\"font-family: 'Verdana','sans-serif';\"><span style=\"font-size: medium;\">\u00a0\u00a0\u00a0\u00a0\u00a0\u00a0\u00a0\u00a0\u00a0\u00a0\u00a0\u00a0\u00a0\u00a0\u00a0\u00a0\u00a0\u00a0\u00a0\u00a0\u00a0\u00a0\u00a0\u00a0\u00a0 <\/span><\/span><\/p>\n<p class=\"MsoNormal\" style=\"text-align: justify; line-height: 200%; margin: 0cm 0cm 0pt;\"><span style=\"font-family: 'Verdana','sans-serif';\"><span style=\"font-size: medium;\">Bug\u00fcn burada Yenid\u00fczen Gazetesi\u2019nin Pazar ekinde, Mert \u00d6zda? imzasyyla iki haftadyr yayynlanmakta olan \u201cYa?anmy? Bir Hayat Hikayesi\u201d adly yazy dizisini protesto etmek i\u00e7in toplandyk. <\/span><\/span><\/p>\n<p><span style=\"font-family: 'Verdana','sans-serif';\"><span style=\"font-size: medium;\">\u00a0\u00a0\u00a0\u00a0\u00a0\u00a0\u00a0\u00a0\u00a0\u00a0\u00a0\u00a0\u00a0\u00a0\u00a0\u00a0\u00a0\u00a0\u00a0\u00a0\u00a0\u00a0\u00a0\u00a0\u00a0\u00a0 <\/span><\/span><\/p>\n<p class=\"MsoNormal\" style=\"text-align: justify; line-height: 200%; margin: 0cm 0cm 0pt;\"><span style=\"font-family: 'Verdana','sans-serif';\"><span style=\"font-size: medium;\">Ylk yayynlandy?y g\u00fcnden bu yana, Mert \u00d6zda?\u2019a ve Yenid\u00fczen yetkililerine yapty?ymyz ele?tiriler ve yazy dizisini durdurma \u00f6nerimiz dikkate alynmamy? ve yazy yayynlanmaya devam etmi?tir. Kendilerine yazdy?ymyz mektupta da ifade etti?imiz gibi; Gece kul\u00fcplerinde ya?anan insan haklary ihlalleri ile ilgli haber ve yazylaryn yayynlanmasy, kamuoyunun ve \u00f6zellikle de devlet yetkililerinin dikkatinin bu y\u00f6ne \u00e7ekilmesi, h\u00fck\u00fcmet \u00fczerinde bir basky olu?turmak adyna elbette faydaly ve gereklidir. Ancak bu gibi haber ve yazylaryn, magazin formatynda, \u00f6zendirici, gece kul\u00fcplerindeki kadynlaryn k\u00f6lelik ko?ullaryny g\u00f6rmezden gelen ve kadyn eti alynyp satylmasyny me?rula?tyracak bir \u00fcslupla yazylmasy, en az gece kul\u00fcplerinde ya?ananlar kadar insanlyk dy?ydyr. Mert \u00d6zda?\u2019yn s\u00f6z konusu yazysy, \u201cgazeteci sorumlulu?uyla ger\u00e7ekleri anlatma\u201d s\u00fcs\u00fc verilmeye \u00e7aly?ylsa da erkek egemen histerileri ky?kyrtan ve sadece gece kul\u00fcb\u00fcndeki kadynlary de?il t\u00fcm\u00fcyle kadyn bedenini a?a?ylayan bir yazydyr.<\/span><\/span><\/p>\n<p><span style=\"font-family: 'Verdana','sans-serif';\"><span style=\"font-size: medium;\">\u00a0\u00a0\u00a0\u00a0\u00a0\u00a0\u00a0\u00a0\u00a0\u00a0\u00a0\u00a0\u00a0\u00a0\u00a0\u00a0\u00a0\u00a0\u00a0\u00a0\u00a0\u00a0\u00a0\u00a0\u00a0\u00a0\u00a0\u00a0\u00a0\u00a0\u00a0\u00a0\u00a0\u00a0\u00a0\u00a0\u00a0\u00a0\u00a0\u00a0 <span>\u00a0 <\/span><\/span><\/span><\/p>\n<p class=\"MsoNormal\" style=\"text-align: justify; line-height: 200%; margin: 0cm 0cm 0pt;\"><span style=\"font-family: 'Verdana','sans-serif';\"><span style=\"font-size: medium;\">Ayryca rop\u00f6rtaj gibi g\u00f6sterilen bu metin, uzunca bir s\u00fcreden beri internet ortamynda dola?an, ger\u00e7ek olup olmady?y dahi ?aibeli olan, dolayysyyla da hi\u00e7bir ?ekilde haber de?eri ta?ymayan bir metindir. B\u00f6ylesi bir metnin, yazy dizisi ?ekline sokulup ilgili ki?iyle rop\u00f6rtaj yapylmy? gibi yayynlanmasy, okuyuculary aldatmak anlamyna gelir ve gazetecilik eti?iyle de ba?da?maz.<\/span><\/span><\/p>\n<p><span style=\"font-family: 'Verdana','sans-serif';\"><span style=\"font-size: medium;\">\u00a0\u00a0\u00a0\u00a0\u00a0\u00a0\u00a0\u00a0\u00a0\u00a0\u00a0\u00a0\u00a0\u00a0\u00a0\u00a0\u00a0\u00a0\u00a0\u00a0\u00a0 \u00a0<\/span><\/span><\/p>\n<p class=\"MsoNormal\" style=\"text-align: justify; line-height: 200%; margin: 0cm 0cm 0pt;\"><span style=\"font-size: medium;\"><span style=\"font-family: 'Verdana','sans-serif';\">S\u00f6z konusu yazy, Mert \u00d6zda?\u2019yn gece kul\u00fcpleri hakkyndaki ilk cinsiyet\u00e7i yazysy de?ildir. 25 A?ustos 2010 tarihli Yenid\u00fczen gazetesinde yayynlanan \u201cFuhu? ve 300 bin Erkek\u201d<span>\u00a0 <\/span><\/span><span style=\"font-family: 'Verdana','sans-serif';\">ba?lykly, bilimsel dayanaktan mahrum yazyda, gece kul\u00fcpleri kapatyly?y takdirde tecav\u00fczlerin artaca?y \u00f6ne s\u00fcr\u00fclmekte, dolayly olarak yrk\u00e7y bir ?ekilde yabancy kadynlaryn k\u00f6lele?tirilmesi me?rula?tyrylmaktaydy.<\/span><\/span><\/p>\n<p><span style=\"font-size: medium;\"><span style=\"font-family: 'Verdana','sans-serif';\">\u00a0\u00a0\u00a0\u00a0\u00a0\u00a0\u00a0\u00a0\u00a0\u00a0\u00a0\u00a0\u00a0\u00a0\u00a0\u00a0\u00a0\u00a0\u00a0\u00a0\u00a0 \u00a0<\/span><\/span><\/p>\n<p class=\"MsoNormal\" style=\"text-align: justify; line-height: 200%; margin: 0cm 0cm 0pt;\"><span style=\"font-family: 'Verdana','sans-serif';\"><span style=\"font-size: medium;\">Mert \u00d6zda? ve Yenid\u00fczen Gazetesi, gece kul\u00fcplerine kar?y ise bunu a\u00e7yk\u00e7a ortaya koymaly ve yayynlaryny bu do?rultuda yapmalydyr. Yok e?er gece kul\u00fcplerinin devamyndan yana ise bunu da a\u00e7yk\u00e7a belirtmeli ve takdiri ya da tepkiyi okuyuculara byrakmalydyr.<\/span><\/span><\/p>\n<p><span style=\"font-family: 'Verdana','sans-serif';\"><span style=\"font-size: medium;\">\u00a0\u00a0\u00a0\u00a0\u00a0\u00a0\u00a0\u00a0\u00a0\u00a0\u00a0\u00a0\u00a0\u00a0\u00a0\u00a0\u00a0\u00a0\u00a0\u00a0\u00a0\u00a0 \u00a0<\/span><\/span><\/p>\n<p class=\"MsoNormal\" style=\"text-align: justify; line-height: 200%; margin: 0cm 0cm 0pt;\"><span style=\"font-family: 'Verdana','sans-serif';\"><span style=\"font-size: medium;\">Evrensel haber eti?i ilkelerine, eme?in de?erine ve toplumsal cinsiyet e?itli?ine vurgu yapan b\u00f6ylesi bir gazetenin, hakly ele?tirilerimizi yapycy y\u00f6nde de?erlendirmesini ve yayynlaryna bu do?rultuda devam etmesini umuyoruz. Ayryca cinsiyet\u00e7i ve yrk\u00e7y s\u00f6ylemin ifade \u00f6zg\u00fcrl\u00fc?\u00fc \u00f6rt\u00fcs\u00fcyle kapatylamayaca?yny da hatyrlatyyor, ifade \u00f6zg\u00fcrl\u00fc?\u00fcn\u00fcn belirli cinsel kimlik ve etnik k\u00f6kene kar?y ho?g\u00f6r\u00fcs\u00fczl\u00fck i\u00e7ermedi?i s\u00fcrece kulanabilece?ini vurguluyoruz.<\/span><\/span><\/p>\n<p><span style=\"font-family: 'Verdana','sans-serif';\"><span style=\"font-size: medium;\">\u00a0\u00a0\u00a0\u00a0\u00a0\u00a0\u00a0\u00a0\u00a0\u00a0\u00a0\u00a0\u00a0\u00a0\u00a0\u00a0\u00a0\u00a0\u00a0\u00a0\u00a0\u00a0 \u00a0<\/span><\/span><\/p>\n<p class=\"MsoNormal\" style=\"text-align: justify; line-height: 200%; margin: 0cm 0cm 0pt;\"><span style=\"font-family: 'Verdana','sans-serif';\"><span style=\"font-size: medium;\"><a href=\"https:\/\/www.baraka.cc\/images\/stories\/medyadacinsiyetcilik1_2.JPG\" target=\"_blank\"><img decoding=\"async\" loading=\"lazy\" alt=\" \" src=\"https:\/\/www.baraka.cc\/images\/stories\/medyadacinsiyetcilik1_2.JPG\" width=\"200\" height=\"122\" align=\"left\" border=\"2\" \/><\/a>Bug\u00fcn ele?tirilerimizi Yenid\u00fczen Gazetesi\u2019ne y\u00f6neltmi? olsak da neredeyse her gazete ve televizyon kanalynda toplumsal cinsiyet e?itli?ine aykyry yayynlar yapylmakta, magazin sayfalarynda kadyn bedeni bir meta gibi te?hir edilmektedir. Bu protestomuzla di?er medya kurulu?laryny da uyaryyor ve cinsiyet\u00e7i, erkek egemen, kadynlary a?a?ylayan yayynlar yapmalary halinde kendilerini de protesto edece?imizi bildiriyoruz.<\/span><\/span><\/p>\n<p><span style=\"font-family: 'Verdana','sans-serif';\"><span style=\"font-size: medium;\">\u00a0\u00a0\u00a0\u00a0\u00a0\u00a0\u00a0\u00a0\u00a0\u00a0\u00a0\u00a0\u00a0\u00a0\u00a0\u00a0\u00a0\u00a0\u00a0\u00a0\u00a0\u00a0 <\/span><\/span><\/p>\n<p class=\"MsoNormal\" style=\"text-align: justify; line-height: 200%; margin: 0cm 0cm 0pt;\"><span style=\"font-family: 'Verdana','sans-serif';\"><span style=\"font-size: medium;\"><strong>YKP-Fem, POST Ara?tyrma Enstit\u00fcs\u00fc, Baraka K\u00fclt\u00fcr Merkezi<\/strong><\/span><\/span><\/p>\n<p><span style=\"font-family: 'Verdana','sans-serif';\"><span style=\"font-size: medium;\"><strong>\u00a0\u00a0\u00a0\u00a0\u00a0\u00a0\u00a0\u00a0\u00a0\u00a0\u00a0\u00a0\u00a0\u00a0\u00a0\u00a0 <\/strong><\/span><\/span><span style=\"font-family: 'Verdana','sans-serif';\"><span style=\"font-size: medium;\">\u00a0<\/span><\/span><span style=\"font-family: 'Verdana','sans-serif';\"><span style=\"font-size: medium;\">\u00a0<\/span><\/span><span style=\"font-family: 'Verdana','sans-serif';\"><span style=\"font-size: medium;\"><a href=\"https:\/\/www.baraka.cc\/index.php?option=com_content&amp;task=view&amp;id=599&amp;Itemid=676\">Yenid\u00fczen Gazetesi&#8217;ne g\u00f6nderilen a\u00e7yk mektup<\/a><\/span><\/span><span style=\"font-family: 'Verdana','sans-serif';\"><span style=\"font-size: medium;\">\u00a0<\/span><\/span><span style=\"font-family: 'Verdana','sans-serif';\"><span style=\"font-size: medium;\">\u00a0<\/span><\/span><span style=\"font-family: 'Verdana','sans-serif';\"><span style=\"font-size: medium;\">\u00a0<\/span><\/span><\/p>\n","protected":false},"excerpt":{"rendered":"<p>\u00a0\u00a0\u00a0\u00a0 YKP-Fem, Baraka K\u00fclt\u00fcr Merkezi ve POST Ara?tyrma Enst\u00fct\u00fcs\u00fc, 7 Aralyk Saly g\u00fcn\u00fc Yenid\u00fczen Gazetesi \u00f6n\u00fcnde bir eylem yaparak, gazetenin Pazar ekinde Mert \u00d6zda? tarafyndan<\/p>\n","protected":false},"author":1,"featured_media":0,"comment_status":"open","ping_status":"open","sticky":false,"template":"","format":"standard","meta":{"jetpack_post_was_ever_published":false,"_jetpack_newsletter_access":"","_jetpack_newsletter_tier_id":0,"jetpack_publicize_message":"","jetpack_is_tweetstorm":false,"jetpack_publicize_feature_enabled":true,"jetpack_social_post_already_shared":false,"jetpack_social_options":{"image_generator_settings":{"template":"highway","enabled":false}}},"categories":[66],"tags":[],"jetpack_publicize_connections":[],"jetpack_featured_media_url":"","jetpack_shortlink":"https:\/\/wp.me\/p4eHWX-e8","jetpack_sharing_enabled":true,"_links":{"self":[{"href":"https:\/\/baraka.cc\/index.php?rest_route=\/wp\/v2\/posts\/876"}],"collection":[{"href":"https:\/\/baraka.cc\/index.php?rest_route=\/wp\/v2\/posts"}],"about":[{"href":"https:\/\/baraka.cc\/index.php?rest_route=\/wp\/v2\/types\/post"}],"author":[{"embeddable":true,"href":"https:\/\/baraka.cc\/index.php?rest_route=\/wp\/v2\/users\/1"}],"replies":[{"embeddable":true,"href":"https:\/\/baraka.cc\/index.php?rest_route=%2Fwp%2Fv2%2Fcomments&post=876"}],"version-history":[{"count":1,"href":"https:\/\/baraka.cc\/index.php?rest_route=\/wp\/v2\/posts\/876\/revisions"}],"predecessor-version":[{"id":878,"href":"https:\/\/baraka.cc\/index.php?rest_route=\/wp\/v2\/posts\/876\/revisions\/878"}],"wp:attachment":[{"href":"https:\/\/baraka.cc\/index.php?rest_route=%2Fwp%2Fv2%2Fmedia&parent=876"}],"wp:term":[{"taxonomy":"category","embeddable":true,"href":"https:\/\/baraka.cc\/index.php?rest_route=%2Fwp%2Fv2%2Fcategories&post=876"},{"taxonomy":"post_tag","embeddable":true,"href":"https:\/\/baraka.cc\/index.php?rest_route=%2Fwp%2Fv2%2Ftags&post=876"}],"curies":[{"name":"wp","href":"https:\/\/api.w.org\/{rel}","templated":true}]}}