{"id":877,"date":"2011-01-26T22:15:42","date_gmt":"2011-01-26T20:15:42","guid":{"rendered":"https:\/\/baraka.cc\/?p=877"},"modified":"2014-01-02T22:17:16","modified_gmt":"2014-01-02T20:17:16","slug":"baraka-halkin-haklari-formuna-katildi","status":"publish","type":"post","link":"https:\/\/baraka.cc\/?p=877","title":{"rendered":"BARAKA HALKIN HAKLARI FORMUNA KATILDI"},"content":{"rendered":"<p class=\"MsoNormal\" style=\"margin: 0cm 0cm 0pt; line-height: 200%; text-align: justify;\">\n<p class=\"MsoNormal\" style=\"margin: 0cm 0cm 0pt; line-height: 200%; text-align: justify;\"><span style=\"font-family: 'Verdana','sans-serif';\"><span style=\"font-size: medium;\">\u00a0\u00a0\u00a0\u00a0\u00a0\u00a0\u00a0\u00a0\u00a0\u00a0\u00a0\u00a0\u00a0 \u00a0<\/span><\/span><\/p>\n<p class=\"MsoNormal\" style=\"margin: 0cm 0cm 0pt; line-height: 200%; text-align: justify;\"><span style=\"font-family: 'Verdana','sans-serif';\"><span style=\"font-size: medium;\"><a href=\"https:\/\/www.baraka.cc\/images\/stories\/halkinhaklariformu.jpg\" target=\"_blank\"><img decoding=\"async\" loading=\"lazy\" alt=\" \" src=\"https:\/\/www.baraka.cc\/images\/stories\/halkinhaklariformu.jpg\" width=\"200\" height=\"150\" align=\"left\" border=\"2\" \/><\/a>21-22-23 Ocak tarihlerinde Ankara\u2019da ger\u00e7ekle?en ve Kybrys\u2019tan Baraka K\u00fclt\u00fcr Merkezi ile KT\u00d6S temsilcilerinin de katyldy?y Halkyn Haklary Forumu sona erdi. Forum\u2019a 3 g\u00fcnde bini a?kyn \u00f6?renci, akademisyen, i?\u00e7i, kadyn ve eylemci katyldy. <\/span><\/span><\/p>\n<p><span style=\"font-family: 'Verdana','sans-serif';\"><span style=\"font-size: medium;\">\u00a0\u00a0\u00a0 <\/span><\/span><\/p>\n<p class=\"MsoNormal\" style=\"margin: 0cm 0cm 0pt; line-height: 200%; text-align: justify;\"><span style=\"font-family: 'Verdana','sans-serif';\"><span style=\"font-size: medium;\">Baraka K\u00fclt\u00fcr Merkezi temsilcisi M\u00fcn\u00fcr Rahvancyo?lu D\u00fcnya Hak M\u00fccadeleleri Formu\u2019na katylarak bir de konu?ma yaparken, KT\u00d6S temsilcileri de E?itim Hakky At\u00f6lyesi\u2019ndeki \u00e7aly?malara katky koydular. Forum\u2019un Sonu\u00e7 Bildirgesi\u2019nin okundu?u 23 Ocak Pazar g\u00fcnk\u00fc oturumda Tunus\u2019taki halk devrimi ve Kybrysly T\u00fcrklerin ba?ymsyzlyk ve insanca ya?am m\u00fccadeleleri de selamlandy. <\/span><\/span><\/p>\n<p><span style=\"font-family: 'Verdana','sans-serif';\"><span style=\"font-size: medium;\">\u00a0\u00a0\u00a0\u00a0\u00a0\u00a0\u00a0\u00a0\u00a0\u00a0\u00a0\u00a0\u00a0\u00a0\u00a0\u00a0\u00a0\u00a0\u00a0\u00a0\u00a0 <\/span><\/span><\/p>\n<p class=\"MsoNormal\" style=\"margin: 0cm 0cm 0pt; line-height: 200%; text-align: justify;\"><span style=\"font-family: 'Verdana','sans-serif';\"><span style=\"font-size: medium;\">Halkevleri Genel Ba?kan Yardymcysy Samut Karabulut son oturumda Halkyn Haklary Forumunun Kybrysly T\u00fcrklerin ba?ymsyzlyk ve insanca ya?am m\u00fccadelesini selamlady?yny s\u00f6yleyerek ?\u00f6yle dedi: \u201cHalkyn Haklary Forumu Kybrys\u2019ta Sendikal Platform tarafyndan y\u00fcr\u00fct\u00fclmekte olan ba?ymsyzlyk ve insanca ya?am m\u00fccadelesini selamlyyor ve 28 Ocak Cuma g\u00fcn ger\u00e7ekle?tirilecek olan genel grev ve miting ile dayany?masyny duyuruyor.\u201d<\/span><\/span><\/p>\n<p><span style=\"font-family: 'Verdana','sans-serif';\"><span style=\"font-size: medium;\">Forum\u2019un sonu\u00e7 bildirgesinde halkyn \u00f6fkesinin halkyn haklary m\u00fccadelesinde birikmeye devam etti?i vurgulandy.<\/span><\/span><\/p>\n<p><span style=\"font-family: 'Verdana','sans-serif';\"><span style=\"font-size: medium;\">\u00a0\u00a0\u00a0 <\/span><\/span><\/p>\n","protected":false},"excerpt":{"rendered":"<p>\u00a0\u00a0\u00a0\u00a0\u00a0\u00a0\u00a0\u00a0\u00a0\u00a0\u00a0\u00a0\u00a0 \u00a0 21-22-23 Ocak tarihlerinde Ankara\u2019da ger\u00e7ekle?en ve Kybrys\u2019tan Baraka K\u00fclt\u00fcr Merkezi ile KT\u00d6S temsilcilerinin de katyldy?y Halkyn Haklary Forumu sona erdi. Forum\u2019a 3 g\u00fcnde<\/p>\n","protected":false},"author":1,"featured_media":0,"comment_status":"open","ping_status":"open","sticky":false,"template":"","format":"standard","meta":{"jetpack_post_was_ever_published":false,"_jetpack_newsletter_access":"","_jetpack_newsletter_tier_id":0,"jetpack_publicize_message":"","jetpack_is_tweetstorm":false,"jetpack_publicize_feature_enabled":true,"jetpack_social_post_already_shared":false,"jetpack_social_options":{"image_generator_settings":{"template":"highway","enabled":false}}},"categories":[63],"tags":[],"jetpack_publicize_connections":[],"jetpack_featured_media_url":"","jetpack_shortlink":"https:\/\/wp.me\/p4eHWX-e9","jetpack_sharing_enabled":true,"_links":{"self":[{"href":"https:\/\/baraka.cc\/index.php?rest_route=\/wp\/v2\/posts\/877"}],"collection":[{"href":"https:\/\/baraka.cc\/index.php?rest_route=\/wp\/v2\/posts"}],"about":[{"href":"https:\/\/baraka.cc\/index.php?rest_route=\/wp\/v2\/types\/post"}],"author":[{"embeddable":true,"href":"https:\/\/baraka.cc\/index.php?rest_route=\/wp\/v2\/users\/1"}],"replies":[{"embeddable":true,"href":"https:\/\/baraka.cc\/index.php?rest_route=%2Fwp%2Fv2%2Fcomments&post=877"}],"version-history":[{"count":0,"href":"https:\/\/baraka.cc\/index.php?rest_route=\/wp\/v2\/posts\/877\/revisions"}],"wp:attachment":[{"href":"https:\/\/baraka.cc\/index.php?rest_route=%2Fwp%2Fv2%2Fmedia&parent=877"}],"wp:term":[{"taxonomy":"category","embeddable":true,"href":"https:\/\/baraka.cc\/index.php?rest_route=%2Fwp%2Fv2%2Fcategories&post=877"},{"taxonomy":"post_tag","embeddable":true,"href":"https:\/\/baraka.cc\/index.php?rest_route=%2Fwp%2Fv2%2Ftags&post=877"}],"curies":[{"name":"wp","href":"https:\/\/api.w.org\/{rel}","templated":true}]}}