{"id":879,"date":"2010-10-27T22:17:30","date_gmt":"2010-10-27T20:17:30","guid":{"rendered":"https:\/\/baraka.cc\/?p=879"},"modified":"2017-09-19T11:34:13","modified_gmt":"2017-09-19T09:34:13","slug":"goc-yasasi-protestolarla-gecty-mahkeme-devam-edyyor","status":"publish","type":"post","link":"https:\/\/baraka.cc\/?p=879","title":{"rendered":"G\u00d6\u00c7 YASASI PROTESTOLARLA GE\u00c7T\u0130, MAHKEME DEVAM ED\u0130YOR"},"content":{"rendered":"<p class=\"MsoNormal\" style=\"margin: 0cm 0cm 0pt; line-height: 200%; text-align: justify;\"><strong><span style=\"font-family: 'Verdana','sans-serif';\"><span style=\"font-size: medium;\">\u00a0\u00a0\u00a0\u00a0<\/span><\/span><\/strong><\/p>\n<p>Baraka K\u00fclt\u00fcr Merkezi, 25 Ekim 2010 tarihinde Meclis \u00f6n\u00fcnde, \u201cg\u00f6\u00e7 yasas\u0131\u201d olarak adland\u0131rd\u0131klar\u0131 \u201cKamu \u00c7al\u0131\u015fanlar\u0131n\u0131n Ayl\u0131k (Maa\u015f \u2013 \u00dccret) ve Di\u011fer \u00d6deneklerinin D\u00fczenlenmesi Yasas\u0131\u2019n\u0131n Meclis Genel Kurulu g\u00fcndeminde olmas\u0131 nedeniyle eylem yapt\u0131. Saat 11.30 civar\u0131nda Meclis\u2019e do\u011fru y\u00fcr\u00fcy\u00fc\u015fe ge\u00e7en Atat\u00fcrk \u00d6\u011fretmen Akademisi (A\u00d6A) \u00f6\u011frencileri ve Baraka K\u00fclt\u00fcr Merkezi \u00fcyeleri, Meclis \u00f6n\u00fcne ge\u00e7i\u015fin polis kordonu taraf\u0131ndan engellenmesi nedeniyle, \u015eehitler An\u0131t\u0131 yan\u0131nda durdu.<\/p>\n<p>&nbsp;<\/p>\n<p>Baraka K\u00fclt\u00fcr Merkezi, 25 Ekim 2010 tarihinde Meclis \u00f6n\u00fcnde, \u201cg\u00f6\u00e7 yasas\u0131\u201d olarak adland\u0131rd\u0131klar\u0131 \u201cKamu \u00c7al\u0131\u015fanlar\u0131n\u0131n Ayl\u0131k (Maa\u015f \u2013 \u00dccret) ve Di\u011fer \u00d6deneklerinin D\u00fczenlenmesi Yasas\u0131\u2019n\u0131n Meclis Genel Kurulu g\u00fcndeminde olmas\u0131 nedeniyle eylem yapt\u0131. Saat 11.30 civar\u0131nda Meclis\u2019e do\u011fru y\u00fcr\u00fcy\u00fc\u015fe ge\u00e7en Atat\u00fcrk \u00d6\u011fretmen Akademisi (A\u00d6A) \u00f6\u011frencileri ve Baraka K\u00fclt\u00fcr Merkezi \u00fcyeleri, Meclis \u00f6n\u00fcne ge\u00e7i\u015fin polis kordonu taraf\u0131ndan engellenmesi nedeniyle, \u015eehitler An\u0131t\u0131 yan\u0131nda durdu.<\/p>\n<p>&nbsp;<\/p>\n<p>&nbsp;<\/p>\n<p>Eylemciler burada, \u201c\u00d6\u011frenciye de\u011fil sermayeye barikat!\u201d, \u201cDirene direne kazanaca\u011f\u0131z\u201d, \u201cBu memleket bizim, biz y\u00f6netelim\u201d, \u201cmezun olup g\u00f6\u00e7 etmek istemiyoruz\u201d, \u201cbu halk bunlar\u0131 unutmayacak, g\u00f6\u00e7 yasas\u0131na hay\u0131r\u201d, \u201cpolis devleti istemiyoruz\u201d, \u201c\u015eeriat\u00e7\u0131 AKP i\u015f birlik\u00e7i UBP\u201d, \u201cfa\u015fist bask\u0131lar bizi y\u0131ld\u0131ramaz\u201d \u015feklinde sloganlar att\u0131lar.<\/p>\n<p>&nbsp;<\/p>\n<p>&nbsp;<\/p>\n<p>Daha sonra Baraka K\u00fclt\u00fcr Merkezi \u00fcyeleri \u201cBaraka Hava Kuvvetleri\u201d ad\u0131 alt\u0131nda, \u201cMerhum KTHY an\u0131s\u0131na\u201d, Meclis bah\u00e7esine k\u00e2\u011f\u0131t u\u00e7aklarla \u201chava sald\u0131r\u0131s\u0131\u201d ger\u00e7ekle\u015ftirdi ve k\u00e2\u011f\u0131t u\u00e7aklar\u0131 Meclis bah\u00e7esine att\u0131.<\/p>\n<p>&nbsp;<\/p>\n<p>&nbsp;<\/p>\n<p>A\u00d6A \u00f6\u011frencileri ad\u0131na Onur B\u00fct\u00fcner taraf\u0131ndan okunan yaz\u0131l\u0131 a\u00e7\u0131klamada, \u201cg\u00f6\u00e7 yasas\u0131n\u0131n yeniden Meclis g\u00fcndeminde oldu\u011fu\u201d g\u00f6r\u00fc\u015f\u00fc kaydedilerek, A\u00d6A \u00f6\u011frencilerinin bu yasaya kar\u015f\u0131 m\u00fccadele kararl\u0131l\u0131\u011f\u0131nda bir de\u011fi\u015fiklik olmad\u0131\u011f\u0131 ifade edildi. A\u00e7\u0131klamada, \u201c\u00dclke halk\u0131n\u0131n zarar\u0131na olan her \u015feye kar\u015f\u0131 m\u00fccadele edece\u011fiz\u201d denilerek, \u201cy\u00f6netenlerin 3 maymunu oynayarak duymay\u0131p, g\u00f6rmeyip, konu\u015fmad\u0131klar\u0131 ancak \u00f6\u011frencilerin kendilerine kar\u015f\u0131 yap\u0131lanlar\u0131 g\u00f6rd\u00fckleri, duyduklar\u0131 ve susmad\u0131klar\u0131\u201d belirtildi.<\/p>\n<p>&nbsp;<\/p>\n<p>A\u00e7\u0131klamadan sonra Baraka K\u00fclt\u00fcr Merkezi \u201cEvine D\u00f6n Ay\u015fe!\u201d isimli \u015fark\u0131y\u0131 s\u00f6yledi.<\/p>\n<p>&nbsp;<\/p>\n<p>\u0130kinci eylem ise, Sendikal Platform\u2019u olu\u015fturan sendikalar taraf\u0131ndan organize edildi. Eylem Ku\u011fulu Park yan\u0131ndan Meclis\u2019e do\u011fru y\u00fcr\u00fcy\u00fc\u015fle ba\u015flad\u0131. Meclis \u00f6n kap\u0131s\u0131na ge\u00e7i\u015f yolunun polis kordonuyla kesilmesi nedeniyle eylemciler Meclis\u2019in g\u00fcney taraf\u0131ndaki yan kap\u0131s\u0131na y\u00f6neldi. Eylemciler, burada sloganlar atarak h\u00fck\u00fcmeti protesto etti.<\/p>\n<p>&nbsp;<\/p>\n<p>\u201cG\u00f6\u00e7 Yasas\u0131\u2019na kar\u015f\u0131 28 Ekim 2009\u2019ta\u00a0 yap\u0131lan eylemde ya\u015fananlar nedeniyle a\u00e7\u0131lan, 19 san\u0131kl\u0131, \u201cpolisi g\u00f6rev yapmaktan engelleme ve darp\u201d davas\u0131 duru\u015fmas\u0131 nedeniyle meclis \u00f6n\u00fcndeki kitle mahkemelere y\u00fcr\u00fcd\u00fc.<\/p>\n<p>&nbsp;<\/p>\n<p>&nbsp;<\/p>\n<p>Yarg\u0131\u00e7 F\u00fcgen Ulutekin ba\u015fkanl\u0131\u011f\u0131nda yap\u0131lan duru\u015fmada, ilk olarak Savc\u0131 Ahmet Varol, san\u0131klar\u0131n 11\u2019i hakk\u0131ndaki iddialar\u0131, duru\u015fman\u0131n bu a\u015famas\u0131nda Fas\u0131l 155 madde 91 kurallar\u0131 \u00e7er\u00e7evesinde geri \u00e7ekti.<\/p>\n<p>Savc\u0131l\u0131\u011f\u0131n 11 san\u0131k hakk\u0131ndaki iddialar\u0131n\u0131n geri \u00e7ekme istemini kabul eden Mahkeme geriye kalan 8 san\u0131kla ilgili davay\u0131 g\u00f6rmeye ba\u015flad\u0131.<\/p>\n<p>Geriye kalan san\u0131klar Burak Mavi\u015f, Hasan Belen, M\u00fcn\u00fcr Rahvanc\u0131o\u011flu, \u0130lk\u015fen Varo\u011flu Atik, Cenk Varo\u011flu, Serman Yi\u011fit, Devrim Bar\u00e7\u0131n ile G\u00f6kan \u00d6ztan\u2019\u0131n yarg\u0131lanmas\u0131, san\u0131k avukatlar\u0131ndan Ali Faik Ye\u015filada taraf\u0131ndan, iddia makam\u0131n\u0131n ilk tan\u0131\u011f\u0131 Lefko\u015fa Polis M\u00fcd\u00fcr\u00fc Pervin G\u00fcrler\u2019in \u015fahadetinden sonra dile getirilen erteleme talebi \u00fczerine 2 Kas\u0131m Sal\u0131 saat 11.00\u2019e ertelendi.<\/p>\n<p class=\"MsoNormal\" style=\"margin: 0cm 0cm 0pt; line-height: 200%; text-align: justify;\"><strong><span style=\"font-family: 'Verdana','sans-serif';\"><span style=\"font-size: medium;\">Savc\u0131l\u0131k taraf\u0131ndan haklar\u0131ndaki iddialar geri \u00e7ekilerek serbest b\u0131rak\u0131lanlar\u0131n isimleriyse \u015f\u00f6yle: \u201cVarol \u00d6ztu\u011f, Yusuf Alk\u0131m, Salih Uyguro\u011flu, G\u00fcven Varo\u011flu, Mustafa \u00d6zh\u00fcr, Erdin\u00e7 Selasiye, Murat Kanatl\u0131, Aziz G\u00fcven, M. \u015eevki Yolda\u015f, Kaz\u0131m Denizci ile Kubilay \u00d6zk\u0131ra\u00e7.\u201d <\/span><\/span><\/strong><\/p>\n<p><strong><span style=\"font-family: 'Verdana','sans-serif';\"><span style=\"font-size: medium;\">\u00a0\u00a0\u00a0\u00a0\u00a0\u00a0\u00a0\u00a0\u00a0\u00a0\u00a0\u00a0\u00a0\u00a0\u00a0\u00a0\u00a0\u00a0\u00a0\u00a0\u00a0\u00a0\u00a0\u00a0\u00a0\u00a0\u00a0\u00a0\u00a0\u00a0\u00a0\u00a0\u00a0\u00a0\u00a0\u00a0\u00a0\u00a0\u00a0\u00a0\u00a0\u00a0\u00a0\u00a0\u00a0\u00a0 <\/span><\/span><\/strong><span style=\"font-family: 'Verdana','sans-serif';\"><span style=\"font-size: medium;\"><br \/>\n<\/span><\/span><\/p>\n<p class=\"MsoNormal\" style=\"margin: 0cm 0cm 0pt; line-height: 150%; text-align: justify;\"><span style=\"font-size: 11pt; line-height: 150%; font-family: Verdana;\"><a href=\"https:\/\/www.baraka.cc\/images\/stories\/25ekimgocyasasi_1.JPG\" target=\"_blank\"><img decoding=\"async\" loading=\"lazy\" alt=\" \" src=\"https:\/\/www.baraka.cc\/images\/stories\/25ekimgocyasasi_1.JPG\" width=\"200\" height=\"150\" align=\"left\" border=\"2\" \/><\/a><\/span><\/p>\n<p><span style=\"font-family: 'Verdana','sans-serif';\"><span style=\"font-size: medium;\">\u00a0<\/span><\/span><\/p>\n<p class=\"MsoNormal\" style=\"margin: 0cm 0cm 0pt; line-height: 150%; text-align: justify;\"><span style=\"font-size: 11pt; line-height: 150%; font-family: Verdana;\"><a href=\"https:\/\/www.baraka.cc\/images\/stories\/25ekimgocyasasi_2.JPG\" target=\"_blank\"><img decoding=\"async\" loading=\"lazy\" alt=\" \" src=\"https:\/\/www.baraka.cc\/images\/stories\/25ekimgocyasasi_2.JPG\" width=\"200\" height=\"150\" align=\"left\" border=\"2\" \/><\/a><\/span><\/p>\n<p>&nbsp;<\/p>\n<p class=\"MsoNormal\" style=\"margin: 0cm 0cm 0pt; line-height: 200%; text-align: justify;\"><span style=\"font-family: 'Verdana','sans-serif';\"><span style=\"font-size: medium;\">\u00a0\u00a0\u00a0\u00a0\u00a0\u00a0\u00a0\u00a0\u00a0\u00a0\u00a0\u00a0\u00a0\u00a0\u00a0\u00a0\u00a0\u00a0\u00a0\u00a0\u00a0\u00a0\u00a0\u00a0\u00a0\u00a0\u00a0\u00a0\u00a0\u00a0\u00a0 <\/span><\/span><\/p>\n<p class=\"MsoNormal\" style=\"margin: 0cm 0cm 0pt; line-height: 200%; text-align: justify;\"><span style=\"font-family: 'Verdana','sans-serif';\"><span style=\"font-size: medium;\">\u00a0\u00a0 <\/span><\/span><\/p>\n<p><span style=\"font-family: 'Verdana','sans-serif';\"><span style=\"font-size: medium;\">\u00a0<\/span><\/span><\/p>\n<p class=\"MsoNormal\" style=\"margin: 0cm 0cm 0pt; line-height: 150%; text-align: justify;\"><span style=\"font-size: 11pt; line-height: 150%; font-family: Verdana;\"><a href=\"https:\/\/www.baraka.cc\/images\/stories\/25ekimgocyasasi_4.JPG\" target=\"_blank\"><img decoding=\"async\" loading=\"lazy\" alt=\" \" src=\"https:\/\/www.baraka.cc\/images\/stories\/25ekimgocyasasi_4.JPG\" width=\"200\" height=\"150\" align=\"left\" border=\"2\" \/><\/a><\/span><\/p>\n<p><span style=\"font-family: 'Verdana','sans-serif';\">\u00a0<\/span><\/p>\n<p class=\"MsoNormal\" style=\"margin: 0cm 0cm 0pt; line-height: 200%; text-align: justify;\"><span style=\"font-size: medium;\">\u00a0<\/span><\/p>\n<p><span style=\"font-family: 'Verdana','sans-serif';\"><span style=\"font-size: medium;\">\u00a0<\/span><\/span><\/p>\n<p class=\"MsoNormal\" style=\"margin: 0cm 0cm 0pt; line-height: 150%; text-align: justify;\"><span style=\"font-size: 11pt; line-height: 150%; font-family: Verdana;\"><a href=\"https:\/\/www.baraka.cc\/images\/stories\/25ekimgocyasasi_5.JPG\" target=\"_blank\"><img decoding=\"async\" loading=\"lazy\" alt=\" \" src=\"https:\/\/www.baraka.cc\/images\/stories\/25ekimgocyasasi_5.JPG\" width=\"200\" height=\"150\" align=\"left\" border=\"2\" \/><\/a><\/span><\/p>\n<p class=\"MsoNormal\" style=\"margin: 0cm 0cm 0pt; line-height: 200%; text-align: justify;\"><span style=\"font-size: medium; font-family: Verdana, sans-serif;\">\u00a0<\/span><\/p>\n<p class=\"MsoNormal\" style=\"margin: 0cm 0cm 0pt; line-height: 200%; text-align: justify;\"><span style=\"font-family: 'Verdana','sans-serif';\"><span style=\"font-size: medium;\">\u00a0\u00a0\u00a0\u00a0\u00a0\u00a0\u00a0\u00a0\u00a0\u00a0\u00a0\u00a0\u00a0\u00a0\u00a0\u00a0\u00a0\u00a0\u00a0\u00a0\u00a0\u00a0\u00a0\u00a0\u00a0\u00a0\u00a0\u00a0 <\/span><\/span><\/p>\n<p class=\"MsoNormal\" style=\"margin: 0cm 0cm 0pt; line-height: 200%; text-align: justify;\"><span style=\"font-family: 'Verdana','sans-serif';\"><span style=\"font-size: medium;\"><a href=\"https:\/\/www.baraka.cc\/images\/stories\/25ekimgocyasasi_6.JPG\" target=\"_blank\"><img decoding=\"async\" loading=\"lazy\" alt=\" \" src=\"https:\/\/www.baraka.cc\/images\/stories\/25ekimgocyasasi_6.JPG\" width=\"200\" height=\"133\" align=\"left\" border=\"2\" \/><\/a><br \/>\n<\/span><\/span><\/p>\n","protected":false},"excerpt":{"rendered":"<p>\u00a0\u00a0\u00a0\u00a0 Baraka K\u00fclt\u00fcr Merkezi, 25 Ekim 2010 tarihinde Meclis \u00f6n\u00fcnde, \u201cg\u00f6\u00e7 yasas\u0131\u201d olarak adland\u0131rd\u0131klar\u0131 \u201cKamu \u00c7al\u0131\u015fanlar\u0131n\u0131n Ayl\u0131k (Maa\u015f \u2013 \u00dccret) ve Di\u011fer \u00d6deneklerinin D\u00fczenlenmesi Yasas\u0131\u2019n\u0131n<\/p>\n","protected":false},"author":1,"featured_media":0,"comment_status":"open","ping_status":"open","sticky":false,"template":"","format":"standard","meta":{"jetpack_post_was_ever_published":false,"_jetpack_newsletter_access":"","_jetpack_newsletter_tier_id":0,"jetpack_publicize_message":"","jetpack_is_tweetstorm":false,"jetpack_publicize_feature_enabled":true,"jetpack_social_post_already_shared":false,"jetpack_social_options":{"image_generator_settings":{"template":"highway","enabled":false}}},"categories":[66],"tags":[],"jetpack_publicize_connections":[],"jetpack_featured_media_url":"","jetpack_shortlink":"https:\/\/wp.me\/p4eHWX-eb","jetpack_sharing_enabled":true,"_links":{"self":[{"href":"https:\/\/baraka.cc\/index.php?rest_route=\/wp\/v2\/posts\/879"}],"collection":[{"href":"https:\/\/baraka.cc\/index.php?rest_route=\/wp\/v2\/posts"}],"about":[{"href":"https:\/\/baraka.cc\/index.php?rest_route=\/wp\/v2\/types\/post"}],"author":[{"embeddable":true,"href":"https:\/\/baraka.cc\/index.php?rest_route=\/wp\/v2\/users\/1"}],"replies":[{"embeddable":true,"href":"https:\/\/baraka.cc\/index.php?rest_route=%2Fwp%2Fv2%2Fcomments&post=879"}],"version-history":[{"count":3,"href":"https:\/\/baraka.cc\/index.php?rest_route=\/wp\/v2\/posts\/879\/revisions"}],"predecessor-version":[{"id":5394,"href":"https:\/\/baraka.cc\/index.php?rest_route=\/wp\/v2\/posts\/879\/revisions\/5394"}],"wp:attachment":[{"href":"https:\/\/baraka.cc\/index.php?rest_route=%2Fwp%2Fv2%2Fmedia&parent=879"}],"wp:term":[{"taxonomy":"category","embeddable":true,"href":"https:\/\/baraka.cc\/index.php?rest_route=%2Fwp%2Fv2%2Fcategories&post=879"},{"taxonomy":"post_tag","embeddable":true,"href":"https:\/\/baraka.cc\/index.php?rest_route=%2Fwp%2Fv2%2Ftags&post=879"}],"curies":[{"name":"wp","href":"https:\/\/api.w.org\/{rel}","templated":true}]}}