{"id":881,"date":"2010-08-30T22:18:37","date_gmt":"2010-08-30T20:18:37","guid":{"rendered":"https:\/\/baraka.cc\/?p=881"},"modified":"2017-09-19T10:49:12","modified_gmt":"2017-09-19T08:49:12","slug":"denyzler-halkindir","status":"publish","type":"post","link":"https:\/\/baraka.cc\/?p=881","title":{"rendered":"DEN\u0130ZLER HALKINDIR"},"content":{"rendered":"<p><strong><span style=\"font-size: 11pt; line-height: 200%; font-family: 'Verdana','sans-serif';\">\u00a0\u00a0 <\/span><\/strong><span style=\"font-size: 11pt; line-height: 200%; font-family: 'Verdana','sans-serif';\">\u00a0<\/span><\/p>\n<p><b>Girne k\u0131y\u0131lar\u0131nda bir kez daha \u2018hade bele\u015fe denize\u2019 eylemi ger\u00e7ekle\u015ftirildi.<\/b><\/p>\n<p>&nbsp;<\/p>\n<p><b>\u00a0\u00a0\u00a0\u00a0<\/b><\/p>\n<p>&nbsp;<\/p>\n<p><b>Baraka, YKP, KGP ve Barikat\u2019\u0131n ger\u00e7ekle\u015ftirdi\u011fi \u2018bele\u015fe denize\u2019 eyleminin bu seferki hedefi Merit Hotel\u2019di.<\/b><\/p>\n<p>&nbsp;<\/p>\n<p><b>\u00a0\u00a0\u00a0\u00a0\u00a0\u00a0\u00a0\u00a0\u00a0\u00a0<\/b><\/p>\n<p>&nbsp;<\/p>\n<p>Sahillere giri\u015flerin paral\u0131 olmas\u0131n\u0131 protesto etmek ve denize bele\u015f giri\u015fin anayasal bir hak oldu\u011funu hat\u0131rlatmak amac\u0131yla ger\u00e7ekle\u015ftirilen \u2018hade bele\u015fe denize\u2019 eylemlerinin bir yenisi daha 29 A\u011fustos 2010 tarihinde ger\u00e7ekle\u015ftirildi. Eylem, Baraka K\u00fclt\u00fcr Merkezi, K\u0131br\u0131sl\u0131 Gen\u00e7lik Platformu, Yeni K\u0131br\u0131s Partisi ve Barikat\u2019\u0131n kat\u0131l\u0131m\u0131yla ger\u00e7ekle\u015ftirildi. Eylemcilerin bu seferki hedefi Girne\u2019de bulunan Merit Hotel idi.<\/p>\n<p>&nbsp;<\/p>\n<p>&nbsp;<\/p>\n<p>Merit Hotel\u2019in \u00f6n\u00fcnde toplanan aktivistler burada hi\u00e7bir engelle kar\u015f\u0131la\u015fmadan sahile giri\u015f yapt\u0131lar.\u00a0\u00a0Ard\u0131ndan alk\u0131\u015flarla toplu olarak denize girdiler. Her eylemde yap\u0131lan ve art\u0131k gelenekselle\u015fmi\u015f olan Karpuz kesiminin ard\u0131ndan, eylemciler kumlar\u0131n \u00fczerine \u2018Denizler Halk\u0131nd\u0131r\u2019 yazd\u0131lar.<\/p>\n<p>&nbsp;<\/p>\n<p>&nbsp;<\/p>\n<p>Eylemden \u00f6nce Baraka K\u00fclt\u00fcr Merkezi\u2019nden yap\u0131lan a\u00e7\u0131klamada bug\u00fcne kadar kendilerine y\u00f6neltilen tek ele\u015ftirinin otel sahiplerinin bas\u0131ndan \u00e7ekindikleri i\u00e7in sorun \u00e7\u0131kartmad\u0131\u011f\u0131 y\u00f6n\u00fcnde oldu\u011funu belirterek, bu eyleme hi\u00e7bir bas\u0131n kurulu\u015funu \u00e7a\u011f\u0131rmayacaklar\u0131n\u0131 a\u00e7\u0131klam\u0131\u015ft\u0131. Merkezden yay\u0131nlanan bildiride ayr\u0131ca herkesin kendi bas\u0131n\u0131n\u0131 yaratmas\u0131 \u00e7a\u011fr\u0131s\u0131 da yap\u0131lm\u0131\u015ft\u0131.<\/p>\n<p>&nbsp;<\/p>\n<p>&nbsp;<\/p>\n<p>Eyleme herhangi bir bas\u0131n kurulu\u015fu gelmezken, aktivistler kendi haberlerini kendileri yapt\u0131lar. \u00d6te yandan bas\u0131n\u0131n gelmemesine ra\u011fmen hotel \u00e7al\u0131\u015fanlar\u0131 sahil giri\u015finde eylemcilere y\u00f6nelik herhangi bir sorun \u00e7\u0131kartmad\u0131.<\/p>\n<p>&nbsp;<\/p>\n<p>&nbsp;<\/p>\n<p>&nbsp;<\/p>\n<p class=\"MsoNormal\" style=\"margin: 0cm 0cm 0pt; line-height: 200%; text-align: justify;\"><span style=\"font-size: 11pt; line-height: 200%; font-family: 'Verdana','sans-serif';\"><strong>\u00a0 \u00a0 \u00a0 \u00a0 \u00a0\u00a0<\/strong> <span style=\"font-size: 10pt; line-height: 200%; font-family: 'Verdana','sans-serif';\"><span style=\"font-family: 'Verdana','sans-serif';\"><span style=\"font-size: medium;\"><span style=\"font-size: 10pt; line-height: 115%; font-family: 'Verdana','sans-serif';\"><span style=\"font-family: 'Verdana','sans-serif';\"><span style=\"font-size: medium;\"><span style=\"font-family: Verdana;\"><span style=\"font-size: medium;\"><span style=\"font-family: Verdana;\"><span style=\"font-size: medium;\"><span style=\"font-size: 11pt; line-height: 150%; font-family: 'Verdana','sans-serif';\"><span style=\"font-size: 11pt; line-height: 150%; font-family: Verdana;\"><span style=\"font-family: 'Verdana','sans-serif';\"><span style=\"font-family: 'Verdana','sans-serif';\"><span style=\"font-family: 'Verdana','sans-serif';\"><span style=\"font-family: 'Verdana','sans-serif';\"><span style=\"font-family: 'Verdana','sans-serif';\"><span style=\"font-size: 11pt; line-height: 150%; font-family: 'Verdana','sans-serif';\"><span style=\"font-size: 11pt; line-height: 150%; font-family: 'Verdana','sans-serif';\"><span style=\"font-size: 10pt; line-height: 115%; font-family: 'Verdana','sans-serif';\"><span style=\"font-size: 10pt; line-height: 150%; font-family: 'Verdana','sans-serif';\"><span style=\"font-size: 10pt; line-height: 150%; font-family: 'Verdana','sans-serif';\"><a href=\"https:\/\/www.baraka.cc\/images\/stories\/belesedeniz_29agu2010_1.jpg\" target=\"_blank\"><img decoding=\"async\" loading=\"lazy\" alt=\" \" src=\"https:\/\/www.baraka.cc\/images\/stories\/belesedeniz_29agu2010_1.jpg\" width=\"200\" height=\"133\" align=\"left\" border=\"2\" \/><\/a><\/span><\/span><\/span><\/span><\/span><\/span><\/span><\/span><\/span><\/span><\/span><\/span><\/span><\/span><\/span><\/span><\/span><\/span><\/span><\/span><\/span><\/span><\/span><\/p>\n<p class=\"MsoNormal\" style=\"margin: 0cm 0cm 0pt; line-height: 200%; text-align: justify;\"><span style=\"font-size: 11pt; line-height: 200%; font-family: 'Verdana','sans-serif';\">\u00a0<\/span><\/p>\n<p><span style=\"font-size: 11pt; line-height: 200%; font-family: 'Verdana','sans-serif';\">\u00a0\u00a0\u00a0\u00a0\u00a0\u00a0\u00a0\u00a0\u00a0\u00a0\u00a0\u00a0\u00a0\u00a0\u00a0\u00a0\u00a0\u00a0\u00a0\u00a0\u00a0\u00a0\u00a0\u00a0 <\/span><span style=\"font-size: 11pt; line-height: 200%; font-family: 'Verdana','sans-serif';\">\u00a0<\/span><\/p>\n<p class=\"MsoNormal\" style=\"margin: 0cm 0cm 0pt; line-height: 200%; text-align: justify;\"><span style=\"font-size: 11pt; line-height: 200%; font-family: 'Verdana','sans-serif';\"><a href=\"https:\/\/www.baraka.cc\/images\/stories\/belesedeniz_29agu2010_2.jpg\" target=\"_blank\"><img decoding=\"async\" loading=\"lazy\" alt=\" \" src=\"https:\/\/www.baraka.cc\/images\/stories\/belesedeniz_29agu2010_2.jpg\" width=\"200\" height=\"150\" align=\"left\" border=\"2\" \/><\/a><br \/>\n<\/span><\/p>\n","protected":false},"excerpt":{"rendered":"<p>\u00a0\u00a0 \u00a0 Girne k\u0131y\u0131lar\u0131nda bir kez daha \u2018hade bele\u015fe denize\u2019 eylemi ger\u00e7ekle\u015ftirildi. &nbsp; \u00a0\u00a0\u00a0\u00a0 &nbsp; Baraka, YKP, KGP ve Barikat\u2019\u0131n ger\u00e7ekle\u015ftirdi\u011fi \u2018bele\u015fe denize\u2019 eyleminin bu<\/p>\n","protected":false},"author":1,"featured_media":0,"comment_status":"open","ping_status":"open","sticky":false,"template":"","format":"standard","meta":{"jetpack_post_was_ever_published":false,"_jetpack_newsletter_access":"","_jetpack_newsletter_tier_id":0,"jetpack_publicize_message":"","jetpack_is_tweetstorm":false,"jetpack_publicize_feature_enabled":true,"jetpack_social_post_already_shared":false,"jetpack_social_options":{"image_generator_settings":{"template":"highway","enabled":false}}},"categories":[66],"tags":[],"jetpack_publicize_connections":[],"jetpack_featured_media_url":"","jetpack_shortlink":"https:\/\/wp.me\/p4eHWX-ed","jetpack_sharing_enabled":true,"_links":{"self":[{"href":"https:\/\/baraka.cc\/index.php?rest_route=\/wp\/v2\/posts\/881"}],"collection":[{"href":"https:\/\/baraka.cc\/index.php?rest_route=\/wp\/v2\/posts"}],"about":[{"href":"https:\/\/baraka.cc\/index.php?rest_route=\/wp\/v2\/types\/post"}],"author":[{"embeddable":true,"href":"https:\/\/baraka.cc\/index.php?rest_route=\/wp\/v2\/users\/1"}],"replies":[{"embeddable":true,"href":"https:\/\/baraka.cc\/index.php?rest_route=%2Fwp%2Fv2%2Fcomments&post=881"}],"version-history":[{"count":3,"href":"https:\/\/baraka.cc\/index.php?rest_route=\/wp\/v2\/posts\/881\/revisions"}],"predecessor-version":[{"id":883,"href":"https:\/\/baraka.cc\/index.php?rest_route=\/wp\/v2\/posts\/881\/revisions\/883"}],"wp:attachment":[{"href":"https:\/\/baraka.cc\/index.php?rest_route=%2Fwp%2Fv2%2Fmedia&parent=881"}],"wp:term":[{"taxonomy":"category","embeddable":true,"href":"https:\/\/baraka.cc\/index.php?rest_route=%2Fwp%2Fv2%2Fcategories&post=881"},{"taxonomy":"post_tag","embeddable":true,"href":"https:\/\/baraka.cc\/index.php?rest_route=%2Fwp%2Fv2%2Ftags&post=881"}],"curies":[{"name":"wp","href":"https:\/\/api.w.org\/{rel}","templated":true}]}}