{"id":882,"date":"2010-11-30T22:19:29","date_gmt":"2010-11-30T20:19:29","guid":{"rendered":"https:\/\/baraka.cc\/?p=882"},"modified":"2014-01-02T22:21:20","modified_gmt":"2014-01-02T20:21:20","slug":"yenyduzene-acik-mektup","status":"publish","type":"post","link":"https:\/\/baraka.cc\/?p=882","title":{"rendered":"YENYD\u00dcZEN\u2019E A\u00c7IK MEKTUP"},"content":{"rendered":"<p class=\"MsoNormal\" style=\"text-align: justify; line-height: 200%; margin: 0cm 0cm 0pt;\">\n<p><strong><span style=\"font-family: 'Verdana','sans-serif';\"><span style=\"font-size: medium;\">\u00a0\u00a0 <\/span><\/span><\/strong><\/p>\n<p class=\"MsoNormal\" style=\"text-align: justify; line-height: 200%; margin: 0cm 0cm 0pt;\"><span style=\"font-family: 'Verdana','sans-serif';\"><span style=\"font-size: medium;\"><img decoding=\"async\" loading=\"lazy\" alt=\" \" src=\"https:\/\/www.baraka.cc\/images\/stories\/medya_cinsiyetcilik.jpg\" width=\"200\" height=\"262\" align=\"left\" border=\"2\" \/>28 Kasym 2010 tarihli Yenid\u00fczen Gazetesi\u2019nin Pazar Eki\u2019nde yayynlanan (<\/span><span style=\"font-size: medium;\"><span style=\"font-family: 'Verdana','sans-serif'; font-weight: normal;\"><a href=\"http:\/\/www.yeniduzen.com\/detay.asp?a=26195\">http:\/\/www.yeniduzen.com\/detay.asp?a=26195<\/a><\/span><\/span><span style=\"font-size: medium;\">)\u00a0\u201cRenkli I?yklaryn Nadya\u2019sy\u201d isimli, Mert \u00d6zda?\u2019yn \u201cYa?anmy? bir hayat hikayesi\u201d dizisinin birinci b\u00f6l\u00fcm\u00fcn\u00fc hayretler i\u00e7inde okuduk.<span>\u00a0 <\/span>Yazy, son derece cinsiyet\u00e7i bir dille yazylmakla beraber gece kul\u00fcplerinde \u00e7aly?tyrylan kadynlaryn k\u00f6lelik ko?ullaryny g\u00f6rmezden gelerek, a\u00e7yk bir ?ekilde kadynlaryn v\u00fccutlarynyn satyn alynabilecek bir mal oldu?u fikrini, gerek i\u00e7erikle gerekse kullandy?y g\u00f6rsel materyallerle peki?tiriyor.<\/span><\/span><\/p>\n<p><span style=\"font-family: 'Verdana','sans-serif';\"><span style=\"font-size: medium;\">\u00a0\u00a0\u00a0\u00a0\u00a0\u00a0\u00a0\u00a0\u00a0\u00a0\u00a0\u00a0\u00a0\u00a0\u00a0\u00a0\u00a0\u00a0\u00a0\u00a0\u00a0\u00a0\u00a0\u00a0\u00a0\u00a0\u00a0<\/span><\/span><\/p>\n<p class=\"MsoNormal\" style=\"text-align: justify; line-height: 200%; margin: 0cm 0cm 0pt;\"><span style=\"font-family: 'Verdana','sans-serif';\"><span style=\"font-size: medium;\">Gece kul\u00fcplerinde ya?anan insan haklary ihlalleri ile ilgli haber ve yazylaryn yayynlanmasy, kamuoyunun ve \u00f6zellikle de devlet yetkililerinin dikkatinin bu y\u00f6ne \u00e7ekilmesi, h\u00fck\u00fcmet \u00fczerinde bir basky olu?turmak adyna elbette faydaly ve gereklidir. Ancak bu gibi haber ve yazylaryn, magazin formatynda, \u00f6zendirici, gece kul\u00fcplerindeki kadynlaryn k\u00f6lelik ko?ullaryny g\u00f6rmezden gelen ve kadyn eti alynyp satylmasyny me?rula?tyracak bir \u00fcslupla yazylmasy, en az gece kul\u00fcplerinde ya?ananlar kadar insanlyk dy?ydyr. Mert \u00d6zda?\u2019yn s\u00f6z konusu yazysy, \u201cgazeteci sorumlulu?uyla ger\u00e7ekleri anlatma\u201d s\u00fcs\u00fc verilmeye \u00e7aly?ylsa da erkek egemen histerileri ky?kyrtan ve sadece gece kul\u00fcb\u00fcndeki kadynlary de?il t\u00fcm\u00fcyle kadyn bedenini a?a?ylayan bir yazydyr.<\/span><\/span><\/p>\n<p><span style=\"font-family: 'Verdana','sans-serif';\"><span style=\"font-size: medium;\">\u00a0\u00a0\u00a0\u00a0\u00a0\u00a0\u00a0\u00a0\u00a0\u00a0\u00a0\u00a0\u00a0\u00a0\u00a0\u00a0\u00a0\u00a0\u00a0\u00a0\u00a0 <span>\u00a0 <\/span><\/span><\/span><\/p>\n<p class=\"MsoNormal\" style=\"text-align: justify; line-height: 200%; margin: 0cm 0cm 0pt;\"><span style=\"font-family: 'Verdana','sans-serif';\"><span style=\"font-size: medium;\">Mert \u00d6zda? yazysynda ?\u00f6yle diyor:<\/span><\/span><\/p>\n<p><span style=\"font-family: 'Verdana','sans-serif';\"><span style=\"font-size: medium;\">\u00a0\u00a0\u00a0\u00a0\u00a0\u00a0\u00a0\u00a0\u00a0\u00a0\u00a0\u00a0\u00a0\u00a0\u00a0\u00a0\u00a0\u00a0\u00a0 <\/span><\/span><\/p>\n<p class=\"MsoNormal\" style=\"text-align: justify; line-height: 200%; margin: 0cm 0cm 0pt;\"><span style=\"font-family: 'Verdana','sans-serif';\"><span style=\"font-size: medium;\">\u201cAnadolu insanynyn <strong>muhafazakar k\u00fclt\u00fcr\u00fcnden<\/strong> de etkilenmi?, ki?ili?ine katmy?ty. Bir kadynla para kar?yly?ynda birlikte olmak onun i\u00e7in b\u00fcy\u00fck bir ayypty.\u201d<\/span><\/span><\/p>\n<p><span style=\"font-family: 'Verdana','sans-serif';\"><span style=\"font-size: medium;\">\u00a0\u00a0\u00a0\u00a0\u00a0\u00a0\u00a0\u00a0\u00a0\u00a0\u00a0\u00a0\u00a0\u00a0\u00a0\u00a0\u00a0\u00a0\u00a0\u00a0\u00a0\u00a0 <\/span><\/span><\/p>\n<p class=\"MsoNormal\" style=\"text-align: justify; line-height: 200%; margin: 0cm 0cm 0pt;\"><span style=\"font-family: 'Verdana','sans-serif';\"><span style=\"font-size: medium;\">Ynsan ticareti olgularynyn g\u00f6r\u00fcld\u00fc?\u00fc Kybrys\u2019taki gece kul\u00fcpleri gibi yerlerde, para kar?yly?y bir kadynla birlikte olabilmenin muhafazakarlyk ya da \u201ca\u00e7yk g\u00f6r\u00fc?l\u00fcl\u00fck\u201d ile uzaktan yakyndan ilgisi yoktur. Bu, kadyn bedenine ve insan haklaryna saygy ile alakalydyr.<\/span><\/span><\/p>\n<p><span style=\"font-family: 'Verdana','sans-serif';\"><span style=\"font-size: medium;\">\u00a0\u00a0\u00a0\u00a0\u00a0\u00a0\u00a0\u00a0\u00a0\u00a0\u00a0\u00a0\u00a0\u00a0\u00a0\u00a0\u00a0\u00a0\u00a0\u00a0\u00a0\u00a0\u00a0 \u00a0<\/span><\/span><\/p>\n<p class=\"MsoNormal\" style=\"text-align: justify; line-height: 200%; margin: 0cm 0cm 0pt;\"><span style=\"font-family: 'Verdana','sans-serif';\"><span style=\"font-size: medium;\">Ve yazyda ?u ifadeler de yer alyyor:<\/span><\/span><\/p>\n<p><span style=\"font-family: 'Verdana','sans-serif';\"><span style=\"font-size: medium;\">\u00a0\u00a0\u00a0\u00a0\u00a0\u00a0\u00a0\u00a0\u00a0\u00a0\u00a0\u00a0\u00a0\u00a0\u00a0\u00a0\u00a0\u00a0\u00a0\u00a0\u00a0\u00a0\u00a0 <\/span><\/span><\/p>\n<p class=\"MsoNormal\" style=\"text-align: justify; line-height: 200%; margin: 0cm 0cm 0pt;\"><span style=\"font-family: 'Verdana','sans-serif';\"><span style=\"font-size: medium;\">\u201cT\u00fcm kyzlaryn geceli?i 150 lirayken onun geceli?i 300 TL tutuyordu. Niye \u00f6yle oldu?unu sordu?umuzda hen\u00fcz <strong>\u00e7ok \u2018taze\u2019 oldu?unu ve pek ili?kiye girmedi?ini<\/strong>, <strong>yani neredeyse tertemiz oldu?unu s\u00f6ylemi?ti\u201d<\/strong>.<\/span><\/span><\/p>\n<p><span style=\"font-family: 'Verdana','sans-serif';\"><span style=\"font-size: medium;\">\u00a0\u00a0\u00a0\u00a0\u00a0\u00a0\u00a0\u00a0\u00a0\u00a0\u00a0\u00a0\u00a0\u00a0\u00a0\u00a0\u00a0\u00a0\u00a0\u00a0\u00a0\u00a0\u00a0\u00a0\u00a0 <\/span><\/span><\/p>\n<p class=\"MsoNormal\" style=\"text-align: justify; line-height: 200%; margin: 0cm 0cm 0pt;\"><span style=\"font-family: 'Verdana','sans-serif';\"><span style=\"font-size: medium;\">\u201cGazetci\u201dnin, kadynlary bir t\u00fcketim maddesi olarak g\u00f6ren ve de?erini az cinsel ili?kiye girmesi ile orantylayan, bir patates gibiymi?cesine kadyn bedenine taze syfatyny uygun g\u00f6ren bir c\u00fcmleyi, hi\u00e7bir ele?tiri ya da yorum katmadan rahat\u00e7a yazmasy kar?ysynda hayrete d\u00fc?t\u00fck.<\/span><\/span><\/p>\n<p><span style=\"font-family: 'Verdana','sans-serif';\"><span style=\"font-size: medium;\">\u00a0\u00a0\u00a0\u00a0\u00a0\u00a0\u00a0\u00a0\u00a0\u00a0\u00a0\u00a0\u00a0\u00a0\u00a0\u00a0\u00a0\u00a0\u00a0\u00a0\u00a0\u00a0\u00a0\u00a0 <\/span><\/span><\/p>\n<p class=\"MsoNormal\" style=\"text-align: justify; line-height: 200%; margin: 0cm 0cm 0pt;\"><span style=\"font-family: 'Verdana','sans-serif';\"><span style=\"font-size: medium;\">Bu yazy ayryca kadynlaryn k\u00f6lele?tirildi?i gece kul\u00fcplerini \u00f6zendiren, buralary bir \u201crestorant\/bar\u201d a benzeten, ataerkinin \u00f6ng\u00f6rd\u00fc?\u00fc ideal erkekli?i \u201cmilli olmakla\u201d ile ili?kilendiren, bunu y\u00fccelten, u?runa k\u00f6le kadynlara tecav\u00fcz\u00fc me?rula?tyran bir uslup i\u00e7rmekte; kadyn v\u00fccudunun gen\u00e7 g\u00fczel ve \u201cg\u00f6r\u00fcn\u00fcr\u201d olmasynyn erke?e bakma hakkyny verdi?i ve k\u00f6le tacirlerinin mekanlary olan gece kul\u00fcplerine \u201cait olabilecek\u201d kadynlaryn varly?yny \u00f6ng\u00f6rd\u00fc?\u00fcn\u00fc ima etmektedir. Bu fikirleri, ba?lyklar ve foto?raflarla da peki?tirmektedir.<\/span><\/span><\/p>\n<p><span style=\"font-family: 'Verdana','sans-serif';\"><span style=\"font-size: medium;\">\u00a0\u00a0\u00a0\u00a0\u00a0\u00a0\u00a0\u00a0\u00a0\u00a0\u00a0\u00a0\u00a0\u00a0\u00a0\u00a0\u00a0\u00a0\u00a0\u00a0\u00a0\u00a0\u00a0\u00a0\u00a0\u00a0\u00a0\u00a0 <span>\u00a0 <\/span><\/span><\/span><\/p>\n<p class=\"MsoNormal\" style=\"text-align: justify; line-height: 200%; margin: 0cm 0cm 0pt;\"><span style=\"font-family: 'Verdana','sans-serif';\"><span style=\"font-size: medium;\">S\u00f6z konusu yazy, Mert \u00d6zda?\u2019yn gece kul\u00fcpleri hakkyndaki ilk cinsiyet\u00e7i yazysy de?ildir. 25 A?ustos 2010 tarihli Yenid\u00fczen gazetesinde yayynlanan \u201cFuhu? ve 300 bin Erkek\u201d<span>\u00a0 <\/span><\/span><a href=\"http:\/\/www.yeniduzen.com\/detay.asp?a=25070\"><span><span style=\"text-decoration: underline;\"><span style=\"font-size: medium;\">http:\/\/www.yeniduzen.com\/detay.asp?a=25070<\/span><\/span><\/span><\/a><span style=\"font-size: medium;\"><span>\u00a0 <\/span>ba?lykly bilimsel dayanaktan mahrum yazyda, gece kul\u00fcpleri kapatyly?y takdirde tecav\u00fczlerin artaca?y \u00f6ne s\u00fcr\u00fclmekte, dolayly olarak yrk\u00e7y bir ?ekilde yabancy kadynlaryn k\u00f6lele?tirilmesi me?rula?tyrylmaktaydy.<\/span><\/span><\/p>\n<p><span style=\"font-family: 'Verdana','sans-serif';\"><span style=\"font-size: medium;\">\u00a0\u00a0\u00a0\u00a0\u00a0\u00a0\u00a0\u00a0\u00a0\u00a0\u00a0\u00a0\u00a0\u00a0\u00a0\u00a0\u00a0\u00a0\u00a0\u00a0\u00a0\u00a0\u00a0 \u00a0<\/span><\/span><\/p>\n<p class=\"MsoNormal\" style=\"text-align: justify; line-height: 200%; margin: 0cm 0cm 0pt;\"><span style=\"font-family: 'Verdana','sans-serif';\"><span style=\"font-size: medium;\">Cinsiyet\u00e7i ve yrk\u00e7y s\u00f6ylemin ifade \u00f6zg\u00fcrl\u00fc?\u00fc \u00f6rt\u00fcs\u00fcyle kapatylamayaca?yny hatyrlatyr, ifade \u00f6zg\u00fcrl\u00fc?\u00fcn\u00fcn belirli cinsel kimlik ve etnik k\u00f6kene kar?y ho?g\u00f6r\u00fcs\u00fczl\u00fck i\u00e7ermedi?i s\u00fcrece kulanabilirli?ini vurgularyz.<\/span><\/span><\/p>\n<p><span style=\"font-family: 'Verdana','sans-serif';\"><span style=\"font-size: medium;\">\u00a0\u00a0\u00a0\u00a0\u00a0\u00a0\u00a0\u00a0\u00a0\u00a0\u00a0\u00a0\u00a0\u00a0\u00a0\u00a0\u00a0\u00a0\u00a0\u00a0\u00a0\u00a0\u00a0 <\/span><\/span><\/p>\n<p class=\"MsoNormal\" style=\"text-align: justify; line-height: 200%; margin: 0cm 0cm 0pt;\"><strong><span style=\"font-family: 'Verdana','sans-serif';\"><span style=\"font-size: medium;\">Mert \u00d6zda?\u2019yn ve\/veya Yenid\u00fczen Gazetesi\u2019nin bu a\u00e7yk mektubumuzu yayynlayarak okurlardan \u00f6z\u00fcr dilemesini, yazy dizisinin sonlandyrylmasyny ve Yenid\u00fczen Gazetesi y\u00f6netiminin sorumluluklaryny kabul edip, bu tarihten sonra gazete ve eklerinde yayymlanan yazylary toplumsal cinsiyet e?itli?i ve insan haklary \u00e7er\u00e7evesinde g\u00f6zden ge\u00e7irmesini talep ederiz.<\/span><\/span><\/strong><\/p>\n<p><strong><span style=\"font-family: 'Verdana','sans-serif';\"><span style=\"font-size: medium;\">\u00a0\u00a0\u00a0\u00a0\u00a0\u00a0\u00a0\u00a0\u00a0\u00a0\u00a0\u00a0\u00a0\u00a0\u00a0\u00a0\u00a0\u00a0\u00a0\u00a0\u00a0\u00a0\u00a0\u00a0\u00a0\u00a0\u00a0\u00a0<\/span><\/span><\/strong><strong><span style=\"font-family: 'Verdana','sans-serif';\"><span style=\"font-size: medium;\">\u00a0<\/span><\/span><\/strong><\/p>\n<p><strong><span style=\"font-family: 'Verdana','sans-serif';\"><span style=\"font-size: medium;\">YKP-Fem, POST Ara?tyrma Enstit\u00fcs\u00fc, Baraka K\u00fclt\u00fcr Merkezi<\/span><\/span><\/strong><span style=\"font-family: 'Verdana','sans-serif';\"><span style=\"font-size: medium;\">\u00a0\u00a0\u00a0\u00a0\u00a0\u00a0\u00a0\u00a0\u00a0\u00a0\u00a0\u00a0\u00a0 <\/span><\/span><\/p>\n","protected":false},"excerpt":{"rendered":"<p>\u00a0\u00a0 28 Kasym 2010 tarihli Yenid\u00fczen Gazetesi\u2019nin Pazar Eki\u2019nde yayynlanan (http:\/\/www.yeniduzen.com\/detay.asp?a=26195)\u00a0\u201cRenkli I?yklaryn Nadya\u2019sy\u201d isimli, Mert \u00d6zda?\u2019yn \u201cYa?anmy? bir hayat hikayesi\u201d dizisinin birinci b\u00f6l\u00fcm\u00fcn\u00fc hayretler i\u00e7inde<\/p>\n","protected":false},"author":1,"featured_media":0,"comment_status":"open","ping_status":"open","sticky":false,"template":"","format":"standard","meta":{"jetpack_post_was_ever_published":false,"_jetpack_newsletter_access":"","_jetpack_newsletter_tier_id":0,"jetpack_publicize_message":"","jetpack_is_tweetstorm":false,"jetpack_publicize_feature_enabled":true,"jetpack_social_post_already_shared":false,"jetpack_social_options":{"image_generator_settings":{"template":"highway","enabled":false}}},"categories":[66],"tags":[],"jetpack_publicize_connections":[],"jetpack_featured_media_url":"","jetpack_shortlink":"https:\/\/wp.me\/p4eHWX-ee","jetpack_sharing_enabled":true,"_links":{"self":[{"href":"https:\/\/baraka.cc\/index.php?rest_route=\/wp\/v2\/posts\/882"}],"collection":[{"href":"https:\/\/baraka.cc\/index.php?rest_route=\/wp\/v2\/posts"}],"about":[{"href":"https:\/\/baraka.cc\/index.php?rest_route=\/wp\/v2\/types\/post"}],"author":[{"embeddable":true,"href":"https:\/\/baraka.cc\/index.php?rest_route=\/wp\/v2\/users\/1"}],"replies":[{"embeddable":true,"href":"https:\/\/baraka.cc\/index.php?rest_route=%2Fwp%2Fv2%2Fcomments&post=882"}],"version-history":[{"count":0,"href":"https:\/\/baraka.cc\/index.php?rest_route=\/wp\/v2\/posts\/882\/revisions"}],"wp:attachment":[{"href":"https:\/\/baraka.cc\/index.php?rest_route=%2Fwp%2Fv2%2Fmedia&parent=882"}],"wp:term":[{"taxonomy":"category","embeddable":true,"href":"https:\/\/baraka.cc\/index.php?rest_route=%2Fwp%2Fv2%2Fcategories&post=882"},{"taxonomy":"post_tag","embeddable":true,"href":"https:\/\/baraka.cc\/index.php?rest_route=%2Fwp%2Fv2%2Ftags&post=882"}],"curies":[{"name":"wp","href":"https:\/\/api.w.org\/{rel}","templated":true}]}}