{"id":8838,"date":"2022-04-28T10:18:46","date_gmt":"2022-04-28T08:18:46","guid":{"rendered":"https:\/\/baraka.cc\/?p=8838"},"modified":"2022-04-28T10:18:46","modified_gmt":"2022-04-28T08:18:46","slug":"1-mayista-sokaga-devrimin-provasina","status":"publish","type":"post","link":"https:\/\/baraka.cc\/?p=8838","title":{"rendered":"1 May\u0131s\u2019ta Soka\u011fa, Devrimin Provas\u0131na!"},"content":{"rendered":"<p><b><a href=\"https:\/\/baraka.cc\/wp-content\/uploads\/2022\/04\/279481683_5564770080199989_5917200850659660369_n.jpg\"><img decoding=\"async\" loading=\"lazy\" class=\"alignnone size-medium wp-image-8837\" alt=\"279481683_5564770080199989_5917200850659660369_n\" src=\"https:\/\/baraka.cc\/wp-content\/uploads\/2022\/04\/279481683_5564770080199989_5917200850659660369_n-300x200.jpg\" width=\"300\" height=\"200\" srcset=\"https:\/\/baraka.cc\/wp-content\/uploads\/2022\/04\/279481683_5564770080199989_5917200850659660369_n-300x200.jpg 300w, https:\/\/baraka.cc\/wp-content\/uploads\/2022\/04\/279481683_5564770080199989_5917200850659660369_n-1024x682.jpg 1024w, https:\/\/baraka.cc\/wp-content\/uploads\/2022\/04\/279481683_5564770080199989_5917200850659660369_n.jpg 1440w\" sizes=\"(max-width: 300px) 100vw, 300px\" \/><\/a><\/b><b><\/b><\/p>\n<p>1 May\u0131s\u2026<\/p>\n<p>\u0130\u015f\u00e7inin, emek\u00e7inin ve ezilen t\u00fcm kesimlerin hak ve \u00f6zg\u00fcrl\u00fcklerini bir arada ifade edebilece\u011fi, isyan\u0131n\u0131 hayk\u0131rabilece\u011fi bir g\u00fcn\u2026<\/p>\n<p>G\u00fcvencesiz, sendikas\u0131z, d\u00fc\u015f\u00fck maa\u015flara, uzun ve esnek \u00e7al\u0131\u015fma saatlerine kar\u015f\u0131 sokakta bulu\u015faca\u011f\u0131m\u0131z;<\/p>\n<p>Sermayenin ve devletin sorumluluktan ka\u00e7t\u0131\u011f\u0131 i\u015f cinayetlerine yeter diyece\u011fimiz;<\/p>\n<p>Kad\u0131na \u015fiddet, \u00e7ocuk istismar\u0131 ve bize dayat\u0131lan muhafazakarla\u015ft\u0131rmaya kar\u015f\u0131, k\u00fclt\u00fcr-sanat ve bilimsel e\u011fitim m\u00fccadelemizi y\u00fckseltece\u011fimiz;<\/p>\n<p>Kimsenin cinsiyetine, cinsel y\u00f6nelimine, etnik k\u00f6kenine, \u0131rk\u0131na, dinine, diline, geldi\u011fi yere g\u00f6re ayr\u0131mc\u0131l\u0131\u011fa u\u011framamas\u0131n\u0131 hayk\u0131raca\u011f\u0131m\u0131z;<\/p>\n<p>\u0130\u015fsizlik ve yoksulluk artarken, sermayenin, sokaktaki i\u015fsizli\u011fi bir tehdit unsuru olarak kullan\u0131p emek\u00e7ileri g\u00fcvencesizli\u011fe, yat\u0131r\u0131ms\u0131zl\u0131\u011fa ve sendikas\u0131zl\u0131\u011fa mahkum etmesine izin vermeyece\u011fimiz;<\/p>\n<p>Bir yanda Akkuyu\u2019da in\u015fa edilen n\u00fckleer santralin Akdeniz\u2019deki t\u00fcm ya\u015fam\u0131 tehdit etmesini, di\u011fer yanda ise sermayenin rant a\u015fk\u0131n\u0131n \u00fclkemizi beton y\u0131\u011f\u0131n\u0131na d\u00f6n\u00fc\u015ft\u00fcrmesini protesto edece\u011fimiz;<\/p>\n<p>K\u0131br\u0131s\u2019\u0131 ortadan ikiye b\u00f6len emperyalist zihniyetin \u015fimdi t\u00fcm d\u00fcnyada sava\u015f \u00e7\u0131\u011f\u0131rtkanl\u0131\u011f\u0131 yaparak insan\u0131 ve do\u011fay\u0131 mahvetmesine dur diyece\u011fimiz;<\/p>\n<p>Ekonomik kriz ve zamlarla her ge\u00e7en g\u00fcn yoksulluk artarken, palazlanan sermayeden SERVET VERG\u0130S\u0130 al\u0131nmas\u0131n\u0131 savunaca\u011f\u0131m\u0131z; ve<\/p>\n<p>Bu karanl\u0131k tabloyu ancak \u00f6rg\u00fctl\u00fc halklar\u0131n ayd\u0131nlatabilece\u011fini g\u00f6sterece\u011fimiz g\u00fcnd\u00fcr!<\/p>\n<p>\u0130\u015fte bu nedenle, s\u00f6yleyecek s\u00f6z\u00fc, verilecek m\u00fccadelesi olanlar\u0131 1 May\u0131s\u2019ta mangal\u0131 de\u011fil, sermayeyi yakmaya \u00e7a\u011f\u0131r\u0131yoruz!<\/p>\n<p>T\u00fcm dostlar\u0131m\u0131z\u0131, 1 May\u0131s Pazar g\u00fcn\u00fc saat 9.00\u2019da \u00c7a\u011flayan Park\u0131\u2019nda Baraka kortejinde bulu\u015fmaya, \u00f6nce Ku\u011fulu Park\u2019a ve Saray\u00f6n\u00fc\u2019ne sonra da ara b\u00f6lgedeki etkinli\u011fe kat\u0131lmaya davet ediyoruz.<\/p>\n<p><b>Baraka K\u00fclt\u00fcr Merkezi<\/b><\/p>\n","protected":false},"excerpt":{"rendered":"<p>1 May\u0131s\u2026 \u0130\u015f\u00e7inin, emek\u00e7inin ve ezilen t\u00fcm kesimlerin hak ve \u00f6zg\u00fcrl\u00fcklerini bir arada ifade edebilece\u011fi, isyan\u0131n\u0131 hayk\u0131rabilece\u011fi bir g\u00fcn\u2026 G\u00fcvencesiz, sendikas\u0131z, d\u00fc\u015f\u00fck maa\u015flara, uzun ve<\/p>\n","protected":false},"author":3,"featured_media":8837,"comment_status":"open","ping_status":"open","sticky":false,"template":"","format":"standard","meta":{"jetpack_post_was_ever_published":false,"_jetpack_newsletter_access":"","_jetpack_newsletter_tier_id":0,"jetpack_publicize_message":"","jetpack_is_tweetstorm":false,"jetpack_publicize_feature_enabled":true,"jetpack_social_post_already_shared":true,"jetpack_social_options":{"image_generator_settings":{"template":"highway","enabled":false}}},"categories":[51,41,38,47,9,1],"tags":[],"jetpack_publicize_connections":[],"jetpack_featured_media_url":"https:\/\/baraka.cc\/wp-content\/uploads\/2022\/04\/279481683_5564770080199989_5917200850659660369_n.jpg","jetpack_shortlink":"https:\/\/wp.me\/p4eHWX-2iy","jetpack_sharing_enabled":true,"_links":{"self":[{"href":"https:\/\/baraka.cc\/index.php?rest_route=\/wp\/v2\/posts\/8838"}],"collection":[{"href":"https:\/\/baraka.cc\/index.php?rest_route=\/wp\/v2\/posts"}],"about":[{"href":"https:\/\/baraka.cc\/index.php?rest_route=\/wp\/v2\/types\/post"}],"author":[{"embeddable":true,"href":"https:\/\/baraka.cc\/index.php?rest_route=\/wp\/v2\/users\/3"}],"replies":[{"embeddable":true,"href":"https:\/\/baraka.cc\/index.php?rest_route=%2Fwp%2Fv2%2Fcomments&post=8838"}],"version-history":[{"count":1,"href":"https:\/\/baraka.cc\/index.php?rest_route=\/wp\/v2\/posts\/8838\/revisions"}],"predecessor-version":[{"id":8839,"href":"https:\/\/baraka.cc\/index.php?rest_route=\/wp\/v2\/posts\/8838\/revisions\/8839"}],"wp:featuredmedia":[{"embeddable":true,"href":"https:\/\/baraka.cc\/index.php?rest_route=\/wp\/v2\/media\/8837"}],"wp:attachment":[{"href":"https:\/\/baraka.cc\/index.php?rest_route=%2Fwp%2Fv2%2Fmedia&parent=8838"}],"wp:term":[{"taxonomy":"category","embeddable":true,"href":"https:\/\/baraka.cc\/index.php?rest_route=%2Fwp%2Fv2%2Fcategories&post=8838"},{"taxonomy":"post_tag","embeddable":true,"href":"https:\/\/baraka.cc\/index.php?rest_route=%2Fwp%2Fv2%2Ftags&post=8838"}],"curies":[{"name":"wp","href":"https:\/\/api.w.org\/{rel}","templated":true}]}}