{"id":8871,"date":"2022-05-27T11:21:21","date_gmt":"2022-05-27T09:21:21","guid":{"rendered":"https:\/\/baraka.cc\/?p=8871"},"modified":"2022-05-27T11:21:21","modified_gmt":"2022-05-27T09:21:21","slug":"bir-turku-yolculuk-ediyor-nazimin-siirlerinde-sezgin-keser","status":"publish","type":"post","link":"https:\/\/baraka.cc\/?p=8871","title":{"rendered":"Bir T\u00fcrk\u00fc Yolculuk Ediyor Naz\u0131m\u2019\u0131n \u015eiirlerinde &#8211; Sezgin Keser"},"content":{"rendered":"<p><i>Ya\u015famak \u015fakaya gelmez,<\/i><\/p>\n<p><i>b\u00fcy\u00fck bir ciddiyetle ya\u015fayacaks\u0131n<\/i><\/p>\n<p><i>bir sincap gibi mesela,<\/i><\/p>\n<p><i>yani, ya\u015faman\u0131n d\u0131\u015f\u0131nda ve \u00f6tesinde hi\u00e7bir \u015fey beklemeden,<\/i><\/p>\n<p><i>yani, b\u00fct\u00fcn i\u015fin g\u00fcc\u00fcn ya\u015famak olacak\u2026<\/i><\/p>\n<p>&nbsp;<\/p>\n<p>Y\u0131llarca su\u00e7suz yere, politik g\u00f6r\u00fc\u015fleri ve yazd\u0131\u011f\u0131 \u015fiirleri sebebiyle mahkum edilen Naz\u0131m Hikmet ya\u015faman\u0131n ne kadar de\u011ferli ve u\u011fruna m\u00fccadele edilmesi gerekti\u011fini anlat\u0131r bu sat\u0131rlar\u0131yla anlat\u0131r. On koca y\u0131l ge\u00e7mi\u015ftir hapishaneye girdi\u011finden beri ve \u015f\u00f6yle der Naz\u0131m bu on y\u0131l\u0131n hatr\u0131na;<\/p>\n<p>&nbsp;<\/p>\n<p><i>Ben i\u00e7eri d\u00fc\u015ft\u00fc\u011f\u00fcmden beri<\/i><\/p>\n<p><i>g\u00fcne\u015fin etraf\u0131nda on kere d\u00f6nd\u00fc d\u00fcnya.<\/i><\/p>\n<p><i>Ona sorarsan\u0131z: \u201cLaf\u0131 bile edilmez, mikroskobik bir zaman.\u201d<\/i><\/p>\n<p><i>Bana sorarsan\u0131z: \u201cOn senesi \u00f6mr\u00fcm\u00fcn.\u201d<\/i><\/p>\n<p><i>\u00a0<\/i><\/p>\n<p>Ya\u015famay\u0131 bu kadar seven Naz\u0131m\u2019\u0131n bile yoruldu\u011fu, \u00f6l\u00fcmden s\u00f6z etti\u011fi zamanlar da olmu\u015ftur hapishane y\u0131llar\u0131nda;<\/p>\n<p>&nbsp;<\/p>\n<p><i>Sonra, \u015fu on y\u0131ldan bu yana <\/i><\/p>\n<p><i>benim, fakir milletime ikram edebildi\u011fim<\/i><\/p>\n<p><i>bir tek elmam var elimde, doktor<\/i><\/p>\n<p><i>bir k\u0131rm\u0131z\u0131 elma: kalbim\u2026<\/i><\/p>\n<p>&nbsp;<\/p>\n<p>Naz\u0131m Hikmet hayat\u0131n\u0131n her d\u00f6nemini ve ya\u015fad\u0131klar\u0131n\u0131 \u015fiirlerine yans\u0131t\u0131r. G\u00fcn\u00fcm\u00fcz\u00fcn post &#8211; modern \u015fairlerinin bunal\u0131mlar\u0131n\u0131 \u015fiirlerine yans\u0131tmalar\u0131 ya da manas\u0131z \u015fiirler yazmalar\u0131 gibi bir yans\u0131tma de\u011fildir Naz\u0131m\u2019\u0131n yapt\u0131\u011f\u0131. Toplumcu ger\u00e7ek\u00e7i bir \u015fairdir ve \u015fiirlerinde halk\u0131n\u0131n yoksullu\u011funu, a\u00e7l\u0131\u011f\u0131n\u0131, mutlulu\u011funu, \u00fcz\u00fcnt\u00fcs\u00fcn\u00fc, m\u00fccadelesini g\u00f6r\u00fcrs\u00fcn\u00fcz. \u00dclkesinde ya\u015fananlardan kopuk de\u011fildir, i\u015f\u00e7i s\u0131n\u0131f\u0131n\u0131n dertlerini anlat\u0131r, anlatmaktan da \u00f6teye, s\u0131n\u0131f m\u00fccadelesini b\u00fcy\u00fct\u00fcr dizelerinde;<\/p>\n<p>&nbsp;<\/p>\n<p><i>Sen de \u00e7\u0131kar <\/i><\/p>\n<p><i>g\u00f6\u011fs\u00fcn\u00fcn kafesinden y\u00fcre\u011fini;<\/i><\/p>\n<p><i>\u015eu g\u00fcne\u015ften<\/i><\/p>\n<p><i>d\u00fc\u015fen<\/i><\/p>\n<p><i>ate\u015fe f\u0131rlat;<\/i><\/p>\n<p><i>y\u00fcre\u011fini y\u00fcreklerimizin yan\u0131na at!<\/i><\/p>\n<p><i>Ak\u0131n var <\/i><\/p>\n<p><i>g\u00fcne\u015fe ak\u0131n!<\/i><\/p>\n<p><i>G\u00fcne\u015fi zaptedece\u011fiz<\/i><\/p>\n<p><i>g\u00fcne\u015fin zapt\u0131 yak\u0131n!<\/i><\/p>\n<p><i>\u00a0<\/i><\/p>\n<p>\u00c7ocuk ya\u015fta yazmaya ba\u015flad\u0131\u011f\u0131 ilk \u015fiirlerinde i\u015fgal alt\u0131ndaki \u00fclkesine olan sevdas\u0131n\u0131, yurtseverlik duygusunu g\u00f6r\u00fcr\u00fcz. Daha yirmisine gelmeden Anadolu\u2019daki kurtulu\u015f m\u00fccadelesine kat\u0131lmak i\u00e7in yollara d\u00fc\u015fer. Bir yandan Anadolu\u2019da kar\u015f\u0131la\u015ft\u0131\u011f\u0131 baz\u0131 ki\u015filer sayesinde sosyalist fikirlerden haberi olur bir yandan da Anadolu insan\u0131n\u0131n yoksullu\u011funu g\u00f6r\u00fcr. Yeni duydu\u011fu fikirlerle g\u00f6rd\u00fckleri \u00f6rt\u00fc\u015f\u00fcr ve kendisinde bir d\u00f6n\u00fc\u015f\u00fcm yaratacak olan Sovyetler\u2019e gider. \u201cNaz\u0131m Hikmet, gen\u00e7lik y\u0131llar\u0131ndan itibaren kom\u00fcnist kimli\u011fi ile var olmu\u015ftur. Kom\u00fcnist d\u00fcnya g\u00f6r\u00fc\u015f\u00fcn\u00fc benimsemektedir. Naz\u0131m\u2019\u0131n felsefi, siyasi, ahlaki ve estetik anlay\u0131\u015f\u0131 bu temel \u00fczerinde y\u00fckselir.\u201d(1) Ya\u015fam\u0131 boyunca ideolojisini \u00fcretimlerinde g\u00f6r\u00fcr\u00fcz ve g\u00fczel g\u00fcnlerin m\u00fccadelesidir ya\u015fam\u0131n kendisi Naz\u0131m i\u00e7in;<\/p>\n<p><i>G\u00fczel g\u00fcnler g\u00f6rece\u011fiz \u00e7ocuklar,<\/i><\/p>\n<p><i>g\u00fcne\u015fli g\u00fcnler<\/i><\/p>\n<p><i>g\u00f6re-<\/i><\/p>\n<p><i>-ce\u011fiz\u2026<\/i><\/p>\n<p><i>Motorlar\u0131 maviliklere s\u00fcrece\u011fiz \u00e7ocuklar,<\/i><\/p>\n<p><i>\u0131\u015f\u0131kl\u0131 maviliklere<\/i><\/p>\n<p><i>s\u00fcre-<\/i><\/p>\n<p><i>-ce\u011fiz\u2026<\/i><\/p>\n<p><i>\u00a0<\/i><\/p>\n<p>A\u015fks\u0131z \u015fiir, \u015fair olmaz tabi ki. Bir\u00e7ok a\u015fk ya\u015fam\u0131\u015f, birden fazla kad\u0131n\u0131 sevmi\u015ftir Naz\u0131m. Hapishane y\u0131llar\u0131nda kar\u0131s\u0131 Piraye i\u00e7in;<\/p>\n<p>&nbsp;<\/p>\n<p><i>Ne g\u00fczel \u015fey hat\u0131rlamak seni,<\/i><\/p>\n<p><i>yazmak sana dair,<\/i><\/p>\n<p><i>hapiste s\u0131rt\u00fcst\u00fc yat\u0131p seni d\u00fc\u015f\u00fcnmek:<\/i><\/p>\n<p><i>filanca g\u00fcn, falanca yerde s\u00f6yledi\u011fin s\u00f6z,<\/i><\/p>\n<p><i>kendisi de\u011fil<\/i><\/p>\n<p><i>edas\u0131ndaki d\u00fcnya\u2026<\/i><\/p>\n<p><i>\u00a0<\/i><\/p>\n<p>Dese de Naz\u0131m, evliyken g\u00f6nl\u00fcn\u00fc ba\u015fka birine kapt\u0131r\u0131r. Piraye\u2019ye d\u00f6nmek istedi\u011finde ise;<\/p>\n<p>&nbsp;<\/p>\n<p><i>Tahir olmak da ay\u0131p de\u011fil Z\u00fchre olmak da<\/i><\/p>\n<p><i>hatta sevda y\u00fcz\u00fcnden \u00f6lmek de ay\u0131p de\u011fil<\/i><\/p>\n<p><i>b\u00fct\u00fcn i\u015f Tahirle Z\u00fchre olabilmekte<\/i><\/p>\n<p><i>yani y\u00fcrekte <\/i><\/p>\n<p><i>\u00a0<\/i><\/p>\n<p>A\u015fk\u0131 i\u00e7in sava\u015fsa da Naz\u0131m, egemenlerin \u00e7\u0131karlar\u0131 u\u011fruna olan sava\u015flara ve bu sava\u015flar y\u00fcz\u00fcnden halklar\u0131n birbirlerini katletmesine kar\u015f\u0131d\u0131r. Sava\u015f\u0131n kar\u015f\u0131s\u0131nda ya\u015fam\u0131 de\u011ferli k\u0131lar;<\/p>\n<p>&nbsp;<\/p>\n<p><i>YA\u015eAMAK..<\/i><\/p>\n<p><i>Ne acayip i\u015ftir ki<\/i><\/p>\n<p><i>bu ne mene gidi\u015ftir ki TARANTA &#8211; BABU<\/i><\/p>\n<p><i>bug\u00fcn bu<\/i><\/p>\n<p><i>\u201cbu inan\u0131lm\u0131yacak kadar g\u00fczel\u201d<\/i><\/p>\n<p><i>bu anlat\u0131lam\u0131yacak kadar sevin\u00e7li \u015fey:<\/i><\/p>\n<p><i>b\u00f6yle zor<\/i><\/p>\n<p><i>bu kadar<\/i><\/p>\n<p><i>dar<\/i><\/p>\n<p><i>b\u00f6yle kanl\u0131 <\/i><\/p>\n<p><i>bu denl\u00fc kepaze\u2026<\/i><\/p>\n<p><i>\u00a0<\/i><\/p>\n<p>Ele\u015ftirel karakteri hapishane y\u0131llar\u0131ndan sonra \u00fclkesini terk etmek zorunda b\u0131rak\u0131r Naz\u0131m\u2019\u0131 ve memleketi hep bir hasretliktir onun i\u00e7in;<\/p>\n<p><i>\u00a0<\/i><\/p>\n<p><i>Memleketim, memleketim, memleketim,<\/i><\/p>\n<p><i>ne kasketim kald\u0131 senin ora i\u015fi,<\/i><\/p>\n<p><i>ne yollar\u0131n\u0131 ta\u015f\u0131m\u0131\u015f ayakkab\u0131m,<\/i><\/p>\n<p><i>son mintan\u0131n da s\u0131rt\u0131mda paraland\u0131 \u00e7oktan,<\/i><\/p>\n<p><i>\u015eile bezindendi.<\/i><\/p>\n<p><i>Sen \u015fimdi yaln\u0131z sa\u00e7\u0131m\u0131n ak\u0131nda,<\/i><\/p>\n<p><i>enfarkt\u0131nda y\u00fcre\u011fimin,<\/i><\/p>\n<p><i>aln\u0131m\u0131n \u00e7izgilerindesin memleketim,<\/i><\/p>\n<p><i>memleketim,<\/i><\/p>\n<p><i>memleketim\u2026<\/i><\/p>\n<p><i>\u00a0<\/i><\/p>\n<p>Ama memleket sadece do\u011fdu\u011fu yer de\u011fildir \u00fcstat i\u00e7in. B\u00fct\u00fcn d\u00fcnyay\u0131 memleketi, b\u00fct\u00fcn halklar\u0131 karde\u015fi gibi g\u00f6r\u00fcr;<\/p>\n<p>&nbsp;<\/p>\n<p><i>Karde\u015flerim<\/i><\/p>\n<p><i>bakmay\u0131n sar\u0131 sa\u00e7l\u0131 oldu\u011fuma<\/i><\/p>\n<p><i>ben Asyal\u0131y\u0131m<\/i><\/p>\n<p><i>bakmay\u0131n mavi g\u00f6zl\u00fc oldu\u011fuma<\/i><\/p>\n<p><i>ben Afrikal\u0131y\u0131m<\/i><\/p>\n<p><i>a\u011fa\u00e7lar kendi dibine g\u00f6lge vermez benim orda<\/i><\/p>\n<p><i>sizin ordakiler gibi t\u0131pk\u0131<\/i><\/p>\n<p><i>benim orda arslan\u0131n a\u011fz\u0131ndad\u0131r ekmek<\/i><\/p>\n<p><i>ejderler yatar ba\u015f\u0131nda \u00e7e\u015fmelerin<\/i><\/p>\n<p><i>ve \u00f6l\u00fcn\u00fcr benim orda ellisine bas\u0131lmadan<\/i><\/p>\n<p><i>sizin ordaki gibi t\u0131pk\u0131<\/i><\/p>\n<p><i>\u00a0<\/i><\/p>\n<p>Ne kelimeler yeter Naz\u0131m\u2019\u0131 anlatmaya, ne de \u015fiirleri biter karanl\u0131\u011f\u0131 ayd\u0131nlatan. Ya\u015famas\u0131n\u0131 m\u00fccadelesinden daha de\u011ferli g\u00f6renlere ve m\u00fccadeleden vazge\u00e7enlere \u015fiar olmas\u0131 \u00fcmidiyle;<\/p>\n<p>&nbsp;<\/p>\n<p><i>Ben yanmasam<\/i><\/p>\n<p><i>sen yanmasan<\/i><\/p>\n<p><i>biz yanmasak, <\/i><\/p>\n<p><i>nas\u0131l <\/i><\/p>\n<p><i>\u00e7\u0131kar <\/i><\/p>\n<p><i>karan-<\/i><\/p>\n<p><i>l\u0131klar<\/i><\/p>\n<p><i>ayd\u0131n<\/i><\/p>\n<p><i>-l\u0131\u011fa\u2026<\/i><\/p>\n<p>&nbsp;<\/p>\n<p>&nbsp;<\/p>\n<p>&nbsp;<\/p>\n<p>&nbsp;<\/p>\n<p>(1) \u00c7izgilerle Naz\u0131m Hikmet, Soner Tuna &#8211; Turgay Fi\u015fek\u00e7i<\/p>\n<p><a href=\"https:\/\/baraka.cc\/wp-content\/uploads\/2022\/05\/naz\u0131m-hikmet.jpg\"><img decoding=\"async\" loading=\"lazy\" class=\"alignnone size-medium wp-image-8872\" alt=\"naz\u0131m hikmet\" src=\"https:\/\/baraka.cc\/wp-content\/uploads\/2022\/05\/naz\u0131m-hikmet-300x188.jpg\" width=\"300\" height=\"188\" srcset=\"https:\/\/baraka.cc\/wp-content\/uploads\/2022\/05\/naz\u0131m-hikmet-300x188.jpg 300w, https:\/\/baraka.cc\/wp-content\/uploads\/2022\/05\/naz\u0131m-hikmet-1024x643.jpg 1024w, https:\/\/baraka.cc\/wp-content\/uploads\/2022\/05\/naz\u0131m-hikmet.jpg 1920w\" sizes=\"(max-width: 300px) 100vw, 300px\" \/><\/a><\/p>\n","protected":false},"excerpt":{"rendered":"<p>Ya\u015famak \u015fakaya gelmez, b\u00fcy\u00fck bir ciddiyetle ya\u015fayacaks\u0131n bir sincap gibi mesela, yani, ya\u015faman\u0131n d\u0131\u015f\u0131nda ve \u00f6tesinde hi\u00e7bir \u015fey beklemeden, yani, b\u00fct\u00fcn i\u015fin g\u00fcc\u00fcn ya\u015famak olacak\u2026<\/p>\n","protected":false},"author":9,"featured_media":0,"comment_status":"open","ping_status":"open","sticky":false,"template":"","format":"standard","meta":{"jetpack_post_was_ever_published":false,"_jetpack_newsletter_access":"","_jetpack_newsletter_tier_id":0,"jetpack_publicize_message":"","jetpack_is_tweetstorm":false,"jetpack_publicize_feature_enabled":true,"jetpack_social_post_already_shared":true,"jetpack_social_options":{"image_generator_settings":{"template":"highway","enabled":false}}},"categories":[40,67,38,9,42,1,39],"tags":[],"jetpack_publicize_connections":[],"jetpack_featured_media_url":"","jetpack_shortlink":"https:\/\/wp.me\/p4eHWX-2j5","jetpack_sharing_enabled":true,"_links":{"self":[{"href":"https:\/\/baraka.cc\/index.php?rest_route=\/wp\/v2\/posts\/8871"}],"collection":[{"href":"https:\/\/baraka.cc\/index.php?rest_route=\/wp\/v2\/posts"}],"about":[{"href":"https:\/\/baraka.cc\/index.php?rest_route=\/wp\/v2\/types\/post"}],"author":[{"embeddable":true,"href":"https:\/\/baraka.cc\/index.php?rest_route=\/wp\/v2\/users\/9"}],"replies":[{"embeddable":true,"href":"https:\/\/baraka.cc\/index.php?rest_route=%2Fwp%2Fv2%2Fcomments&post=8871"}],"version-history":[{"count":1,"href":"https:\/\/baraka.cc\/index.php?rest_route=\/wp\/v2\/posts\/8871\/revisions"}],"predecessor-version":[{"id":8873,"href":"https:\/\/baraka.cc\/index.php?rest_route=\/wp\/v2\/posts\/8871\/revisions\/8873"}],"wp:attachment":[{"href":"https:\/\/baraka.cc\/index.php?rest_route=%2Fwp%2Fv2%2Fmedia&parent=8871"}],"wp:term":[{"taxonomy":"category","embeddable":true,"href":"https:\/\/baraka.cc\/index.php?rest_route=%2Fwp%2Fv2%2Fcategories&post=8871"},{"taxonomy":"post_tag","embeddable":true,"href":"https:\/\/baraka.cc\/index.php?rest_route=%2Fwp%2Fv2%2Ftags&post=8871"}],"curies":[{"name":"wp","href":"https:\/\/api.w.org\/{rel}","templated":true}]}}