{"id":8875,"date":"2022-06-09T10:03:00","date_gmt":"2022-06-09T08:03:00","guid":{"rendered":"https:\/\/baraka.cc\/?p=8875"},"modified":"2022-06-09T10:03:00","modified_gmt":"2022-06-09T08:03:00","slug":"8-baraka-yaz-kurslari-basliyor","status":"publish","type":"post","link":"https:\/\/baraka.cc\/?p=8875","title":{"rendered":"8. Baraka Yaz Kurslar\u0131 Ba\u015fl\u0131yor"},"content":{"rendered":"<p>Baraka K\u00fclt\u00fcr Merkezi, pandeminin ard\u0131ndan her y\u0131l oldu\u011fu gibi bu y\u0131l da yaz aylar\u0131nda ilkokul \u00e7ocuklar\u0131na (7-11 ya\u015f) y\u00f6nelik yaz kurslar\u0131 d\u00fczenliyor. Sekizincisi ger\u00e7ekle\u015ftirilecek yaz kurslar\u0131 yine \u00fccretsiz olarak, g\u00f6n\u00fcll\u00fc bir \u00e7abayla ve kolektif bir emekle haz\u0131rl\u0131klar\u0131na ba\u015flad\u0131.Kurslar\u0131n bu y\u0131lki temas\u0131 ise: \u201cBilimle Sanatla Doya Doya Oyna\u201d<\/p>\n<p>Alan\u0131nda deneyimli \u00f6\u011fretmenler e\u015fli\u011finde \u00e7ocuklarla bulu\u015fulacak kurslarda; e\u011fitsel spor oyunlar\u0131, m\u00fczik, \u0130ngilizce, Yunanca,\u00a0 g\u00f6rsel sanatlar, halk danslar\u0131, modern dans, satran\u00e7, a\u015f\u00e7\u0131l\u0131k at\u00f6lyesi ve daha bir\u00e7ok farkl\u0131 etkinlik yer alacak. Bu sene iki farkl\u0131 etaptan olu\u015facak olan yaz kursunun ilk etab\u0131nda \u00e7ocuklar, 21 Haziran\u2019dan ay sonuna kadar her Pazartesi, \u00c7ar\u015famba ve Cuma g\u00fcnleri Kapal\u0131 spor salonunda e\u011fitsel spor oyunlar\u0131 aktivitesi yapacak. Ard\u0131ndan 4 Temmuz itibari ile Baraka K\u00fclt\u00fcr Merkezi Lokalinde bilimsel ve sanatsal faaliyetler ile bulu\u015facak. Kurslar, 23 Temmuz Cumartesi g\u00fcn\u00fc ise renkli bir \u015f\u00f6len ile son bulacak.<\/p>\n<p>\u00dclkede ya\u015fanan muhafazakarla\u015fman\u0131n ve yoksullu\u011fun artarak devam etti\u011fi bu s\u00fcre\u00e7te en \u00f6nemli varl\u0131\u011f\u0131n \u00e7ocuklar\u0131m\u0131z oldu\u011funu biliyoruz. Ya\u015fanan pandeminin de en \u00e7ok \u00e7ocuklar\u0131m\u0131z\u0131 etkiledi\u011fini; \u00e7ocuklar\u0131m\u0131z\u0131 e\u011fitimden, sanattan, spordan uzak b\u0131rakt\u0131\u011f\u0131n\u0131 g\u00f6rerek \u201cBilimle Sanatla Doya Doya Oyna\u201d diyoruz.<\/p>\n<p>&nbsp;<\/p>\n<p><a href=\"https:\/\/baraka.cc\/wp-content\/uploads\/2022\/06\/Baraka-yaz-kurslar\u0131.jpeg\"><img decoding=\"async\" loading=\"lazy\" class=\"alignnone size-medium wp-image-8876\" alt=\"Baraka yaz kurslar\u0131\" src=\"https:\/\/baraka.cc\/wp-content\/uploads\/2022\/06\/Baraka-yaz-kurslar\u0131-300x199.jpeg\" width=\"300\" height=\"199\" srcset=\"https:\/\/baraka.cc\/wp-content\/uploads\/2022\/06\/Baraka-yaz-kurslar\u0131-300x199.jpeg 300w, https:\/\/baraka.cc\/wp-content\/uploads\/2022\/06\/Baraka-yaz-kurslar\u0131-1024x680.jpeg 1024w, https:\/\/baraka.cc\/wp-content\/uploads\/2022\/06\/Baraka-yaz-kurslar\u0131.jpeg 1600w\" sizes=\"(max-width: 300px) 100vw, 300px\" \/><\/a><\/p>\n","protected":false},"excerpt":{"rendered":"<p>Baraka K\u00fclt\u00fcr Merkezi, pandeminin ard\u0131ndan her y\u0131l oldu\u011fu gibi bu y\u0131l da yaz aylar\u0131nda ilkokul \u00e7ocuklar\u0131na (7-11 ya\u015f) y\u00f6nelik yaz kurslar\u0131 d\u00fczenliyor. Sekizincisi ger\u00e7ekle\u015ftirilecek yaz<\/p>\n","protected":false},"author":9,"featured_media":8876,"comment_status":"open","ping_status":"open","sticky":false,"template":"","format":"standard","meta":{"jetpack_post_was_ever_published":false,"_jetpack_newsletter_access":"","_jetpack_newsletter_tier_id":0,"jetpack_publicize_message":"","jetpack_is_tweetstorm":false,"jetpack_publicize_feature_enabled":true,"jetpack_social_post_already_shared":true,"jetpack_social_options":{"image_generator_settings":{"template":"highway","enabled":false}}},"categories":[9,1],"tags":[],"jetpack_publicize_connections":[],"jetpack_featured_media_url":"https:\/\/baraka.cc\/wp-content\/uploads\/2022\/06\/Baraka-yaz-kurslar\u0131.jpeg","jetpack_shortlink":"https:\/\/wp.me\/p4eHWX-2j9","jetpack_sharing_enabled":true,"_links":{"self":[{"href":"https:\/\/baraka.cc\/index.php?rest_route=\/wp\/v2\/posts\/8875"}],"collection":[{"href":"https:\/\/baraka.cc\/index.php?rest_route=\/wp\/v2\/posts"}],"about":[{"href":"https:\/\/baraka.cc\/index.php?rest_route=\/wp\/v2\/types\/post"}],"author":[{"embeddable":true,"href":"https:\/\/baraka.cc\/index.php?rest_route=\/wp\/v2\/users\/9"}],"replies":[{"embeddable":true,"href":"https:\/\/baraka.cc\/index.php?rest_route=%2Fwp%2Fv2%2Fcomments&post=8875"}],"version-history":[{"count":1,"href":"https:\/\/baraka.cc\/index.php?rest_route=\/wp\/v2\/posts\/8875\/revisions"}],"predecessor-version":[{"id":8877,"href":"https:\/\/baraka.cc\/index.php?rest_route=\/wp\/v2\/posts\/8875\/revisions\/8877"}],"wp:featuredmedia":[{"embeddable":true,"href":"https:\/\/baraka.cc\/index.php?rest_route=\/wp\/v2\/media\/8876"}],"wp:attachment":[{"href":"https:\/\/baraka.cc\/index.php?rest_route=%2Fwp%2Fv2%2Fmedia&parent=8875"}],"wp:term":[{"taxonomy":"category","embeddable":true,"href":"https:\/\/baraka.cc\/index.php?rest_route=%2Fwp%2Fv2%2Fcategories&post=8875"},{"taxonomy":"post_tag","embeddable":true,"href":"https:\/\/baraka.cc\/index.php?rest_route=%2Fwp%2Fv2%2Ftags&post=8875"}],"curies":[{"name":"wp","href":"https:\/\/api.w.org\/{rel}","templated":true}]}}