{"id":889,"date":"2010-08-28T22:25:32","date_gmt":"2010-08-28T20:25:32","guid":{"rendered":"https:\/\/baraka.cc\/?p=889"},"modified":"2017-09-19T11:19:39","modified_gmt":"2017-09-19T09:19:39","slug":"egemenler-dayatti-sendykalar-kabul-etty-davalardan-byry-1000-tlye-gery-cekyldy-baraka-mucadeleye-devam-dedy","status":"publish","type":"post","link":"https:\/\/baraka.cc\/?p=889","title":{"rendered":"EGEMENLER DAYATTI, SEND\u0130KALAR KABUL ETT\u0130! DAVALARDAN B\u0130R\u0130 1000 TL\u2019YE GER\u0130 \u00c7EK\u0130LD\u0130! BARAKA \u201cM\u00dcCADELEYE DEVAM\u201d DED\u0130!"},"content":{"rendered":"<p>&nbsp;<\/p>\n<p><b>G\u00f6\u00e7 Yasas\u0131 eylemlerine kat\u0131lan ve haklar\u0131nda su\u00e7lamalarda bulunanlar bug\u00fcn yeniden mahkemelerde idi. 23 Kas\u0131m eyleminden dolay\u0131 a\u00e7\u0131lan dava geri \u00e7ekildi. Di\u011fer dava ise 23 Eyl\u00fcl\u2019e ertelendi.<\/b><\/p>\n<p><b>\u00a0\u00a0\u00a0\u00a0\u00a0\u00a0\u00a0\u00a0\u00a0\u00a0\u00a0\u00a0\u00a0\u00a0\u00a0\u00a0\u00a0\u00a0\u00a0\u00a0\u00a0\u00a0\u00a0\u00a0\u00a0\u00a0\u00a0\u00a0\u00a0\u00a0\u00a0\u00a0\u00a0\u00a0\u00a0\u00a0\u00a0\u00a0\u00a0\u00a0\u00a0\u00a0\u00a0\u00a0<\/b><\/p>\n<p><b>Sendikalar savc\u0131l\u0131\u011f\u0131n \u00f6nerisini kabul ederek, egemenlerle anla\u015ft\u0131. Baraka m\u00fccadeleye devam diyerek, anla\u015fma masas\u0131na oturmay\u0131 reddetti.<\/b><\/p>\n<p><b>\u00a0\u00a0\u00a0\u00a0\u00a0\u00a0\u00a0\u00a0\u00a0\u00a0\u00a0\u00a0\u00a0\u00a0\u00a0\u00a0\u00a0\u00a0\u00a0\u00a0\u00a0\u00a0\u00a0\u00a0\u00a0\u00a0\u00a0\u00a0\u00a0\u00a0\u00a0\u00a0\u00a0\u00a0\u00a0\u00a0\u00a0\u00a0\u00a0\u00a0\u00a0\u00a0<\/b><b>\u00a0\u00a0\u00a0<\/b><\/p>\n<p><b>S\u00f6zde zafer: Sendikalar savc\u0131l\u0131k ile uzla\u015ft\u0131!<\/b><\/p>\n<p><b>\u00a0\u00a0\u00a0\u00a0\u00a0\u00a0\u00a0\u00a0\u00a0\u00a0\u00a0\u00a0\u00a0\u00a0\u00a0\u00a0\u00a0\u00a0\u00a0\u00a0\u00a0\u00a0\u00a0\u00a0\u00a0\u00a0\u00a0\u00a0\u00a0<\/b><\/p>\n<p>23 Kas\u0131m tarihli eylemden dolay\u0131 polisi darp, g\u00f6revinden men etme ve polis arac\u0131na hasar verdikleri iddias\u0131yla haklar\u0131nda dava a\u00e7\u0131lanlar bug\u00fcn yeniden mahkeme huzuruna \u00e7\u0131kt\u0131lar. Savc\u0131l\u0131\u011f\u0131n \u2018araca verilen 1000 TL\u2019lik hasar\u0131n \u00f6denmesi ko\u015fulunda dava dosyas\u0131n\u0131n geri \u00e7ekilece\u011fi\u201d \u00f6nerisi \u00fczerine duru\u015fmaya ara verildi. Sendika ve \u00f6rg\u00fctler \u00f6neriyi de\u011ferlendirdi. T\u00fcm sendikalar savc\u0131l\u0131\u011f\u0131n \u00f6nerisini kabul ederek, istenen paran\u0131n \u00f6denmesi kararan\u0131 ald\u0131.<\/p>\n<p><b>Baraka: \u201cEgemenlerle uzla\u015f\u0131 masas\u0131na oturmayaca\u011f\u0131z!\u201d<\/b><\/p>\n<p><b>\u00a0\u00a0\u00a0\u00a0\u00a0\u00a0\u00a0\u00a0\u00a0\u00a0\u00a0\u00a0\u00a0\u00a0\u00a0\u00a0\u00a0\u00a0\u00a0\u00a0\u00a0\u00a0\u00a0<\/b><\/p>\n<p>\u00d6te yandan sadece Baraka K\u00fclt\u00fcr Merkezi aktivistleri Savc\u0131l\u0131\u011f\u0131n \u00f6nerisini kabul etmeyerek, kendilerinin her hangi bir su\u00e7 i\u015flemediklerini, bundan dolay\u0131 ortada kabul edilecek her hangi bir su\u00e7un olmad\u0131\u011f\u0131n\u0131 s\u00f6ylediler. Baraka K\u00fclt\u00fcr Merkezi\u2019nden daval\u0131 olan aktivisler: \u201cdevletin dayatmas\u0131n\u0131 kabul ederek, egemenlerle uzla\u015f\u0131 masas\u0131na oturmayaca\u011f\u0131z. Sendikalar\u0131n verdi\u011fi karar m\u00fccadeleden vazge\u00e7ip, devlet kar\u015f\u0131s\u0131nda diz \u00e7\u00f6kmektir. Ortada zafer yoktur. Ma\u011flubiyet vard\u0131r. Paray\u0131 \u00f6deyerek zaten su\u00e7lu olduklar\u0131n\u0131 da kabul etmi\u015flerdir. Mahkemenin de onlar\u0131 zaten yarg\u0131lamas\u0131na gerek kalmam\u0131\u015ft\u0131r. Bizler hi\u00e7bir ko\u015fulda egemenlerle anla\u015f\u0131p m\u00fccadelede geri ad\u0131m atmayaca\u011f\u0131z\u201d diyerek \u00f6neriyi kabul etmeyeceklerini belirttiler.<\/p>\n<p><b>Sendikalar kabul, Baraka itiraz etti!<\/b><\/p>\n<p><b>\u00a0\u00a0\u00a0\u00a0\u00a0\u00a0\u00a0\u00a0\u00a0\u00a0\u00a0\u00a0\u00a0\u00a0\u00a0\u00a0\u00a0\u00a0\u00a0\u00a0\u00a0\u00a0\u00a0\u00a0\u00a0\u00a0\u00a0\u00a0\u00a0\u00a0<\/b><\/p>\n<p>Duru\u015fma s\u0131ras\u0131nda sendikalar paray\u0131 \u00f6deyerek savc\u0131l\u0131\u011f\u0131n \u00f6nerisini kabul ettiler. Bunun \u00fczerine daha \u00f6nceden avukatlar\u0131n\u0131 azleden Baraka aktivistleri savc\u0131l\u0131\u011f\u0131n \u00f6nerisine itiraz ederek \u00f6neriyi kabul etmediklerini ifade ettiler. Kendilerinin herhangi bir su\u00e7 i\u015flemedi\u011fini s\u00f6yleyen aktivistler itham olmak istediklerini a\u00e7\u0131klad\u0131lar.<\/p>\n<p>H\u00e2kim, Baraka aktivistlerinin itiraz\u0131n\u0131 kabul etmeyerek davalar\u0131 geri \u00e7ekti.<\/p>\n<p><b>Di\u011fer dava devam ediyor<\/b><\/p>\n<p><b>\u00a0\u00a0\u00a0\u00a0\u00a0\u00a0\u00a0\u00a0\u00a0\u00a0\u00a0\u00a0\u00a0\u00a0\u00a0\u00a0\u00a0\u00a0\u00a0\u00a0\u00a0\u00a0\u00a0\u00a0\u00a0\u00a0\u00a0<\/b><\/p>\n<p>\u00d6te yandan 28 Ekim tarihinde eyleme kat\u0131lanlar hakk\u0131nda a\u00e7\u0131lan davan\u0131n da duru\u015fmas\u0131 ger\u00e7ekle\u015fti. \u00d6nceki davan\u0131n geri \u00e7ekilmesi sendikac\u0131larda di\u011fer davan\u0131n da geri \u00e7ekilece\u011fi d\u00fc\u015f\u00fcncesini yarat\u0131rken duru\u015fma, g\u00f6r\u00fcnt\u00fclerin izlenip davan\u0131n ilerletilmesi amac\u0131 ile 23 Eyl\u00fcl tarihine ertelendi.<\/p>\n<p class=\"MsoNoSpacing\" style=\"margin: 0cm 0cm 0pt; line-height: 200%; text-align: justify;\"><strong><span style=\"font-family: 'Verdana','sans-serif';\"><span style=\"font-size: medium;\"><a href=\"https:\/\/www.baraka.cc\/images\/stories\/gocyasasi.jpg\" target=\"_blank\"><img decoding=\"async\" loading=\"lazy\" alt=\" \" src=\"https:\/\/www.baraka.cc\/images\/stories\/gocyasasi.jpg\" width=\"200\" height=\"150\" align=\"left\" border=\"2\" \/><\/a><br \/>\n<\/span><\/span><\/strong><\/p>\n","protected":false},"excerpt":{"rendered":"<p>&nbsp; G\u00f6\u00e7 Yasas\u0131 eylemlerine kat\u0131lan ve haklar\u0131nda su\u00e7lamalarda bulunanlar bug\u00fcn yeniden mahkemelerde idi. 23 Kas\u0131m eyleminden dolay\u0131 a\u00e7\u0131lan dava geri \u00e7ekildi. Di\u011fer dava ise 23<\/p>\n","protected":false},"author":1,"featured_media":0,"comment_status":"open","ping_status":"open","sticky":false,"template":"","format":"standard","meta":{"jetpack_post_was_ever_published":false,"_jetpack_newsletter_access":"","_jetpack_newsletter_tier_id":0,"jetpack_publicize_message":"","jetpack_is_tweetstorm":false,"jetpack_publicize_feature_enabled":true,"jetpack_social_post_already_shared":false,"jetpack_social_options":{"image_generator_settings":{"template":"highway","enabled":false}}},"categories":[66],"tags":[],"jetpack_publicize_connections":[],"jetpack_featured_media_url":"","jetpack_shortlink":"https:\/\/wp.me\/p4eHWX-el","jetpack_sharing_enabled":true,"_links":{"self":[{"href":"https:\/\/baraka.cc\/index.php?rest_route=\/wp\/v2\/posts\/889"}],"collection":[{"href":"https:\/\/baraka.cc\/index.php?rest_route=\/wp\/v2\/posts"}],"about":[{"href":"https:\/\/baraka.cc\/index.php?rest_route=\/wp\/v2\/types\/post"}],"author":[{"embeddable":true,"href":"https:\/\/baraka.cc\/index.php?rest_route=\/wp\/v2\/users\/1"}],"replies":[{"embeddable":true,"href":"https:\/\/baraka.cc\/index.php?rest_route=%2Fwp%2Fv2%2Fcomments&post=889"}],"version-history":[{"count":2,"href":"https:\/\/baraka.cc\/index.php?rest_route=\/wp\/v2\/posts\/889\/revisions"}],"predecessor-version":[{"id":5389,"href":"https:\/\/baraka.cc\/index.php?rest_route=\/wp\/v2\/posts\/889\/revisions\/5389"}],"wp:attachment":[{"href":"https:\/\/baraka.cc\/index.php?rest_route=%2Fwp%2Fv2%2Fmedia&parent=889"}],"wp:term":[{"taxonomy":"category","embeddable":true,"href":"https:\/\/baraka.cc\/index.php?rest_route=%2Fwp%2Fv2%2Fcategories&post=889"},{"taxonomy":"post_tag","embeddable":true,"href":"https:\/\/baraka.cc\/index.php?rest_route=%2Fwp%2Fv2%2Ftags&post=889"}],"curies":[{"name":"wp","href":"https:\/\/api.w.org\/{rel}","templated":true}]}}