{"id":890,"date":"2008-06-06T22:25:35","date_gmt":"2008-06-06T20:25:35","guid":{"rendered":"https:\/\/baraka.cc\/?p=890"},"modified":"2017-09-19T11:45:24","modified_gmt":"2017-09-19T09:45:24","slug":"lefkoa-lefkoadir","status":"publish","type":"post","link":"https:\/\/baraka.cc\/?p=890","title":{"rendered":"Lefko\u015fa LEFKO\u015eA\u2019DIR!"},"content":{"rendered":"<p>&nbsp;<\/p>\n<p><span style=\"font-family: Verdana; font-size: 10pt;\"><a href=\"https:\/\/www.baraka.cc\/images\/stories\/lefkosatb.jpg\" target=\"_blank\"><img decoding=\"async\" loading=\"lazy\" alt=\" \" src=\"https:\/\/www.baraka.cc\/images\/stories\/lefkosatb.jpg\" width=\"200\" height=\"241\" align=\"right\" border=\"2\" \/><\/a><\/span><\/p>\n<p>&nbsp;<\/p>\n<p>\u00d6zel bir otelde d\u00fczenlenecek g\u00fczellik yar\u0131\u015fmas\u0131 i\u00e7in 26.05.2008 tarihinde K\u0131br\u0131s Gazetesi\u2019nde bir ilan yay\u0131mlanm\u0131\u015ft\u0131r. Lefko\u015fa T\u00fcrk Belediyesi\u2019nin sponsor oldu\u011fu bu yar\u0131\u015fman\u0131n ilan\u0131nda, Lefko\u015fa T\u00fcrk Belediyesi yerine \u201c<b>Lefko\u015fe<\/b>\u201d T\u00fcrk Belediyesi yazmaktad\u0131r. Hemen hemen t\u00fcm K\u0131br\u0131sl\u0131 T\u00fcrklere ula\u015fan bu reklam, k\u00fclt\u00fcr\u00fcm\u00fcze ve tarihimize sahip \u00e7\u0131kma kararl\u0131l\u0131\u011f\u0131ndaki bizleri derinden \u00fczm\u00fc\u015ft\u00fcr.<\/p>\n<p>&nbsp;<\/p>\n<p>&nbsp;<\/p>\n<p>Hangi \u015fehrin belediye ba\u015fkanl\u0131\u011f\u0131n\u0131 yapt\u0131\u011f\u0131n\u0131 dahi bilmeyen, \u00c7a\u011flayan \u00c7ocuk Bah\u00e7esi\u2019nin gelece\u011finin konu\u015fuldu\u011fu bir Belediye Meclisi\u00a0\u00a0toplant\u0131s\u0131nda Lefko\u015fa i\u00e7in \u201cLefko\u015fe\u201d denmesine k\u0131l\u0131 bile k\u0131p\u0131rdamayan, gazetelere \u201cLefko\u015fe\u201d T\u00fcrk Belediyesi diye ilanlar verdirten Sn. Cemal Buluto\u011flular\u0131\u2019n\u0131n art\u0131k ne Lefko\u015fal\u0131lara ne de K\u0131br\u0131sl\u0131lara verece\u011fi bir \u015fey kalmam\u0131\u015ft\u0131r, derhal istifa etmelidir.<\/p>\n<p>&nbsp;<\/p>\n<p>Ayn\u0131 zamanda bu ilan\u0131 veren reklam \u015firketi, organizasyonu ger\u00e7ekle\u015ftirecek Jasmine Court Hotel yetkilileri de bu aymazl\u0131ktan ve vurdumduymazl\u0131ktan sorumludurlar. Bilgisizliklerini ve k\u00fclt\u00fcr\u00fcm\u00fcze, tarihimize kar\u015f\u0131 sayg\u0131s\u0131zl\u0131klar\u0131n\u0131 g\u00f6stermektedirler. Hem otel yetkilileri hem de reklam \u015firketi halk\u0131m\u0131zdan \u00f6z\u00fcr dilemelidir.<\/p>\n<p>&nbsp;<\/p>\n<p>Bu ilan\u0131 hi\u00e7bir d\u00fczeltme yapmadan dikkatsizce yay\u0131mlayan; g\u00fcnlerce halk\u0131m\u0131z\u0131n g\u00fcndemini i\u015fgal eden \u00c7a\u011flayan \u00c7ocuk Bah\u00e7esi ve Lefko\u015fa tart\u0131\u015fmalar\u0131ndan sonra dahi Lefko\u015fa\u2019n\u0131n ad\u0131 ile ilgili bir tav\u0131r alamayan K\u0131br\u0131s Gazetesi y\u00f6neticileri de bu ilan\u0131n sorumlusudur ve derhal K\u0131br\u0131s T\u00fcrk Halk\u0131\u2019ndan \u00f6z\u00fcr dilemelidir.<\/p>\n<p>&nbsp;<\/p>\n<p>&nbsp;<\/p>\n<p>K\u0131br\u0131sl\u0131 T\u00fcrklerin kendi iradeleri ile \u00fclkelerini y\u00f6netmesini, tarihlerine ve k\u00fclt\u00fcrlerine sahip \u00e7\u0131kmas\u0131n\u0131 i\u00e7ine sindiremeyenler ba\u015fka bir \u00fclkenin idarecilerinden emir alarak koltuklar\u0131nda oturmay\u0131 bir gelenek haline getirmi\u015flerdir. Lefko\u015fa ve Lefko\u015fa T\u00fcrk Belediyesi; Lefko\u015fa Belediye Ba\u015fkan\u0131 Cemal Buluto\u011flular\u0131\u2019n\u0131n mal\u0131 de\u011fildir. Lefko\u015fa\u2019n\u0131n ismi bir tart\u0131\u015fma ve bir gazete ilan\u0131 ile de\u011fi\u015ftirilecek de\u011fildir. K\u0131br\u0131s T\u00fcrk Halk\u0131, m\u00fccadelesini kararl\u0131l\u0131kla s\u00fcrd\u00fcrecektir. G\u00fcc\u00fcn\u00fc kendi toplumundan almayan, kendi halk\u0131n\u0131n m\u00fccadelesini hi\u00e7e sayan, d\u0131\u015fardan gelen emirlerle toplumu y\u00f6netmeye \u00e7al\u0131\u015fan bu ki\u015fi ve ki\u015filer, K\u0131br\u0131sl\u0131 T\u00fcrklere olan ihanetlerinin fark\u0131na varmamaktad\u0131rlar. T\u00fcm halk\u0131m\u0131z\u0131; topraklar\u0131na, ge\u00e7mi\u015flerine ve tarihlerine sahip \u00e7\u0131kmaya ve bu uzaktan kumandal\u0131 ki\u015filere kar\u015f\u0131 koymaya \u00e7a\u011f\u0131r\u0131yoruz.<\/p>\n<p>&nbsp;<\/p>\n<p>Baraka K\u00fclt\u00fcr Merkezi (a)<\/p>\n<p>&nbsp;<\/p>\n<p>Besim Baysal<\/p>\n<p><span style=\"font-family: Verdana; font-size: 10pt;\">\u00a0<\/span><\/p>\n","protected":false},"excerpt":{"rendered":"<p>&nbsp; &nbsp; \u00d6zel bir otelde d\u00fczenlenecek g\u00fczellik yar\u0131\u015fmas\u0131 i\u00e7in 26.05.2008 tarihinde K\u0131br\u0131s Gazetesi\u2019nde bir ilan yay\u0131mlanm\u0131\u015ft\u0131r. Lefko\u015fa T\u00fcrk Belediyesi\u2019nin sponsor oldu\u011fu bu yar\u0131\u015fman\u0131n ilan\u0131nda, Lefko\u015fa<\/p>\n","protected":false},"author":1,"featured_media":0,"comment_status":"open","ping_status":"open","sticky":false,"template":"","format":"standard","meta":{"jetpack_post_was_ever_published":false,"_jetpack_newsletter_access":"","_jetpack_newsletter_tier_id":0,"jetpack_publicize_message":"","jetpack_is_tweetstorm":false,"jetpack_publicize_feature_enabled":true,"jetpack_social_post_already_shared":false,"jetpack_social_options":{"image_generator_settings":{"template":"highway","enabled":false}}},"categories":[41,66],"tags":[],"jetpack_publicize_connections":[],"jetpack_featured_media_url":"","jetpack_shortlink":"https:\/\/wp.me\/p4eHWX-em","jetpack_sharing_enabled":true,"_links":{"self":[{"href":"https:\/\/baraka.cc\/index.php?rest_route=\/wp\/v2\/posts\/890"}],"collection":[{"href":"https:\/\/baraka.cc\/index.php?rest_route=\/wp\/v2\/posts"}],"about":[{"href":"https:\/\/baraka.cc\/index.php?rest_route=\/wp\/v2\/types\/post"}],"author":[{"embeddable":true,"href":"https:\/\/baraka.cc\/index.php?rest_route=\/wp\/v2\/users\/1"}],"replies":[{"embeddable":true,"href":"https:\/\/baraka.cc\/index.php?rest_route=%2Fwp%2Fv2%2Fcomments&post=890"}],"version-history":[{"count":2,"href":"https:\/\/baraka.cc\/index.php?rest_route=\/wp\/v2\/posts\/890\/revisions"}],"predecessor-version":[{"id":5398,"href":"https:\/\/baraka.cc\/index.php?rest_route=\/wp\/v2\/posts\/890\/revisions\/5398"}],"wp:attachment":[{"href":"https:\/\/baraka.cc\/index.php?rest_route=%2Fwp%2Fv2%2Fmedia&parent=890"}],"wp:term":[{"taxonomy":"category","embeddable":true,"href":"https:\/\/baraka.cc\/index.php?rest_route=%2Fwp%2Fv2%2Fcategories&post=890"},{"taxonomy":"post_tag","embeddable":true,"href":"https:\/\/baraka.cc\/index.php?rest_route=%2Fwp%2Fv2%2Ftags&post=890"}],"curies":[{"name":"wp","href":"https:\/\/api.w.org\/{rel}","templated":true}]}}