{"id":893,"date":"2010-08-27T22:27:27","date_gmt":"2010-08-27T20:27:27","guid":{"rendered":"https:\/\/baraka.cc\/?p=893"},"modified":"2017-09-19T10:46:06","modified_gmt":"2017-09-19T08:46:06","slug":"baraka-ktos-ve-ykp-gery-adim-yok","status":"publish","type":"post","link":"https:\/\/baraka.cc\/?p=893","title":{"rendered":"BARAKA, KT\u00d6S ve YKP: \u201cGER\u0130 ADIM YOK!\u201d"},"content":{"rendered":"<p><b>\u201cKendimi \u0130hbar Ediyorum\u201d imza kampanyas\u0131 sona erdi. KT\u00d6S, BARAKA ve YKP bug\u00fcn toplanan imzalar\u0131 ger\u00e7ekle\u015ftirdikleri eylemin ard\u0131ndan Savc\u0131l\u0131\u011fa verdi.<\/b><\/p>\n<p><b>\u00a0\u00a0\u00a0\u00a0\u00a0\u00a0\u00a0\u00a0\u00a0\u00a0\u00a0\u00a0\u00a0\u00a0\u00a0\u00a0\u00a0\u00a0\u00a0\u00a0\u00a0\u00a0\u00a0\u00a0\u00a0\u00a0\u00a0<\/b><\/p>\n<p>G\u00f6\u00e7 Yasas\u0131\u2019na kar\u015f\u0131 d\u00fczenlenen eylemlerin ard\u0131ndan UBP h\u00fck\u00fcmeti taraf\u0131ndan estirilen soru\u015fturma ve dava ter\u00f6r\u00fcne tepki olarak sendika ve \u00f6rg\u00fctlerin toplad\u0131klar\u0131 imzalar 26 A\u011fustos 2010 KT\u00d6S, YKP ve BARAKA\u2019n\u0131n ger\u00e7ekle\u015ftirdi\u011fi y\u00fcr\u00fcy\u00fc\u015f ile Savc\u0131l\u0131\u011fa verildi.<\/p>\n<p>BARAKA, YKP ve KT\u00d6S aktivist ve \u00fcyeleri bug\u00fcn saat 9.30\u2019da \u201cKendimi \u0130hbar Ediyorum\u201d kampanyas\u0131 s\u00fcresince y\u00fczlerce insandan toplad\u0131klar\u0131 imzalar\u0131 Savc\u0131l\u0131\u011fa vermek amac\u0131yla Ku\u011fulu Park\u2019tan mahkemelere do\u011fru y\u00fcr\u00fcy\u00fc\u015f ger\u00e7ekle\u015ftirdiler. Y\u00fcr\u00fcy\u00fc\u015f boyunca eylemciler s\u0131k s\u0131k \u201cSoru\u015fturmalar, g\u00f6zalt\u0131lar, bask\u0131lar bizi y\u0131ld\u0131ramaz\u201d, \u201cdirene direne kazanaca\u011f\u0131z\u201d ve \u201cg\u00fcn gelecek devran d\u00f6necek UBP halka\u00a0\u00a0hesap verecek\u201d sloganlar\u0131 att\u0131lar.<\/p>\n<p><b>Rahvanc\u0131o\u011flu:<\/b>\u00a0<b>\u201cDi\u011fer imzalar da verilsin\u201d<\/b><\/p>\n<p><b>\u00a0\u00a0\u00a0\u00a0\u00a0\u00a0\u00a0\u00a0\u00a0\u00a0\u00a0\u00a0\u00a0\u00a0\u00a0\u00a0\u00a0\u00a0\u00a0\u00a0\u00a0\u00a0\u00a0\u00a0\u00a0\u00a0<\/b><\/p>\n<p>Mahkemelerin \u00f6n\u00fcnde toplanan eylemciler, bas\u0131n a\u00e7\u0131klamalar\u0131n\u0131n ard\u0131ndan imzalar\u0131 Savc\u0131l\u0131\u011fa teslim ettiler.<\/p>\n<p>Baraka K\u00fclt\u00fcr Merkezi ad\u0131na M\u00fcn\u00fcr Rahvanc\u0131o\u011flu\u2019nun, KT\u00d6S ad\u0131na Burak Mavi\u015f\u2019in ve YKP ad\u0131na Murat Kanatl\u0131\u2019n\u0131n yapt\u0131\u011f\u0131 a\u00e7\u0131klamalarda rejimin karanl\u0131k ve bask\u0131c\u0131 karakterine dikkat \u00e7ekildi. Baraka K\u00fclt\u00fcr Merkezi ad\u0131na konu\u015fan Rahvanc\u0131o\u011flu imza kampanyas\u0131n\u0131n Ocak ay\u0131nda 20\u2019den fazla \u00f6rg\u00fct taraf\u0131ndan ba\u015flat\u0131ld\u0131\u011f\u0131n\u0131, di\u011fer \u00f6rg\u00fctlerin de savc\u0131l\u0131\u011fa teslim etmek amac\u0131yla halktan ald\u0131klar\u0131 imzalar\u0131 bir an \u00f6nce teslim etmeleri gerekti\u011fini s\u00f6yledi. Di\u011fer yandan dava s\u00fcrecini de\u011ferlendiren Rahvanc\u0131o\u011flu \u015f\u00f6yle konu\u015ftu: \u201cSavc\u0131l\u0131k halen dava tebli\u011flerini tamamlayamam\u0131\u015ft\u0131r. 27 A\u011fustos\u00a02010 tarihinde\u00a0bir duru\u015fma daha ger\u00e7ekle\u015fecektir. Egemenlerin amac\u0131 bizleri y\u0131ld\u0131rmak ve bezdirmektir. Oysa tam aksine kendi i\u015f bilmezliklerini ve beceriksizliklerini g\u00f6stermektedirler.\u201d<\/p>\n<p><b>Mavi\u015f: \u201cBu varolu\u015f m\u00fccadelesidir\u201d<\/b><\/p>\n<p><b>\u00a0\u00a0\u00a0\u00a0\u00a0\u00a0\u00a0\u00a0\u00a0\u00a0\u00a0\u00a0\u00a0\u00a0\u00a0\u00a0\u00a0\u00a0\u00a0<\/b><\/p>\n<p>Ard\u0131ndan s\u00f6z alan KT\u00d6S \u00f6rg\u00fctlenme sekreteri Burak Mavi\u015f de bask\u0131lardan hi\u00e7bir zaman y\u0131lmad\u0131klar\u0131n\u0131 ve KT\u00d6S\u2019\u00fcn rejime kar\u015f\u0131 geri ad\u0131m atmayaca\u011f\u0131n\u0131 belirtti. Mavi\u015f \u015f\u00f6yle konu\u015ftu: \u201cBu m\u00fccadele sadece kendisine dava a\u00e7\u0131lan ki\u015filerin m\u00fccadelesi de\u011fil; K\u0131br\u0131sl\u0131 T\u00fcrklerin varolu\u015f m\u00fccadelesidir. Bunun bilinciyle hareket etmek gerekir.\u201d<\/p>\n<p><b>Kanatl\u0131: \u201cDayan\u0131\u015fmay\u0131 artt\u0131ral\u0131m\u201d<\/b><\/p>\n<p><b>\u00a0\u00a0\u00a0\u00a0\u00a0\u00a0\u00a0\u00a0\u00a0\u00a0\u00a0\u00a0\u00a0\u00a0\u00a0\u00a0\u00a0\u00a0\u00a0\u00a0\u00a0\u00a0\u00a0\u00a0\u00a0\u00a0\u00a0\u00a0<\/b><\/p>\n<p>Son olarak s\u00f6z alan YKP y\u00fcr\u00fctme kurulu sekreteri Murat Kanatl\u0131 da son zamanlarda art\u0131\u015f g\u00f6steren keyfi polis tacizlerini hat\u0131rlatarak, Dikmen eylemlerinden, Askersiz B\u00f6lge konserine kadar her muhalif eylemin kar\u015f\u0131s\u0131na dava ve soru\u015fturma ter\u00f6r\u00fc ile \u00e7\u0131k\u0131ld\u0131\u011f\u0131n\u0131 vurgulad\u0131. Kanatl\u0131 son olarak \u201cBu keyfi bask\u0131 ortam\u0131nda bizim i\u00e7in en \u00f6nemli konu dayan\u0131\u015fmad\u0131r. Dava ve keyfi polis tacizine kar\u015f\u0131 \u00f6rg\u00fctler olarak dayan\u0131\u015fmam\u0131z\u0131 y\u00fckseltmeliyiz\u201d diye konu\u015ftu.<\/p>\n<p>Yap\u0131lan a\u00e7\u0131klamalar\u0131n ard\u0131ndan \u00f6rg\u00fct temsilcileri toplad\u0131klar\u0131 imzalar\u0131 Savc\u0131l\u0131\u011fa teslim ettiler.<\/p>\n<p>G\u00f6\u00e7 Yasas\u0131\u2019na kar\u015f\u0131 ger\u00e7ekle\u015ftirilen eylemlerde haklar\u0131nda dava a\u00e7\u0131lan ve g\u00f6zalt\u0131na al\u0131nan eylemcilerin davas\u0131 27 A\u011fustos 2010\u00a0sabah\u0131 g\u00f6r\u00fc\u015f\u00fclecek.<\/p>\n<p>&nbsp;<\/p>\n<p><strong><span style=\"font-family: 'Verdana','sans-serif';\"><span style=\"font-size: medium;\">\u00a0\u00a0\u00a0\u00a0\u00a0\u00a0\u00a0\u00a0\u00a0\u00a0\u00a0\u00a0\u00a0\u00a0\u00a0\u00a0\u00a0\u00a0\u00a0\u00a0\u00a0\u00a0\u00a0\u00a0\u00a0 <\/span><\/span><\/strong><strong><span style=\"font-family: 'Verdana','sans-serif';\"><span style=\"font-size: medium;\">\u00a0<\/span><\/span><\/strong><\/p>\n<p class=\"MsoNoSpacing\" style=\"text-align: justify; line-height: 200%; margin: 0cm 0cm 0pt;\"><strong><span style=\"font-family: 'Verdana','sans-serif';\"><span style=\"font-size: medium;\">\u00a0 \u00a0 \u00a0 \u00a0 \u00a0 \u00a0 \u00a0 \u00a0 \u00a0 \u00a0 \u00a0 \u00a0 \u00a0 \u00a0<\/span><\/span><\/strong><span style=\"font-family: 'Verdana','sans-serif';\"><span style=\"font-size: medium;\">\u00a0<\/span><\/span><\/p>\n<p class=\"MsoNoSpacing\" style=\"text-align: justify; line-height: 200%; margin: 0cm 0cm 0pt;\"><span style=\"font-family: 'Verdana','sans-serif';\"><span style=\"font-size: medium;\"><a href=\"https:\/\/www.baraka.cc\/images\/stories\/gocyasasi_imzalar2.JPG\" target=\"_blank\"><img decoding=\"async\" loading=\"lazy\" alt=\" \" src=\"https:\/\/www.baraka.cc\/images\/stories\/gocyasasi_imzalar1.JPG\" width=\"200\" height=\"133\" align=\"left\" border=\"2\" \/><\/a><br \/>\n<\/span><\/span><\/p>\n<p><span style=\"font-family: 'Verdana','sans-serif';\"><span style=\"font-size: medium;\">\u00a0\u00a0\u00a0\u00a0\u00a0\u00a0\u00a0\u00a0\u00a0\u00a0\u00a0\u00a0\u00a0\u00a0\u00a0\u00a0\u00a0\u00a0\u00a0\u00a0\u00a0\u00a0\u00a0\u00a0\u00a0 \u00a0<\/span><\/span><\/p>\n<p class=\"MsoNoSpacing\" style=\"text-align: justify; line-height: 200%; margin: 0cm 0cm 0pt;\"><span style=\"font-family: 'Verdana','sans-serif';\"><span style=\"font-size: medium;\"><a href=\"https:\/\/www.baraka.cc\/images\/stories\/gocyasasi_imzalar2.JPG\" target=\"_blank\"><img decoding=\"async\" loading=\"lazy\" alt=\" \" src=\"https:\/\/www.baraka.cc\/images\/stories\/gocyasasi_imzalar2.JPG\" width=\"200\" height=\"133\" align=\"left\" border=\"2\" \/><\/a><br \/>\n<\/span><\/span><\/p>\n<p><strong><span style=\"font-family: 'Verdana','sans-serif';\"><span style=\"font-size: medium;\">\u00a0\u00a0\u00a0\u00a0\u00a0\u00a0\u00a0\u00a0\u00a0\u00a0\u00a0\u00a0\u00a0\u00a0\u00a0\u00a0\u00a0\u00a0\u00a0 <\/span><\/span><\/strong><\/p>\n<p class=\"MsoNoSpacing\" style=\"text-align: justify; line-height: 200%; margin: 0cm 0cm 0pt;\"><span style=\"font-family: 'Verdana','sans-serif';\"><span style=\"font-size: medium;\"><a href=\"https:\/\/www.baraka.cc\/images\/stories\/gocyasasi_imzalar3.JPG\" target=\"_blank\"><img decoding=\"async\" loading=\"lazy\" alt=\" \" src=\"https:\/\/www.baraka.cc\/images\/stories\/gocyasasi_imzalar3.JPG\" width=\"200\" height=\"133\" align=\"left\" border=\"2\" \/><\/a><br \/>\n<\/span><\/span><\/p>\n<p><strong><span style=\"font-family: 'Verdana','sans-serif';\"><span style=\"font-size: medium;\">\u00a0\u00a0\u00a0\u00a0\u00a0\u00a0\u00a0\u00a0\u00a0\u00a0\u00a0\u00a0\u00a0\u00a0\u00a0\u00a0\u00a0\u00a0\u00a0\u00a0\u00a0\u00a0\u00a0\u00a0\u00a0\u00a0\u00a0\u00a0 <\/span><\/span><\/strong><\/p>\n<p class=\"MsoNoSpacing\" style=\"text-align: justify; line-height: 200%; margin: 0cm 0cm 0pt;\"><span style=\"font-family: 'Verdana','sans-serif';\"><span style=\"font-size: medium;\"><a href=\"https:\/\/www.baraka.cc\/images\/stories\/gocyasasi_imzalar4.JPG\" target=\"_blank\"><img decoding=\"async\" loading=\"lazy\" alt=\" \" src=\"https:\/\/www.baraka.cc\/images\/stories\/gocyasasi_imzalar4.JPG\" width=\"200\" height=\"133\" align=\"left\" border=\"2\" \/><\/a><br \/>\n<\/span><\/span><\/p>\n<p><span style=\"font-family: 'Verdana','sans-serif';\"><span style=\"font-size: medium;\">\u00a0\u00a0\u00a0\u00a0\u00a0\u00a0\u00a0\u00a0\u00a0\u00a0\u00a0\u00a0\u00a0\u00a0\u00a0\u00a0\u00a0\u00a0\u00a0\u00a0\u00a0\u00a0\u00a0\u00a0\u00a0\u00a0\u00a0\u00a0\u00a0\u00a0\u00a0\u00a0 \u00a0\u00a0\u00a0\u00a0\u00a0\u00a0<\/span><\/span><strong><span style=\"line-height: 200%; font-family: 'Verdana','sans-serif'; font-size: 10pt;\">\u00a0<\/span><\/strong><strong><span style=\"line-height: 200%; font-family: 'Verdana','sans-serif'; font-size: 10pt;\">\u00a0<\/span><\/strong><strong><span style=\"line-height: 200%; font-family: 'Verdana','sans-serif'; font-size: 10pt;\">\u00a0<\/span><\/strong><span style=\"line-height: 200%; font-family: 'Verdana','sans-serif'; font-size: 12pt;\">\u00a0<\/span><span style=\"font-family: 'Verdana','sans-serif';\"><span style=\"font-size: medium;\">\u00a0<\/span><\/span><\/p>\n","protected":false},"excerpt":{"rendered":"<p>\u201cKendimi \u0130hbar Ediyorum\u201d imza kampanyas\u0131 sona erdi. KT\u00d6S, BARAKA ve YKP bug\u00fcn toplanan imzalar\u0131 ger\u00e7ekle\u015ftirdikleri eylemin ard\u0131ndan Savc\u0131l\u0131\u011fa verdi. \u00a0\u00a0\u00a0\u00a0\u00a0\u00a0\u00a0\u00a0\u00a0\u00a0\u00a0\u00a0\u00a0\u00a0\u00a0\u00a0\u00a0\u00a0\u00a0\u00a0\u00a0\u00a0\u00a0\u00a0\u00a0\u00a0\u00a0 G\u00f6\u00e7 Yasas\u0131\u2019na kar\u015f\u0131 d\u00fczenlenen eylemlerin<\/p>\n","protected":false},"author":1,"featured_media":0,"comment_status":"open","ping_status":"open","sticky":false,"template":"","format":"standard","meta":{"jetpack_post_was_ever_published":false,"_jetpack_newsletter_access":"","_jetpack_newsletter_tier_id":0,"jetpack_publicize_message":"","jetpack_is_tweetstorm":false,"jetpack_publicize_feature_enabled":true,"jetpack_social_post_already_shared":false,"jetpack_social_options":{"image_generator_settings":{"template":"highway","enabled":false}}},"categories":[66],"tags":[],"jetpack_publicize_connections":[],"jetpack_featured_media_url":"","jetpack_shortlink":"https:\/\/wp.me\/p4eHWX-ep","jetpack_sharing_enabled":true,"_links":{"self":[{"href":"https:\/\/baraka.cc\/index.php?rest_route=\/wp\/v2\/posts\/893"}],"collection":[{"href":"https:\/\/baraka.cc\/index.php?rest_route=\/wp\/v2\/posts"}],"about":[{"href":"https:\/\/baraka.cc\/index.php?rest_route=\/wp\/v2\/types\/post"}],"author":[{"embeddable":true,"href":"https:\/\/baraka.cc\/index.php?rest_route=\/wp\/v2\/users\/1"}],"replies":[{"embeddable":true,"href":"https:\/\/baraka.cc\/index.php?rest_route=%2Fwp%2Fv2%2Fcomments&post=893"}],"version-history":[{"count":3,"href":"https:\/\/baraka.cc\/index.php?rest_route=\/wp\/v2\/posts\/893\/revisions"}],"predecessor-version":[{"id":5385,"href":"https:\/\/baraka.cc\/index.php?rest_route=\/wp\/v2\/posts\/893\/revisions\/5385"}],"wp:attachment":[{"href":"https:\/\/baraka.cc\/index.php?rest_route=%2Fwp%2Fv2%2Fmedia&parent=893"}],"wp:term":[{"taxonomy":"category","embeddable":true,"href":"https:\/\/baraka.cc\/index.php?rest_route=%2Fwp%2Fv2%2Fcategories&post=893"},{"taxonomy":"post_tag","embeddable":true,"href":"https:\/\/baraka.cc\/index.php?rest_route=%2Fwp%2Fv2%2Ftags&post=893"}],"curies":[{"name":"wp","href":"https:\/\/api.w.org\/{rel}","templated":true}]}}