{"id":8982,"date":"2022-08-15T12:20:50","date_gmt":"2022-08-15T10:20:50","guid":{"rendered":"https:\/\/baraka.cc\/?p=8982"},"modified":"2022-08-15T12:20:50","modified_gmt":"2022-08-15T10:20:50","slug":"bagimsiz-kibris-eylemi-lefkosada-gerceklesti-10-yillardir-bagimsiz-kibris-ozlemi-sokaklarda-yankilaniyor","status":"publish","type":"post","link":"https:\/\/baraka.cc\/?p=8982","title":{"rendered":"Ba\u011f\u0131ms\u0131z K\u0131br\u0131s Eylemi Lefko\u015fa\u2019da Ger\u00e7ekle\u015fti: 10 Y\u0131llard\u0131r Ba\u011f\u0131ms\u0131z K\u0131br\u0131s \u00d6zlemi Sokaklarda Yank\u0131lan\u0131yor"},"content":{"rendered":"<p><b>Ba\u011f\u0131ms\u0131z K\u0131br\u0131s Eylemi Lefko\u015fa\u2019da Ger\u00e7ekle\u015fti: 10 Y\u0131llard\u0131r Ba\u011f\u0131ms\u0131z K\u0131br\u0131s \u00d6zlemi Sokaklarda Yank\u0131lan\u0131yor<\/p>\n<p><a href=\"https:\/\/baraka.cc\/wp-content\/uploads\/2022\/08\/WhatsApp-Image-2022-08-15-at-11.22.26-1.jpeg\"><img decoding=\"async\" loading=\"lazy\" class=\"alignnone size-medium wp-image-8983\" alt=\"WhatsApp Image 2022-08-15 at 11.22.26 (1)\" src=\"https:\/\/baraka.cc\/wp-content\/uploads\/2022\/08\/WhatsApp-Image-2022-08-15-at-11.22.26-1-300x198.jpeg\" width=\"300\" height=\"198\" srcset=\"https:\/\/baraka.cc\/wp-content\/uploads\/2022\/08\/WhatsApp-Image-2022-08-15-at-11.22.26-1-300x198.jpeg 300w, https:\/\/baraka.cc\/wp-content\/uploads\/2022\/08\/WhatsApp-Image-2022-08-15-at-11.22.26-1-1024x677.jpeg 1024w, https:\/\/baraka.cc\/wp-content\/uploads\/2022\/08\/WhatsApp-Image-2022-08-15-at-11.22.26-1.jpeg 1600w\" sizes=\"(max-width: 300px) 100vw, 300px\" \/><\/a> <a href=\"https:\/\/baraka.cc\/wp-content\/uploads\/2022\/08\/WhatsApp-Image-2022-08-15-at-11.22.26-2.jpeg\"><img decoding=\"async\" loading=\"lazy\" class=\"alignnone size-medium wp-image-8984\" alt=\"WhatsApp Image 2022-08-15 at 11.22.26 (2)\" src=\"https:\/\/baraka.cc\/wp-content\/uploads\/2022\/08\/WhatsApp-Image-2022-08-15-at-11.22.26-2-300x198.jpeg\" width=\"300\" height=\"198\" srcset=\"https:\/\/baraka.cc\/wp-content\/uploads\/2022\/08\/WhatsApp-Image-2022-08-15-at-11.22.26-2-300x198.jpeg 300w, https:\/\/baraka.cc\/wp-content\/uploads\/2022\/08\/WhatsApp-Image-2022-08-15-at-11.22.26-2-1024x677.jpeg 1024w, https:\/\/baraka.cc\/wp-content\/uploads\/2022\/08\/WhatsApp-Image-2022-08-15-at-11.22.26-2.jpeg 1600w\" sizes=\"(max-width: 300px) 100vw, 300px\" \/><\/a><br \/>\n<\/b><\/p>\n<p>2012 y\u0131l\u0131nda bu yana Ba\u011f\u0131ms\u0131z K\u0131br\u0131s \u015fiar\u0131yla sokakta ger\u00e7ekle\u015ftirilen eylemlere bu y\u0131l da Ba\u011f\u0131ms\u0131zl\u0131k Yolu, Anonim Gen\u00e7lik, Baraka K\u00fclt\u00fcr Merkezi\u2019nin organizasyonuyla ger\u00e7ekle\u015ftirildi.<\/p>\n<p>Lefko\u015fa\u2019da Pronto \u00c7emberi olarak bilinen \u00e7emberde toplanan eylemciler, s\u0131ras\u0131yla \u0130ngiliz Y\u00fcksek Komiserli\u011fi, Amerikan Temsilcili\u011fi ve TC Lefko\u015fa B\u00fcy\u00fckel\u00e7ili\u011fine y\u00fcr\u00fcyerek K\u0131br\u0131s\u2019\u0131n b\u00f6l\u00fcnm\u00fc\u015fl\u00fc\u011f\u00fcn\u00fc ve emperyalist ku\u015fatmay\u0131 protesto ettiler.<\/p>\n<p>Eylem s\u0131ras\u0131nda, \u201cBa\u011f\u0131ms\u0131z K\u0131br\u0131s, B\u00fct\u00fcn Halklar Karde\u015ftir!\u201d, \u201cSon Son Son! \u0130\u015fgallere Son!\u201d, \u201cOne Solution, Revolution\u201d, \u201cOut Out Out! British Bases Out!\u201d, \u201cAnkara Elini Yakam\u0131zdan \u00c7ek!\u201d, \u201cYankee Go Home!\u201d gibi sloganlar at\u0131ld\u0131.<\/p>\n<p><b>Kele\u015fzade: \u0130\u015fbirlik\u00e7iler ve Egemenler Taraf\u0131ndan S\u0131n\u0131f M\u00fccadelesini Bast\u0131rmak ve Adan\u0131n B\u00f6l\u00fcnm\u00fc\u015fl\u00fc\u011f\u00fcn\u00fcn Devam\u0131 \u0130\u00e7in Ayn\u0131 Politikalar Kullan\u0131lmaya Devam Etmektedir<\/p>\n<p><a href=\"https:\/\/baraka.cc\/wp-content\/uploads\/2022\/08\/WhatsApp-Image-2022-08-15-at-11.22.27-1.jpeg\"><img decoding=\"async\" loading=\"lazy\" class=\"alignnone size-medium wp-image-8985\" alt=\"WhatsApp Image 2022-08-15 at 11.22.27 (1)\" src=\"https:\/\/baraka.cc\/wp-content\/uploads\/2022\/08\/WhatsApp-Image-2022-08-15-at-11.22.27-1-300x198.jpeg\" width=\"300\" height=\"198\" srcset=\"https:\/\/baraka.cc\/wp-content\/uploads\/2022\/08\/WhatsApp-Image-2022-08-15-at-11.22.27-1-300x198.jpeg 300w, https:\/\/baraka.cc\/wp-content\/uploads\/2022\/08\/WhatsApp-Image-2022-08-15-at-11.22.27-1-1024x677.jpeg 1024w, https:\/\/baraka.cc\/wp-content\/uploads\/2022\/08\/WhatsApp-Image-2022-08-15-at-11.22.27-1.jpeg 1600w\" sizes=\"(max-width: 300px) 100vw, 300px\" \/><\/a> <a href=\"https:\/\/baraka.cc\/wp-content\/uploads\/2022\/08\/WhatsApp-Image-2022-08-15-at-11.22.27.jpeg\"><img decoding=\"async\" loading=\"lazy\" class=\"alignnone size-medium wp-image-8986\" alt=\"WhatsApp Image 2022-08-15 at 11.22.27\" src=\"https:\/\/baraka.cc\/wp-content\/uploads\/2022\/08\/WhatsApp-Image-2022-08-15-at-11.22.27-300x198.jpeg\" width=\"300\" height=\"198\" srcset=\"https:\/\/baraka.cc\/wp-content\/uploads\/2022\/08\/WhatsApp-Image-2022-08-15-at-11.22.27-300x198.jpeg 300w, https:\/\/baraka.cc\/wp-content\/uploads\/2022\/08\/WhatsApp-Image-2022-08-15-at-11.22.27-1024x677.jpeg 1024w, https:\/\/baraka.cc\/wp-content\/uploads\/2022\/08\/WhatsApp-Image-2022-08-15-at-11.22.27.jpeg 1600w\" sizes=\"(max-width: 300px) 100vw, 300px\" \/><\/a><br \/>\n<\/b><\/p>\n<p>\u0130ngiliz Komiserli\u011fi \u00f6n\u00fcnde \u00f6rg\u00fctler ad\u0131na konu\u015fma ger\u00e7ekle\u015ftiren Mustafa Kele\u015fzade, \u0130ngiliz d\u00f6neminden g\u00fcn\u00fcm\u00fcze de\u011fin devam eden pek \u00e7ok siyasi unsura dikkat \u00e7ekerek \u201c\u00d6rne\u011fin d\u00fcn \u0130ngiliz d\u00f6neminde K\u0131br\u0131sl\u0131 T\u00fcrkler aras\u0131nda adil \u0130ngiliz idaresinin devam\u0131n\u0131 isteriz diyerek stat\u00fckoyu savunan i\u015fbirlik\u00e7iler vard\u0131, bug\u00fcn ise onlar\u0131n siyasi angonileri olan ve en az onlar kadar i\u015fbirlik\u00e7i olan stat\u00fckocular &#8220;egemen e\u015fitlik\u00e7iler&#8221; vard\u0131r\u201d dedi.<\/p>\n<p>Kele\u015fzade yapt\u0131\u011f\u0131 a\u00e7\u0131klamada, \u201cD\u00fcn \u0130ngiltere&#8217;nin ada halklar\u0131n\u0131 b\u00f6lmek, emek\u00e7ilerin ortak sorunlar\u0131n\u0131, s\u00f6m\u00fcrgecili\u011fin kendisini g\u00f6r\u00fcnmez k\u0131lmak i\u00e7in kulland\u0131\u011f\u0131 korku ve nefrete dayal\u0131 kimlik politikas\u0131 milliyet\u00e7ilik vard\u0131. Bug\u00fcn i\u015fbirlik\u00e7iler ve egemenler taraf\u0131ndan s\u0131n\u0131f m\u00fccadelesini bast\u0131rmak ve adan\u0131n b\u00f6l\u00fcnm\u00fc\u015fl\u00fc\u011f\u00fcn\u00fcn devam\u0131 i\u00e7in ayn\u0131 politikalar kullan\u0131lmaya devam etmektedir\u201d dedi.<\/p>\n<p>Kele\u015fzade, devam eden t\u00fcm bu k\u00f6t\u00fcl\u00fcklere ra\u011fmen, halen devam eden en \u00f6nemli \u015feyin, K\u0131br\u0131sl\u0131 Elen ve K\u0131br\u0131sl\u0131 T\u00fcrk sosyalistleri, devrimcilerince s\u00fcrd\u00fcr\u00fclen onurlu m\u00fccadeledir vurgusunu yapt\u0131.<\/p>\n<p><b>\u0130p\u00e7iler: ABD Ta\u015feron Ordular\u0131yla ve \u00c7eteleriyle \u00dclkemize \u00c7at\u0131\u015fmay\u0131, Sava\u015f\u0131 ve Y\u0131k\u0131m\u0131 Getirdi<\/p>\n<p><a href=\"https:\/\/baraka.cc\/wp-content\/uploads\/2022\/08\/WhatsApp-Image-2022-08-15-at-11.22.29-2.jpeg\"><img decoding=\"async\" loading=\"lazy\" class=\"alignnone size-medium wp-image-8987\" alt=\"WhatsApp Image 2022-08-15 at 11.22.29 (2)\" src=\"https:\/\/baraka.cc\/wp-content\/uploads\/2022\/08\/WhatsApp-Image-2022-08-15-at-11.22.29-2-300x198.jpeg\" width=\"300\" height=\"198\" srcset=\"https:\/\/baraka.cc\/wp-content\/uploads\/2022\/08\/WhatsApp-Image-2022-08-15-at-11.22.29-2-300x198.jpeg 300w, https:\/\/baraka.cc\/wp-content\/uploads\/2022\/08\/WhatsApp-Image-2022-08-15-at-11.22.29-2-1024x677.jpeg 1024w, https:\/\/baraka.cc\/wp-content\/uploads\/2022\/08\/WhatsApp-Image-2022-08-15-at-11.22.29-2.jpeg 1600w\" sizes=\"(max-width: 300px) 100vw, 300px\" \/><\/a> <a href=\"https:\/\/baraka.cc\/wp-content\/uploads\/2022\/08\/WhatsApp-Image-2022-08-15-at-11.22.29-3.jpeg\"><img decoding=\"async\" loading=\"lazy\" class=\"alignnone size-medium wp-image-8988\" alt=\"WhatsApp Image 2022-08-15 at 11.22.29 (3)\" src=\"https:\/\/baraka.cc\/wp-content\/uploads\/2022\/08\/WhatsApp-Image-2022-08-15-at-11.22.29-3-300x198.jpeg\" width=\"300\" height=\"198\" srcset=\"https:\/\/baraka.cc\/wp-content\/uploads\/2022\/08\/WhatsApp-Image-2022-08-15-at-11.22.29-3-300x198.jpeg 300w, https:\/\/baraka.cc\/wp-content\/uploads\/2022\/08\/WhatsApp-Image-2022-08-15-at-11.22.29-3-1024x677.jpeg 1024w, https:\/\/baraka.cc\/wp-content\/uploads\/2022\/08\/WhatsApp-Image-2022-08-15-at-11.22.29-3.jpeg 1600w\" sizes=\"(max-width: 300px) 100vw, 300px\" \/><\/a><br \/>\n<\/b><\/p>\n<p>\u0130ngiliz Komiserli\u011fi \u00f6n\u00fcnde ger\u00e7ekle\u015ftirilen a\u00e7\u0131klama sonras\u0131 \u00f6rg\u00fctler Amerikan Temsilcili\u011fi \u00f6n\u00fcne y\u00fcr\u00fcy\u00fc\u015f ger\u00e7ekle\u015ftirdi. Amerikan Temsilcili\u011fi \u00f6n\u00fcnde \u00f6rg\u00fctler ad\u0131na konu\u015fma ger\u00e7ekle\u015ftiren Kamil \u0130p\u00e7iler, t\u00fcm d\u00fcnyada oldu\u011fu gibi K\u0131br\u0131s\u2019ta da sava\u015f, ac\u0131 ve g\u00f6z ya\u015f\u0131 getiren Amerikan emperyalizmin protesto ettiklerini a\u00e7\u0131klad\u0131.<\/p>\n<p>\u0130p\u00e7iler a\u00e7\u0131klamas\u0131n\u0131n devam\u0131nda, \u201cBu ter\u00f6r devleti, belki Ortado\u011fu halklar\u0131na yapt\u0131\u011f\u0131 gibi bize kendi ordusuyla do\u011frudan m\u00fcdahalede bulunmad\u0131 ancak \u0130ngiltere ile girdi\u011fi yeni s\u00f6m\u00fcrgecilik yar\u0131\u015f\u0131nda ve adan\u0131n o d\u00f6nem antikapitalist bir d\u00fcnya d\u00fczeninin par\u00e7as\u0131 olma tehdidine kar\u015f\u0131, bizim \u00fclkemize ta\u015feron ordular\u0131yla ve \u00e7eteleriyle \u00e7at\u0131\u015fmay\u0131, sava\u015f\u0131 ve y\u0131k\u0131m\u0131 getirmi\u015f oldu\u201d dedi.<\/p>\n<p>\u0130p\u00e7iler, ABD\u2019nin halklar\u0131 karde\u015f ve ba\u011f\u0131ms\u0131z bir K\u0131br\u0131s m\u00fccadelesinin \u00f6n\u00fcndeki \u00f6n b\u00fcy\u00fck engellerden biri oldu\u011funu s\u00f6yledi.<\/p>\n<p><b>Rahvanc\u0131o\u011flu: K\u0131br\u0131s Halklar\u0131n\u0131n S\u00f6z, Yetki, Karar, \u0130ktidar Sorunu Ayn\u0131 \u015eekilde Devam Ediyor<\/p>\n<p><a href=\"https:\/\/baraka.cc\/wp-content\/uploads\/2022\/08\/WhatsApp-Image-2022-08-15-at-11.22.30-1.jpeg\"><img decoding=\"async\" loading=\"lazy\" class=\"alignnone size-medium wp-image-8989\" alt=\"WhatsApp Image 2022-08-15 at 11.22.30 (1)\" src=\"https:\/\/baraka.cc\/wp-content\/uploads\/2022\/08\/WhatsApp-Image-2022-08-15-at-11.22.30-1-300x198.jpeg\" width=\"300\" height=\"198\" srcset=\"https:\/\/baraka.cc\/wp-content\/uploads\/2022\/08\/WhatsApp-Image-2022-08-15-at-11.22.30-1-300x198.jpeg 300w, https:\/\/baraka.cc\/wp-content\/uploads\/2022\/08\/WhatsApp-Image-2022-08-15-at-11.22.30-1-1024x677.jpeg 1024w, https:\/\/baraka.cc\/wp-content\/uploads\/2022\/08\/WhatsApp-Image-2022-08-15-at-11.22.30-1.jpeg 1600w\" sizes=\"(max-width: 300px) 100vw, 300px\" \/><\/a><br \/>\n<\/b><\/p>\n<p>Amerikan Temsilcili\u011fi \u00f6n\u00fcnde yap\u0131lan a\u00e7\u0131klama sonras\u0131 TC B\u00fcy\u00fckel\u00e7ili\u011fi\u2019ne y\u00fcr\u00fcyen eylemciler y\u00fcr\u00fcy\u00fc\u015f s\u0131ras\u0131nda sadece TC B\u00fcy\u00fckel\u00e7ili\u011fi \u00f6n\u00fcnde kar\u015f\u0131la\u015ft\u0131klar\u0131 polis barikat\u0131na kar\u015f\u0131 \u201cHalka De\u011fil Sermayeye Barikat\u201d, \u201cS\u00f6z Yetki Karar \u0130ktidar Halka\u201d, \u201cAnkara Elini Yakam\u0131zdan \u00c7ek!\u201d, \u201cK\u00fclliye De\u011fil S\u0131\u011f\u0131nmaevi\u201d sloganlar\u0131n\u0131 att\u0131.<\/p>\n<p>TC B\u00fcy\u00fckel\u00e7ili\u011fi \u00f6n\u00fcnde ger\u00e7ekle\u015ftirilen eylem s\u0131ras\u0131nda \u00f6rg\u00fctler ad\u0131na Ba\u011f\u0131ms\u0131zl\u0131k Yolu Genel Sekreter Yard\u0131mc\u0131s\u0131 M\u00fcn\u00fcr Rahvanc\u0131o\u011flu a\u00e7\u0131klamalarda bulunda.<\/p>\n<p>Rahvanc\u0131o\u011flu, K\u0131br\u0131s Halklar\u0131n\u0131n \u00f6n\u00fcndeki barikatlar \u015fimdi oldu\u011fu gibi bazen T\u00fcrkiye B\u00fcy\u00fckel\u00e7ili\u011fi \u00f6n\u00fcnde, bazen \u0130ngiliz Valili\u011fi \u00f6n\u00fcnde veya o d\u00f6nem halk\u0131n iradesini en s\u0131cak \u015fekilde gasp eden d\u0131\u015f unsur hangisi ise onun \u00f6n\u00fcnde kuruldu. Ancak halk\u0131n m\u00fccadelesini engellemek \u00fczere kurulan bu barikatlar halk\u0131n m\u00fccadele azmini hi\u00e7bir zaman sona erdiremedi dedi.<\/p>\n<p>K\u0131br\u0131s halklar\u0131n\u0131n sorunlar\u0131na \u00e7\u00f6z\u00fcm bulaca\u011f\u0131, K\u0131br\u0131s halklar\u0131n\u0131n \u00e7e\u015fitli sorunlar\u0131nda yan\u0131nda oldu\u011fu iddias\u0131yla d\u0131\u015far\u0131dan adaya gelen d\u0131\u015f g\u00fc\u00e7ler, kendi K\u0131br\u0131s sorunlar\u0131n\u0131 \u00e7\u00f6zd\u00fckten sonra sorun \u00e7\u00f6z\u00fclm\u00fc\u015ft\u00fcr dediklerini s\u00f6yleyen Rahvanc\u0131o\u011flu, K\u0131br\u0131s haklar\u0131n\u0131n s\u00f6z, yetki, karar, iktidar sorunun ayn\u0131 \u015fekilde devam etti\u011fini vurgulad\u0131.<\/p>\n<p><b>Rahvanc\u0131o\u011flu: T\u00fcrkiye Cumhuriyeti El\u00e7ili\u011finin, Yunanistan\u2019a Da Bizim Ad\u0131m\u0131za Selamlar\u0131m\u0131z\u0131 G\u00f6nderece\u011fini \u00dcmit Ediyoruz<\/b><\/p>\n<p>Eylem s\u0131ras\u0131nda \u0130ngiliz Komiserli\u011fi, Amerikan Temsilcili\u011fi ve TC B\u00fcy\u00fckel\u00e7ili\u011fi \u00f6nlerinde protesto ger\u00e7ekle\u015ftirildi\u011fini ancak K\u0131br\u0131s\u2019\u0131n kuzeyinde Yunanistan El\u00e7ili\u011fi olmad\u0131\u011f\u0131 i\u00e7in protesto ger\u00e7ekle\u015ftiremediklerini hat\u0131rlatan Rahvanc\u0131o\u011flu, \u201cYunanistan\u2019la en uyumlu \u015fekilde \u00e7al\u0131\u015farak, adan\u0131n Amerikan ve \u0130ngiliz \u00e7\u0131karlar\u0131 do\u011frultusunda, yeniden \u015fekillenmesinde b\u00fcy\u00fck emekleri olan T\u00fcrkiye Cumhuriyeti El\u00e7ili\u011finin, Yunanistan\u2019a da bizim ad\u0131m\u0131za selamlar\u0131m\u0131z\u0131 g\u00f6nderece\u011fini \u00fcmit ediyoruz\u201d dedi.<\/p>\n<p>K\u0131br\u0131sl\u0131 T\u00fcrk halk\u0131 a\u00e7\u0131s\u0131ndan s\u00f6z yetki karar iktidar sorununun \u00e7\u00f6z\u00fcm\u00fc birle\u015fik, ba\u011f\u0131ms\u0131z bir K\u0131br\u0131s\u2019tan ge\u00e7ti\u011fini vurgulayan Rahvanc\u0131o\u011flu, \u201cbize egemen e\u015fitlik masallar\u0131 okuyanlar, K\u0131br\u0131sl\u0131 T\u00fcrklerin tan\u0131nm\u0131\u015f bir \u00f6zne olarak, bir irade olarak, siyasi e\u015fit bir \u00f6zne olarak, belediye sorunundan, \u00f6\u011fretmen yasas\u0131na, cumhurba\u015fkan\u0131 saray\u0131 ihtiyac\u0131 olup olmad\u0131\u011f\u0131na, yol sorununa, orman sorununa, yang\u0131n helikopteri sorununa hi\u00e7bir sorununda K\u0131br\u0131s\u2019ta ya\u015fayan insanlar\u0131n \u00e7\u0131karlar\u0131n\u0131 g\u00f6zetmiyorlar. Onlar\u0131n iradesine, onlar\u0131n karar\u0131na sayg\u0131 duymuyorlar\u201d dedi.<\/p>\n<p>Kendilerini g\u00f6r\u00fcnmez k\u0131lmak i\u00e7in K\u0131br\u0131s\u2019ta al\u0131n teriyle ya\u015fay\u0131p, gelece\u011fini bu adada kurmak isteyen insanlar\u0131 birbirine d\u00fc\u015fman etmek \u00fczerine siyaset g\u00fcd\u00fcld\u00fc\u011f\u00fcn\u00fc s\u00f6yleyen Rahvanc\u0131o\u011flu, \u201cBu siyasetler kar\u015f\u0131s\u0131nda Ba\u011f\u0131ms\u0131z K\u0131br\u0131s B\u00fct\u00fcn Halklar Karde\u015ftir \u015fiar\u0131n\u0131 y\u00fckseltmek, K\u0131br\u0131sl\u0131 T\u00fcrk devrimcilerin g\u00f6revidir ve bu g\u00f6revi ge\u00e7mi\u015f ku\u015faklardan ald\u0131\u011f\u0131m\u0131z gibi gelece\u011fe y\u00fckselterek, \u00e7o\u011faltarak ta\u015f\u0131yaca\u011f\u0131z\u201d dedi.<\/p>\n<p>Rahvanc\u0131o\u011flu\u2019nun yapm\u0131\u015f oldu\u011fu a\u00e7\u0131klamalar sonras\u0131 Ba\u011f\u0131ms\u0131zl\u0131k Yolu, Anonim Gen\u00e7lik ve Baraka K\u00fclt\u00fcr Merkezi ad\u0131na ortak bas\u0131n a\u00e7\u0131klamas\u0131 okundu.<\/p>\n<p><b>Ortak bas\u0131n a\u00e7\u0131klamas\u0131n\u0131n tamam\u0131 \u015f\u00f6yle:<\/b><\/p>\n<p><b>Neden Ba\u011f\u0131ms\u0131z, Nas\u0131l K\u0131br\u0131s?<\/b><\/p>\n<p>2012 y\u0131l\u0131ndan beri her 14 A\u011fustos\u2019ta \u201cBa\u011f\u0131ms\u0131z K\u0131br\u0131s\u201d slogan\u0131 sokaklarda yank\u0131lanmaktad\u0131r. Tam 10 y\u0131ld\u0131r d\u00f6k\u00fcl\u00fcyor Ba\u011f\u0131ms\u0131z K\u0131br\u0131s \u00f6zlemi a\u011f\u0131zlar\u0131m\u0131zdan. Ba\u011f\u0131ms\u0131z bir K\u0131br\u0131s \u00f6zleminin k\u00f6kleri 1920\u2019lere, K\u0131br\u0131sl\u0131 Elen devrimcilerin kurdu\u011fu K\u0131br\u0131s Kom\u00fcnist Partisi\u2019ne dayan\u0131r. Tam 100 y\u0131ld\u0131r yank\u0131lanmaktad\u0131r Ba\u011f\u0131ms\u0131z bir K\u0131br\u0131s \u00f6zlemi.<\/p>\n<p>Bir talebin kan\u0131ksanmas\u0131 ya da bir slogan\u0131n normalle\u015fmesi bir bak\u0131ma iyidir. Taleplerimiz, sloganlar\u0131m\u0131z, \u00f6zlemlerimiz ve m\u00fccadelemiz ne kadar \u00e7ok ta\u015f\u0131n\u0131rsa siyasetin merkezine, ne kadar \u00e7ok sindirilirse toplum nezdinde, o kadar iyi\u2026 bir bak\u0131ma ise tehlikelidir: o talebin, o slogan\u0131n alt\u0131 bo\u015falabilece\u011finden. Bir talebin, bir slogan\u0131n alt\u0131n\u0131 en \u00f6nce dolduran \u015fey, samimi ve \u00f6rg\u00fctl\u00fc m\u00fccadeledir. \u00c7e\u015fitli \u00f6rg\u00fctlerin, partilerin, derneklerin ve yap\u0131lar\u0131n ortaya koydu\u011fu bu samimi ve \u00f6rg\u00fctl\u00fc m\u00fccadele sayesindedir ki 10 y\u0131l sonra dahi, ilk g\u00fcnk\u00fc co\u015fkuya ve kararl\u0131l\u0131\u011fa sahibiz.<\/p>\n<p><b>Peki neden \u201cBa\u011f\u0131ms\u0131zl\u0131k\u201d?<\/b><\/p>\n<p>Ba\u011f\u0131ms\u0131zl\u0131k, sadece ideolojik bir duru\u015f ya da siyasi bir g\u00f6r\u00fc\u015f de\u011fildir. Ba\u011f\u0131ms\u0131zl\u0131k bir ihtiya\u00e7t\u0131r. Ba\u011f\u0131ms\u0131zl\u0131k, bir halk\u0131n kendi bug\u00fcn\u00fc ve gelece\u011fi \u00fczerinde s\u00f6z sahibi olmas\u0131, kendi \u00e7\u0131karlar\u0131n\u0131 g\u00f6zetmesi, kendi refah\u0131n\u0131 her \u015feyden \u00fcst\u00fcn tutmas\u0131d\u0131r. Ba\u011f\u0131ms\u0131zl\u0131k, bir topra\u011fa kimin ayaklar\u0131 her g\u00fcn bas\u0131yorsa, o ayaklar \u00fczerine y\u00fckselen ak\u0131llar\u0131n ve kalplerin ihtiya\u00e7lar\u0131n\u0131n g\u00f6zetilmesidir. K\u00f6k\u00fc d\u0131\u015far\u0131da olan i\u015fbirlik\u00e7i siyasetlerin de, serpilebilmeyi ancak ayaklar\u0131 K\u0131br\u0131s\u2019a basmayanlar\u0131n g\u00fcd\u00fcm\u00fcne girmekte bulabilmi\u015f siyasetlerin de bizi bug\u00fcn getirdi\u011fi nokta ortadad\u0131r: Yersizlik, yurtsuzluk, yokluk, yoksulluk, g\u00fcvencesizlik ve geleceksizlik. K\u0131br\u0131sl\u0131 T\u00fcrk halk\u0131, uluslararas\u0131 platformlarda kendi kimli\u011fiyle yer alan her t\u00fcrden millete imrenerek bakmaktad\u0131r; K\u0131br\u0131sl\u0131 T\u00fcrk halk\u0131, bug\u00fcn art\u0131k s\u0131radan market raflar\u0131na ve en temel g\u0131da \u00fcr\u00fcnlerine bile i\u00e7i s\u0131k\u0131la s\u0131k\u0131la bakmaktad\u0131r; K\u0131br\u0131sl\u0131 T\u00fcrk halk\u0131, g\u00f6\u00e7 etmi\u015f evlatlar\u0131n\u0131n hasretinin ac\u0131s\u0131yla geride kalan evlatlar\u0131n\u0131n g\u00fcvencesizli\u011finin ve geleceksizli\u011finin ac\u0131s\u0131 aras\u0131nda savrulmaktad\u0131r.<\/p>\n<p>K\u0131br\u0131sl\u0131 T\u00fcrk halk\u0131, hem i\u015fbirlik\u00e7i siyasilerin ve siyasetlerin, hem de K\u0131br\u0131s adas\u0131n\u0131 kendi stratejik ama\u00e7lar\u0131n\u0131n, jeopolitik hesaplar\u0131n\u0131n ve mafyatik i\u015flerinin bir oyun alan\u0131 olarak g\u00f6ren T\u00fcrkiye devletinin yetkililerinin boyunduru\u011fu alt\u0131ndad\u0131r. K\u0131br\u0131sl\u0131 T\u00fcrk halk\u0131, bu kara par\u00e7as\u0131yla tek ba\u011f\u0131 onun be\u015feri ve do\u011fal zenginli\u011fini durmaks\u0131z\u0131n s\u00f6m\u00fcrmek ve geriye yoksulluk, sefalet, ekolojik y\u0131k\u0131m ve g\u00fcvencesizlik d\u0131\u015f\u0131nda ba\u015fka hi\u00e7bir \u015fey b\u0131rakmamak olan ultrazenginlerin ve b\u00fcy\u00fck sermaye s\u0131n\u0131f\u0131n\u0131n boyunduru\u011fu alt\u0131ndad\u0131r. Zenginli\u011fin kayna\u011f\u0131 K\u0131br\u0131sl\u0131 T\u00fcrk halk\u0131 ve bu kara par\u00e7as\u0131 iken, zenginli\u011fin kayma\u011f\u0131 ultrazengin s\u0131n\u0131f\u0131n\u0131n\u0131n boyunduru\u011fu alt\u0131ndad\u0131r.<\/p>\n<p>K\u0131br\u0131sl\u0131 Elen halk\u0131 da benzer bir s\u00fcre\u00e7ten ge\u00e7mektedir. Bir yanda gittik\u00e7e y\u00fckselen Elen milliyet\u00e7ili\u011fi ile birlikte k\u00f6kleri K\u0131br\u0131s\u2019tan iyice kopan siyasetler, di\u011fer yanda ise art\u0131k K\u0131br\u0131s adas\u0131n\u0131n yar\u0131s\u0131n\u0131 vatan olarak g\u00f6rmeye g\u00f6n\u00fcl indirmi\u015f, birle\u015fik bir K\u0131br\u0131s \u00f6zleminden vazge\u00e7mi\u015f, bunu da s\u0131rf K\u0131br\u0131sl\u0131 T\u00fcrklere siyasi e\u015fitlik tan\u0131mamakta \u0131srar etti\u011fi i\u00e7in yapm\u0131\u015f merkez siyasetler. Dahas\u0131, t\u0131pk\u0131 K\u0131br\u0131s\u2019\u0131n kuzeyinde oldu\u011fu gibi, do\u011fay\u0131 talan edip yabanc\u0131 b\u00fcy\u00fck sermayeye ruhunu satm\u0131\u015f K\u0131br\u0131sl\u0131 Elen sermayesi.<\/p>\n<p>T\u00fcm bunlar yetmezmi\u015f gibi, her t\u00fcrden emperyalizmin boyunduru\u011fu alt\u0131ndad\u0131r K\u0131br\u0131s. Hangi ta\u015f\u0131 kald\u0131rsan\u0131z alt\u0131ndan bir emperyalistin \u00e7\u0131kt\u0131\u011f\u0131 bir co\u011frafyad\u0131r buras\u0131. Yakla\u015f\u0131k 100 y\u0131l boyunca aday\u0131 s\u00f6m\u00fcrgele\u015ftirdi\u011fi yetmemi\u015f gibi hala daha iki askeri \u00fcss\u00fcyle K\u0131br\u0131s\u2019\u0131 Ortado\u011fu\u2019ya d\u00f6n\u00fck bir operasyon merkezi olarak kullanan Britanya emperyalizminin; aday\u0131 b\u00f6lmek ve NATO\u2019nun g\u00fcvenli liman\u0131na d\u00f6n\u00fc\u015ft\u00fcrmek i\u00e7in T\u00fcrkiye\u2019yi ve Yunanistan\u2019\u0131 bir ta\u015feron gibi sahaya s\u00fcrmekten geri durmam\u0131\u015f Amerikan emperyalizminin; do\u011falgaz\u0131n kokusunu al\u0131r almaz ba\u015f\u0131m\u0131za \u00fc\u015f\u00fc\u015fmek i\u00e7in s\u0131raya girmi\u015f Frans\u0131z emperyalizminin ve Akdeniz&#8217;de etki alan\u0131n\u0131 b\u00fcy\u00fctmek i\u00e7in K\u0131br\u0131s\u2019\u0131 hoyrat\u00e7a kullanmaktan geri durmayan Rusya ve \u00c7in emperyalizminin boyunduru\u011fu alt\u0131ndad\u0131r K\u0131br\u0131s.<\/p>\n<p><b>Nas\u0131l bir K\u0131br\u0131s?<\/b><\/p>\n<p>K\u0131br\u0131s adas\u0131, pek \u00e7ok \u015feye tan\u0131kl\u0131k etmi\u015f ya\u015fl\u0131 ve tecr\u00fcbeli bir kara par\u00e7as\u0131d\u0131r. K\u0131br\u0131s adas\u0131, nesiller ve y\u00fcz y\u0131llar boyunca \u00fczerinde ya\u015fay\u0131p da \u0131srarla k\u00f6k\u00fcn\u00fc i\u00e7eriye de\u011fil d\u0131\u015far\u0131ya serpenleri de g\u00f6rm\u00fc\u015ft\u00fcr; ba\u015fka bir kara par\u00e7as\u0131ndan koparak gelip de k\u0131sa bir s\u00fcrede art\u0131k hi\u00e7 kopmamacas\u0131na i\u00e7eride k\u00f6klenenleri de g\u00f6rm\u00fc\u015ft\u00fcr. Ba\u011f\u0131ms\u0131z K\u0131br\u0131s, \u00e7\u0131kar\u0131 ve \u00f6zlemi K\u0131br\u0131s\u2019\u0131n ba\u011f\u0131ms\u0131zl\u0131\u011f\u0131nda yatanlar\u0131n vatan\u0131d\u0131r. Ba\u011f\u0131ms\u0131z K\u0131br\u0131s, K\u0131br\u0131s\u2019tan ba\u015fka hayat\u0131n\u0131 kuracak iste\u011fi ya da l\u00fcks\u00fc olmayanlar\u0131n ellerinde ve omuzlar\u0131nda y\u00fckselecektir. Ba\u011f\u0131ms\u0131z K\u0131br\u0131s, ba\u011fs\u0131z bir K\u0131br\u0131s de\u011fildir. T\u00fcrkiye halklar\u0131 ile en g\u00fc\u00e7l\u00fc ba\u011flar, ancak ba\u011f\u0131ms\u0131z ve birle\u015fik bir K\u0131br\u0131s ile birlikte kurulabilecektir. Ba\u011f\u0131ms\u0131z bir K\u0131br\u0131s, Ortado\u011fu, Akdeniz, Kuzey Afrika ve Balkan co\u011frafyalar\u0131na s\u0131k\u0131 s\u0131k\u0131ya ba\u011fl\u0131 kalarak ger\u00e7ekle\u015ftirilebilecek bir hedeftir. Bizleri ba\u011f\u0131ml\u0131 k\u0131lmak i\u00e7in t\u00fcm d\u00fcnya ile ba\u011f\u0131m\u0131z\u0131 koparanlara inat; t\u00fcm d\u00fcnya ile ba\u011flar\u0131m\u0131z\u0131 ba\u011f\u0131ms\u0131zl\u0131k ile in\u015fa edece\u011fiz. Ba\u011f\u0131ms\u0131z K\u0131br\u0131s, b\u00fct\u00fcn halklar karde\u015ftir!<\/p>\n<p><a href=\"https:\/\/baraka.cc\/wp-content\/uploads\/2022\/08\/WhatsApp-Image-2022-08-15-at-11.22.26.jpeg\"><img decoding=\"async\" loading=\"lazy\" class=\"alignnone size-medium wp-image-8990\" alt=\"WhatsApp Image 2022-08-15 at 11.22.26\" src=\"https:\/\/baraka.cc\/wp-content\/uploads\/2022\/08\/WhatsApp-Image-2022-08-15-at-11.22.26-300x198.jpeg\" width=\"300\" height=\"198\" srcset=\"https:\/\/baraka.cc\/wp-content\/uploads\/2022\/08\/WhatsApp-Image-2022-08-15-at-11.22.26-300x198.jpeg 300w, https:\/\/baraka.cc\/wp-content\/uploads\/2022\/08\/WhatsApp-Image-2022-08-15-at-11.22.26-1024x677.jpeg 1024w, https:\/\/baraka.cc\/wp-content\/uploads\/2022\/08\/WhatsApp-Image-2022-08-15-at-11.22.26.jpeg 1600w\" sizes=\"(max-width: 300px) 100vw, 300px\" \/><\/a> <a href=\"https:\/\/baraka.cc\/wp-content\/uploads\/2022\/08\/WhatsApp-Image-2022-08-15-at-11.22.28-1.jpeg\"><img decoding=\"async\" loading=\"lazy\" class=\"alignnone size-medium wp-image-8991\" alt=\"WhatsApp Image 2022-08-15 at 11.22.28 (1)\" src=\"https:\/\/baraka.cc\/wp-content\/uploads\/2022\/08\/WhatsApp-Image-2022-08-15-at-11.22.28-1-300x198.jpeg\" width=\"300\" height=\"198\" srcset=\"https:\/\/baraka.cc\/wp-content\/uploads\/2022\/08\/WhatsApp-Image-2022-08-15-at-11.22.28-1-300x198.jpeg 300w, https:\/\/baraka.cc\/wp-content\/uploads\/2022\/08\/WhatsApp-Image-2022-08-15-at-11.22.28-1-1024x677.jpeg 1024w, https:\/\/baraka.cc\/wp-content\/uploads\/2022\/08\/WhatsApp-Image-2022-08-15-at-11.22.28-1.jpeg 1600w\" sizes=\"(max-width: 300px) 100vw, 300px\" \/><\/a> <a href=\"https:\/\/baraka.cc\/wp-content\/uploads\/2022\/08\/WhatsApp-Image-2022-08-15-at-11.22.28-2.jpeg\"><img decoding=\"async\" loading=\"lazy\" class=\"alignnone size-medium wp-image-8992\" alt=\"WhatsApp Image 2022-08-15 at 11.22.28 (2)\" src=\"https:\/\/baraka.cc\/wp-content\/uploads\/2022\/08\/WhatsApp-Image-2022-08-15-at-11.22.28-2-300x198.jpeg\" width=\"300\" height=\"198\" srcset=\"https:\/\/baraka.cc\/wp-content\/uploads\/2022\/08\/WhatsApp-Image-2022-08-15-at-11.22.28-2-300x198.jpeg 300w, https:\/\/baraka.cc\/wp-content\/uploads\/2022\/08\/WhatsApp-Image-2022-08-15-at-11.22.28-2-1024x677.jpeg 1024w, https:\/\/baraka.cc\/wp-content\/uploads\/2022\/08\/WhatsApp-Image-2022-08-15-at-11.22.28-2.jpeg 1600w\" sizes=\"(max-width: 300px) 100vw, 300px\" \/><\/a> <a href=\"https:\/\/baraka.cc\/wp-content\/uploads\/2022\/08\/WhatsApp-Image-2022-08-15-at-11.22.28-3.jpeg\"><img decoding=\"async\" loading=\"lazy\" class=\"alignnone size-medium wp-image-8993\" alt=\"WhatsApp Image 2022-08-15 at 11.22.28 (3)\" src=\"https:\/\/baraka.cc\/wp-content\/uploads\/2022\/08\/WhatsApp-Image-2022-08-15-at-11.22.28-3-300x198.jpeg\" width=\"300\" height=\"198\" srcset=\"https:\/\/baraka.cc\/wp-content\/uploads\/2022\/08\/WhatsApp-Image-2022-08-15-at-11.22.28-3-300x198.jpeg 300w, https:\/\/baraka.cc\/wp-content\/uploads\/2022\/08\/WhatsApp-Image-2022-08-15-at-11.22.28-3-1024x677.jpeg 1024w, https:\/\/baraka.cc\/wp-content\/uploads\/2022\/08\/WhatsApp-Image-2022-08-15-at-11.22.28-3.jpeg 1600w\" sizes=\"(max-width: 300px) 100vw, 300px\" \/><\/a> <a href=\"https:\/\/baraka.cc\/wp-content\/uploads\/2022\/08\/WhatsApp-Image-2022-08-15-at-11.22.28.jpeg\"><img decoding=\"async\" loading=\"lazy\" class=\"alignnone size-medium wp-image-8994\" alt=\"WhatsApp Image 2022-08-15 at 11.22.28\" src=\"https:\/\/baraka.cc\/wp-content\/uploads\/2022\/08\/WhatsApp-Image-2022-08-15-at-11.22.28-300x198.jpeg\" width=\"300\" height=\"198\" srcset=\"https:\/\/baraka.cc\/wp-content\/uploads\/2022\/08\/WhatsApp-Image-2022-08-15-at-11.22.28-300x198.jpeg 300w, https:\/\/baraka.cc\/wp-content\/uploads\/2022\/08\/WhatsApp-Image-2022-08-15-at-11.22.28-1024x677.jpeg 1024w, https:\/\/baraka.cc\/wp-content\/uploads\/2022\/08\/WhatsApp-Image-2022-08-15-at-11.22.28.jpeg 1600w\" sizes=\"(max-width: 300px) 100vw, 300px\" \/><\/a> <a href=\"https:\/\/baraka.cc\/wp-content\/uploads\/2022\/08\/WhatsApp-Image-2022-08-15-at-11.22.29-1.jpeg\"><img decoding=\"async\" loading=\"lazy\" class=\"alignnone size-medium wp-image-8995\" alt=\"WhatsApp Image 2022-08-15 at 11.22.29 (1)\" src=\"https:\/\/baraka.cc\/wp-content\/uploads\/2022\/08\/WhatsApp-Image-2022-08-15-at-11.22.29-1-300x198.jpeg\" width=\"300\" height=\"198\" srcset=\"https:\/\/baraka.cc\/wp-content\/uploads\/2022\/08\/WhatsApp-Image-2022-08-15-at-11.22.29-1-300x198.jpeg 300w, https:\/\/baraka.cc\/wp-content\/uploads\/2022\/08\/WhatsApp-Image-2022-08-15-at-11.22.29-1-1024x677.jpeg 1024w, https:\/\/baraka.cc\/wp-content\/uploads\/2022\/08\/WhatsApp-Image-2022-08-15-at-11.22.29-1.jpeg 1600w\" sizes=\"(max-width: 300px) 100vw, 300px\" \/><\/a> <a href=\"https:\/\/baraka.cc\/wp-content\/uploads\/2022\/08\/WhatsApp-Image-2022-08-15-at-11.22.29.jpeg\"><img decoding=\"async\" loading=\"lazy\" class=\"alignnone size-medium wp-image-8996\" alt=\"WhatsApp Image 2022-08-15 at 11.22.29\" src=\"https:\/\/baraka.cc\/wp-content\/uploads\/2022\/08\/WhatsApp-Image-2022-08-15-at-11.22.29-300x198.jpeg\" width=\"300\" height=\"198\" srcset=\"https:\/\/baraka.cc\/wp-content\/uploads\/2022\/08\/WhatsApp-Image-2022-08-15-at-11.22.29-300x198.jpeg 300w, https:\/\/baraka.cc\/wp-content\/uploads\/2022\/08\/WhatsApp-Image-2022-08-15-at-11.22.29-1024x677.jpeg 1024w, https:\/\/baraka.cc\/wp-content\/uploads\/2022\/08\/WhatsApp-Image-2022-08-15-at-11.22.29.jpeg 1600w\" sizes=\"(max-width: 300px) 100vw, 300px\" \/><\/a> <a href=\"https:\/\/baraka.cc\/wp-content\/uploads\/2022\/08\/WhatsApp-Image-2022-08-15-at-11.22.30.jpeg\"><img decoding=\"async\" loading=\"lazy\" class=\"alignnone size-medium wp-image-8997\" alt=\"WhatsApp Image 2022-08-15 at 11.22.30\" src=\"https:\/\/baraka.cc\/wp-content\/uploads\/2022\/08\/WhatsApp-Image-2022-08-15-at-11.22.30-300x198.jpeg\" width=\"300\" height=\"198\" srcset=\"https:\/\/baraka.cc\/wp-content\/uploads\/2022\/08\/WhatsApp-Image-2022-08-15-at-11.22.30-300x198.jpeg 300w, https:\/\/baraka.cc\/wp-content\/uploads\/2022\/08\/WhatsApp-Image-2022-08-15-at-11.22.30-1024x677.jpeg 1024w, https:\/\/baraka.cc\/wp-content\/uploads\/2022\/08\/WhatsApp-Image-2022-08-15-at-11.22.30.jpeg 1600w\" sizes=\"(max-width: 300px) 100vw, 300px\" \/><\/a><\/p>\n<p>&nbsp;<\/p>\n","protected":false},"excerpt":{"rendered":"<p>Ba\u011f\u0131ms\u0131z K\u0131br\u0131s Eylemi Lefko\u015fa\u2019da Ger\u00e7ekle\u015fti: 10 Y\u0131llard\u0131r Ba\u011f\u0131ms\u0131z K\u0131br\u0131s \u00d6zlemi Sokaklarda Yank\u0131lan\u0131yor 2012 y\u0131l\u0131nda bu yana Ba\u011f\u0131ms\u0131z K\u0131br\u0131s \u015fiar\u0131yla sokakta ger\u00e7ekle\u015ftirilen eylemlere bu y\u0131l da<\/p>\n","protected":false},"author":13,"featured_media":8989,"comment_status":"open","ping_status":"open","sticky":false,"template":"","format":"standard","meta":{"jetpack_post_was_ever_published":false,"_jetpack_newsletter_access":"","_jetpack_newsletter_tier_id":0,"jetpack_publicize_message":"10 Y\u0131llard\u0131r Ba\u011f\u0131ms\u0131z K\u0131br\u0131s \u00d6zlemi Sokaklarda Yank\u0131lan\u0131yor","jetpack_is_tweetstorm":false,"jetpack_publicize_feature_enabled":true,"jetpack_social_post_already_shared":true,"jetpack_social_options":{"image_generator_settings":{"template":"highway","enabled":false}}},"categories":[54,45,47,1],"tags":[],"jetpack_publicize_connections":[],"jetpack_featured_media_url":"https:\/\/baraka.cc\/wp-content\/uploads\/2022\/08\/WhatsApp-Image-2022-08-15-at-11.22.30-1.jpeg","jetpack_shortlink":"https:\/\/wp.me\/p4eHWX-2kS","jetpack_sharing_enabled":true,"_links":{"self":[{"href":"https:\/\/baraka.cc\/index.php?rest_route=\/wp\/v2\/posts\/8982"}],"collection":[{"href":"https:\/\/baraka.cc\/index.php?rest_route=\/wp\/v2\/posts"}],"about":[{"href":"https:\/\/baraka.cc\/index.php?rest_route=\/wp\/v2\/types\/post"}],"author":[{"embeddable":true,"href":"https:\/\/baraka.cc\/index.php?rest_route=\/wp\/v2\/users\/13"}],"replies":[{"embeddable":true,"href":"https:\/\/baraka.cc\/index.php?rest_route=%2Fwp%2Fv2%2Fcomments&post=8982"}],"version-history":[{"count":2,"href":"https:\/\/baraka.cc\/index.php?rest_route=\/wp\/v2\/posts\/8982\/revisions"}],"predecessor-version":[{"id":8999,"href":"https:\/\/baraka.cc\/index.php?rest_route=\/wp\/v2\/posts\/8982\/revisions\/8999"}],"wp:featuredmedia":[{"embeddable":true,"href":"https:\/\/baraka.cc\/index.php?rest_route=\/wp\/v2\/media\/8989"}],"wp:attachment":[{"href":"https:\/\/baraka.cc\/index.php?rest_route=%2Fwp%2Fv2%2Fmedia&parent=8982"}],"wp:term":[{"taxonomy":"category","embeddable":true,"href":"https:\/\/baraka.cc\/index.php?rest_route=%2Fwp%2Fv2%2Fcategories&post=8982"},{"taxonomy":"post_tag","embeddable":true,"href":"https:\/\/baraka.cc\/index.php?rest_route=%2Fwp%2Fv2%2Ftags&post=8982"}],"curies":[{"name":"wp","href":"https:\/\/api.w.org\/{rel}","templated":true}]}}