{"id":902,"date":"2010-12-11T22:32:21","date_gmt":"2010-12-11T20:32:21","guid":{"rendered":"https:\/\/baraka.cc\/?p=902"},"modified":"2014-01-02T22:34:17","modified_gmt":"2014-01-02T20:34:17","slug":"hocakal-kamyl-amca","status":"publish","type":"post","link":"https:\/\/baraka.cc\/?p=902","title":{"rendered":"HO?\u00c7AKAL KAMYL AMCA!"},"content":{"rendered":"<p class=\"MsoNoSpacing\" style=\"text-align: justify; line-height: 200%; margin: 0cm 0cm 0pt;\">\n<p class=\"MsoNoSpacing\" style=\"text-align: justify; line-height: 200%; margin: 0cm 0cm 0pt;\"><span style=\"font-family: 'Verdana','sans-serif';\"><span style=\"font-size: medium;\">\u00a0\u00a0 \u00a0<\/span><\/span><\/p>\n<p class=\"MsoNoSpacing\" style=\"text-align: justify; line-height: 200%; margin: 0cm 0cm 0pt;\"><span style=\"font-family: 'Verdana','sans-serif';\"><span style=\"font-size: medium;\"><a href=\"https:\/\/www.baraka.cc\/images\/stories\/kamilusta3.jpg\" target=\"_blank\"><img decoding=\"async\" loading=\"lazy\" alt=\" \" src=\"https:\/\/www.baraka.cc\/images\/stories\/kamilusta3.jpg\" width=\"200\" height=\"246\" align=\"left\" border=\"2\" \/><\/a>Eski sendikacy, Kybrysly T\u00fcrk ve Rumlaryn karde?li?i, i?\u00e7i synyflarynyn birli?i ve birle?ik bir Kybrys i\u00e7in hayatyny m\u00fccadeleye adayan Kamil Tuncel 11 Aralyk 2010 tarihinde dostlary ve yolda?lary tarafyndan son yolculu?una u?urlady. <\/span><\/span><span style=\"font-family: 'Verdana','sans-serif';\"><span style=\"font-size: medium;\">Lefko?a Mezarly?y\u2019nda ger\u00e7ekle?tirilen cenaze t\u00f6renine gen\u00e7 ku?aklardan eski ku?aklara kadar onlarca insan katyldy. <\/span><\/span><\/p>\n<p><span style=\"font-family: 'Verdana','sans-serif';\"><span style=\"font-size: medium;\">\u00a0\u00a0\u00a0 <\/span><\/span><\/p>\n<p class=\"MsoNoSpacing\" style=\"text-align: justify; line-height: 200%; margin: 0cm 0cm 0pt;\"><span style=\"font-family: 'Verdana','sans-serif';\"><span style=\"font-size: medium;\">Cenaze t\u00f6reninde \u00e7e?itli sendika, dernek ve siyasi parti \u00fcyeleri de yer aldy. G\u00fcney\u2019den PEO Genel Sekteri ve ayryca da Kamil Tuncel\u2019in m\u00fccadele arkada?laryndan olan Pambis Kiritsis\u2019in yany syra Rum tarafyndan ve yurt dy?yndan gelen bir\u00e7ok insan da Kamil Tuncel\u2019i son yolculu?unda yalnyz byrakmady. <\/span><\/span><span style=\"font-family: 'Verdana','sans-serif';\"><span style=\"font-size: medium;\">Dev-Y?\u2019e ba?ly Devrimci Genel Y? Sendikasy Ba?kany Hasan Felek ve PEO Genel Sekreteri Pambis Kiritsis Kamil Tuncel\u2019in mezary ba?ynda bir konu?ma ger\u00e7ekle?tirdi. <\/span><\/span><\/p>\n<p><span style=\"font-family: 'Verdana','sans-serif';\"><span style=\"font-size: medium;\">\u00a0\u00a0\u00a0 <\/span><\/span><span style=\"font-family: 'Verdana','sans-serif';\"><span style=\"font-size: medium;\">\u00a0<\/span><\/span><\/p>\n<p class=\"MsoNoSpacing\" style=\"text-align: justify; line-height: 200%; margin: 0cm 0cm 0pt;\"><strong><span style=\"font-family: 'Verdana','sans-serif';\"><span style=\"font-size: medium;\">Hasan Felek: \u201cHo?\u00e7akal yi?it adam. Ho?\u00e7akal i?\u00e7ilerin babasy\u201d<\/span><\/span><\/strong><\/p>\n<p><strong><span style=\"font-family: 'Verdana','sans-serif';\"><span style=\"font-size: medium;\">\u00a0\u00a0\u00a0\u00a0 <\/span><\/span><\/strong><\/p>\n<p class=\"MsoNoSpacing\" style=\"text-align: justify; line-height: 200%; margin: 0cm 0cm 0pt;\"><span style=\"font-family: 'Verdana','sans-serif';\"><span style=\"font-size: medium;\">Devrimci Genel Y? Sendikasy Ba?kany Hasan Felek, Kamil Tuncel\u2019in mezary ba?ynda yapty?y konu?mada Tuncel\u2019in m\u00fccadeleci y\u00f6n\u00fcne vurgu yaparak ?unlary ifade etti, \u201cM\u00fccadele arkada?lary, Dervi? Ali Kavazo?lu, Fazyl \u00d6nder, Ahmet Yahya, Muzaffer G\u00fcrkan ve Kostas Mi?aulis fa?izmin kurbany olmu?tur. Onlary anyyoruz. Sizlerin yakty?y me?aleyi ?erefle ve onurla ta?yyaca?yz. Ho?\u00e7akal yi?it adam, Ho?\u00e7akal i?\u00e7ilerin babasy.\u201d<\/span><\/span><\/p>\n<p><span style=\"font-family: 'Verdana','sans-serif';\"><span style=\"font-size: medium;\">\u00a0\u00a0\u00a0 <\/span><\/span><\/p>\n<p class=\"MsoNoSpacing\" style=\"text-align: justify; line-height: 200%; margin: 0cm 0cm 0pt;\"><span style=\"font-family: 'Verdana','sans-serif';\"><span style=\"font-size: medium;\">Devrimci Genel Y? Sendikasy Ba?kany Hasan Felek\u2019in, Kamil Tuncel\u2019in mezary ba?ynda yapty?y konu?ma: <\/span><\/span><\/p>\n<p><span style=\"font-family: 'Verdana','sans-serif';\"><span style=\"font-size: medium;\">\u00a0\u00a0\u00a0 <\/span><\/span><\/p>\n<p class=\"MsoNoSpacing\" style=\"text-align: justify; line-height: 200%; margin: 0cm 0cm 0pt;\"><span style=\"font-family: 'Verdana','sans-serif';\"><span style=\"font-size: medium;\">\u201cKamil amcamyzy trafik ter\u00f6r\u00fcne kurban verdik. Ynsanlyk su\u00e7u olan trafik ter\u00f6r\u00fcn\u00fc bir kez daha lanetliyoruz. <\/span><\/span><span style=\"font-family: 'Verdana','sans-serif';\"><span style=\"font-size: medium;\">Kamil Tuncel Kybrys\u2019ta i?\u00e7ilerin birli?ini ve ortak vatany savunan bir sendikacyydy. 1941\u2019de Kybrysly T\u00fcrk ve Rum i?\u00e7ilerle \u00f6rg\u00fctlenerek ortak d\u00fc?mana kar?y sava?my?tyr. ?ovenizme ve milliyet\u00e7ili?e kar?y \u00e7ykmy?tyr. Birle?ik bir Kybrys\u2019y savunarak adanyn b\u00f6l\u00fcnmesine kar?y \u00e7ykmy?tyr. M\u00fccadele arkada?lary, Dervi? Ali Kavazo?lu, Fazyl \u00d6nder, Ahmet Yahya, Muzaffer G\u00fcrkan ve Kostas Mi?aulis fa?izmin kurbany olmu?tur. Onlary anyyoruz. Sizlerin yakty?y me?aleyi ?erefle ve onurla ta?yyaca?yz. Ho?\u00e7akal yi?it adam, Ho?\u00e7akal i?\u00e7ilerin babasy. D\u00fc?\u00fcncelerin ve ideallerin, gen\u00e7 ku?aklaryn m\u00fccadelesine y?yk tutacak.\u201d<\/span><\/span><\/p>\n<p><span style=\"font-family: 'Verdana','sans-serif';\"><span style=\"font-size: medium;\">\u00a0\u00a0\u00a0 <\/span><\/span><span style=\"font-family: 'Verdana','sans-serif';\"><span style=\"font-size: medium;\">\u00a0<\/span><\/span><\/p>\n<p class=\"MsoNoSpacing\" style=\"text-align: justify; line-height: 200%; margin: 0cm 0cm 0pt;\"><strong><span style=\"font-family: 'Verdana','sans-serif';\"><span style=\"font-size: medium;\">Pambis Giritsis: \u201cHayatyny m\u00fccadeleye adamy?ty\u201d<\/span><\/span><\/strong><\/p>\n<p><strong><span style=\"font-family: 'Verdana','sans-serif';\"><span style=\"font-size: medium;\">\u00a0\u00a0\u00a0 <\/span><\/span><\/strong><\/p>\n<p class=\"MsoNoSpacing\" style=\"text-align: justify; line-height: 200%; margin: 0cm 0cm 0pt;\"><span style=\"font-family: 'Verdana','sans-serif';\"><span style=\"font-size: medium;\">PEO Genel Sekreteri Pambis Giritsis ise Kamil Tuncel\u2019in hayatyny birle?ik bir Kybrys ve Rum ve T\u00fcrk i?\u00e7ilerin ortak m\u00fccadelesine adady?ynyn altynyn \u00e7izerek ?\u00f6yle konu?tu, \u201cOnun u?runa m\u00fccadele etti?i de?erler i\u00e7in m\u00fccadeleye devam edece?iz. Rahat git. Arkanda i?\u00e7i synyfynyn refahy ve vatanyn gelece?i i\u00e7in m\u00fccadele edecek bir\u00e7ok Kamiller byraktyn. G\u00fcle g\u00fcle!\u201d<\/span><\/span><\/p>\n<p class=\"MsoNoSpacing\" style=\"text-align: justify; line-height: 200%; margin: 0cm 0cm 0pt;\"><span style=\"font-family: 'Verdana','sans-serif';\"><span style=\"font-size: medium;\">\u00a0\u00a0\u00a0 <span>\u00a0<\/span><\/span><\/span><\/p>\n<p><span style=\"font-family: 'Verdana','sans-serif';\"><span style=\"font-size: medium;\">PEO Genel Sekreteri Pambis Giritsis\u2019in Kamil Tuncel\u2019in mezary ba?ynda ?unlary s\u00f6yledi: <\/span><\/span><\/p>\n<p class=\"MsoNoSpacing\" style=\"text-align: justify; line-height: 200%; margin: 0cm 0cm 0pt;\"><span style=\"font-family: 'Verdana','sans-serif';\"><span style=\"font-size: medium;\">\u00a0\u00a0 \u00a0<\/span><\/span><\/p>\n<p class=\"MsoNoSpacing\" style=\"text-align: justify; line-height: 200%; margin: 0cm 0cm 0pt;\"><span style=\"font-family: 'Verdana','sans-serif';\"><span style=\"font-size: medium;\">\u201cYolda?ymyz dostumuz Kamilin \u00f6l\u00fcm\u00fcn\u00fc duydu?umuzda i\u00e7imiz par\u00e7alandy. Kamil bizim i\u00e7in bir sembold\u00fc. \u00d6rnek bir insan, sendikacyydy. T\u00fcm ya?amy boyunca iki olgu hakkynda tela?landy. Birincisi i?\u00e7i synyfynyn toplumsal olarak zayyf ve yoksul olmasyydy. Ykincisi ise vatany Kybrys i\u00e7in! <\/span><\/span><span style=\"font-family: 'Verdana','sans-serif';\"><span style=\"font-size: medium;\">T\u00fcm ya?amyny bu iki olgu u?runa m\u00fccadeleye adady. Hi\u00e7bir zaman boyun e?medi, teslim olmady. Buraya ona ho?\u00e7akal demek i\u00e7in geldik. Onun u?runa m\u00fccadele etti?i de?erler i\u00e7in m\u00fccadeleye devam edece?iz. Rahat git. Arkanda i?\u00e7i synyfynyn refahy ve vatanyn gelece?i i\u00e7in m\u00fccadele edecek bir\u00e7ok Kamiller byraktyn. G\u00fcle g\u00fcle!\u201d<span>\u00a0 <\/span><\/span><\/span><\/p>\n<p><span style=\"font-family: 'Verdana','sans-serif';\"><span style=\"font-size: medium;\"><span>\u00a0\u00a0\u00a0\u00a0<\/span><\/span><\/span><span style=\"font-family: 'Verdana','sans-serif';\"><span style=\"font-size: medium;\">\u00a0<\/span><\/span><span style=\"font-family: 'Verdana','sans-serif';\"><span style=\"font-size: medium;\">\u00a0<\/span><\/span><\/p>\n<p class=\"MsoNoSpacing\" style=\"text-align: justify; line-height: 200%; margin: 0cm 0cm 0pt;\"><span style=\"font-family: 'Verdana','sans-serif';\"><span style=\"font-size: medium;\"><a href=\"https:\/\/www.baraka.cc\/images\/stories\/kamilusta2.JPG\" target=\"_blank\"><img decoding=\"async\" loading=\"lazy\" alt=\" \" src=\"https:\/\/www.baraka.cc\/images\/stories\/kamilusta2.JPG\" width=\"200\" height=\"301\" align=\"left\" border=\"2\" \/><\/a>Kamil Tuncel\u2019in mezarynyn ba?yna, Baraka K\u00fclt\u00fcr Merkezi aktivisti, ayryca da Kamil Tuncel\u2019in \u00e7aly?ma arkada?y olan Besim Baysal kyzyl bayrak dikti<\/span><\/span><\/p>\n<p class=\"MsoNoSpacing\" style=\"text-align: justify; line-height: 200%; margin: 0cm 0cm 0pt;\"><span style=\"font-family: 'Verdana','sans-serif';\"><span style=\"font-size: medium;\">\u00a0\u00a0\u00a0<\/span><\/span><\/p>\n<p class=\"MsoNoSpacing\" style=\"text-align: justify; line-height: 200%; margin: 0cm 0cm 0pt;\"><span style=\"font-family: 'Verdana','sans-serif';\"><span style=\"font-size: medium;\">\u00a0\u00a0\u00a0<\/span><\/span><\/p>\n<p class=\"MsoNoSpacing\" style=\"text-align: justify; line-height: 200%; margin: 0cm 0cm 0pt;\"><span style=\"font-family: 'Verdana','sans-serif';\"><span style=\"font-size: medium;\">\u00a0\u00a0\u00a0<\/span><\/span><\/p>\n<p class=\"MsoNoSpacing\" style=\"text-align: justify; line-height: 200%; margin: 0cm 0cm 0pt;\"><span style=\"font-family: 'Verdana','sans-serif';\"><span style=\"font-size: medium;\">\u00a0\u00a0\u00a0<\/span><\/span><\/p>\n<p class=\"MsoNoSpacing\" style=\"text-align: justify; line-height: 200%; margin: 0cm 0cm 0pt;\"><span style=\"font-family: 'Verdana','sans-serif';\"><span style=\"font-size: medium;\">\u00a0\u00a0\u00a0<\/span><\/span><\/p>\n<p class=\"MsoNoSpacing\" style=\"text-align: justify; line-height: 200%; margin: 0cm 0cm 0pt;\"><span style=\"font-family: 'Verdana','sans-serif';\"><span style=\"font-size: medium;\">\u00a0\u00a0\u00a0<\/span><\/span><\/p>\n<p class=\"MsoNoSpacing\" style=\"text-align: justify; line-height: 200%; margin: 0cm 0cm 0pt;\"><span style=\"font-family: 'Verdana','sans-serif';\"><span style=\"font-size: medium;\">\u00a0\u00a0<\/span><\/span><\/p>\n<p class=\"MsoNoSpacing\" style=\"text-align: justify; line-height: 200%; margin: 0cm 0cm 0pt;\"><span style=\"font-family: 'Verdana','sans-serif';\"><span style=\"font-size: medium;\">\u00a0\u00a0<\/span><\/span><\/p>\n<p class=\"MsoNoSpacing\" style=\"text-align: justify; line-height: 200%; margin: 0cm 0cm 0pt;\"><span style=\"font-family: 'Verdana','sans-serif';\"><span style=\"font-size: medium;\">\u00a0\u00a0\u00a0 <\/span><\/span><\/p>\n<p class=\"MsoNoSpacing\" style=\"text-align: justify; line-height: 200%; margin: 0cm 0cm 0pt;\"><span style=\"font-family: 'Verdana','sans-serif';\"><span style=\"font-size: medium;\">\u00a0\u00a0\u00a0 <\/span><\/span><\/p>\n<p><span style=\"font-family: 'Verdana','sans-serif';\"><span style=\"font-size: medium;\">\u00a0 \u00a0<\/span><\/span><span style=\"font-family: 'Verdana','sans-serif';\"><span style=\"font-size: medium;\">\u00a0<\/span><\/span><\/p>\n<p class=\"MsoNormal\" style=\"text-align: justify; line-height: 200%; margin: 0cm 0cm 0pt;\"><span style=\"font-family: 'Verdana','sans-serif';\"><span style=\"font-size: medium;\"><span style=\"font-family: 'Verdana','sans-serif';\"><span style=\"font-size: medium;\"><a href=\"https:\/\/www.baraka.cc\/images\/stories\/kamilusta1.JPG\" target=\"_blank\"><img decoding=\"async\" alt=\" \" src=\"https:\/\/www.baraka.cc\/images\/stories\/kamilusta1.JPG\" width=\"200\" align=\"left\" border=\"2\" \/><\/a><\/span><\/span>Kamil Tuncel\u2019i AKEL ve PEO\u2019dan yolda?lary son yolculu?unda yalnyz byrakmady. Yolda?lary,<span>\u00a0 <\/span>m\u00fccadele arkada?lary Dervi? Ali Kavazo?lu ve Kostas Mi?aulis adyna \u00e7i\u00e7ekler getirdiler.<\/span><\/span><\/p>\n<p class=\"MsoNormal\" style=\"text-align: justify; line-height: 200%; margin: 0cm 0cm 0pt;\"><span style=\"font-family: 'Verdana','sans-serif';\"><span style=\"font-size: medium;\">\u00a0\u00a0<\/span><\/span><\/p>\n<p class=\"MsoNormal\" style=\"text-align: justify; line-height: 200%; margin: 0cm 0cm 0pt;\"><span style=\"font-family: 'Verdana','sans-serif';\"><span style=\"font-size: medium;\">\u00a0\u00a0\u00a0<\/span><\/span><\/p>\n<p class=\"MsoNormal\" style=\"text-align: justify; line-height: 200%; margin: 0cm 0cm 0pt;\"><span style=\"font-family: 'Verdana','sans-serif';\"><span style=\"font-size: medium;\">\u00a0\u00a0\u00a0<\/span><\/span><\/p>\n<p class=\"MsoNormal\" style=\"text-align: justify; line-height: 200%; margin: 0cm 0cm 0pt;\"><span style=\"font-family: 'Verdana','sans-serif';\"><span style=\"font-size: medium;\">\u00a0\u00a0\u00a0<\/span><\/span><\/p>\n<p class=\"MsoNormal\" style=\"text-align: justify; line-height: 200%; margin: 0cm 0cm 0pt;\"><span style=\"font-family: 'Verdana','sans-serif';\"><span style=\"font-size: medium;\">\u00a0\u00a0\u00a0<\/span><\/span><\/p>\n<p class=\"MsoNormal\" style=\"text-align: justify; line-height: 200%; margin: 0cm 0cm 0pt;\"><span style=\"font-family: 'Verdana','sans-serif';\"><span style=\"font-size: medium;\">\u00a0\u00a0<\/span><\/span><\/p>\n<p class=\"MsoNormal\" style=\"text-align: justify; line-height: 200%; margin: 0cm 0cm 0pt;\">\n<p class=\"MsoNormal\" style=\"text-align: justify; line-height: 200%; margin: 0cm 0cm 0pt;\">\n<p><span style=\"font-family: 'Verdana','sans-serif';\"><span style=\"font-size: medium;\">\u00a0<\/span><\/span>\u00a0<span style=\"font-family: 'Verdana','sans-serif';\"><span style=\"font-size: medium;\">\u00a0\u00a0\u00a0\u00a0 <\/span><\/span><span style=\"font-family: 'Verdana','sans-serif';\"><span style=\"font-size: medium;\">Havadis gazetesinde yayynlanmy?tyr.\u00a0<\/span><\/span><\/p>\n","protected":false},"excerpt":{"rendered":"<p>\u00a0\u00a0 \u00a0 Eski sendikacy, Kybrysly T\u00fcrk ve Rumlaryn karde?li?i, i?\u00e7i synyflarynyn birli?i ve birle?ik bir Kybrys i\u00e7in hayatyny m\u00fccadeleye adayan Kamil Tuncel 11 Aralyk 2010<\/p>\n","protected":false},"author":1,"featured_media":0,"comment_status":"open","ping_status":"open","sticky":false,"template":"","format":"standard","meta":{"jetpack_post_was_ever_published":false,"_jetpack_newsletter_access":"","_jetpack_newsletter_tier_id":0,"jetpack_publicize_message":"","jetpack_is_tweetstorm":false,"jetpack_publicize_feature_enabled":true,"jetpack_social_post_already_shared":false,"jetpack_social_options":{"image_generator_settings":{"template":"highway","enabled":false}}},"categories":[57],"tags":[],"jetpack_publicize_connections":[],"jetpack_featured_media_url":"","jetpack_shortlink":"https:\/\/wp.me\/p4eHWX-ey","jetpack_sharing_enabled":true,"_links":{"self":[{"href":"https:\/\/baraka.cc\/index.php?rest_route=\/wp\/v2\/posts\/902"}],"collection":[{"href":"https:\/\/baraka.cc\/index.php?rest_route=\/wp\/v2\/posts"}],"about":[{"href":"https:\/\/baraka.cc\/index.php?rest_route=\/wp\/v2\/types\/post"}],"author":[{"embeddable":true,"href":"https:\/\/baraka.cc\/index.php?rest_route=\/wp\/v2\/users\/1"}],"replies":[{"embeddable":true,"href":"https:\/\/baraka.cc\/index.php?rest_route=%2Fwp%2Fv2%2Fcomments&post=902"}],"version-history":[{"count":1,"href":"https:\/\/baraka.cc\/index.php?rest_route=\/wp\/v2\/posts\/902\/revisions"}],"predecessor-version":[{"id":904,"href":"https:\/\/baraka.cc\/index.php?rest_route=\/wp\/v2\/posts\/902\/revisions\/904"}],"wp:attachment":[{"href":"https:\/\/baraka.cc\/index.php?rest_route=%2Fwp%2Fv2%2Fmedia&parent=902"}],"wp:term":[{"taxonomy":"category","embeddable":true,"href":"https:\/\/baraka.cc\/index.php?rest_route=%2Fwp%2Fv2%2Fcategories&post=902"},{"taxonomy":"post_tag","embeddable":true,"href":"https:\/\/baraka.cc\/index.php?rest_route=%2Fwp%2Fv2%2Ftags&post=902"}],"curies":[{"name":"wp","href":"https:\/\/api.w.org\/{rel}","templated":true}]}}