{"id":9066,"date":"2022-09-19T09:34:59","date_gmt":"2022-09-19T07:34:59","guid":{"rendered":"https:\/\/baraka.cc\/?p=9066"},"modified":"2022-09-19T12:59:31","modified_gmt":"2022-09-19T10:59:31","slug":"baraka-kultur-merkezinde-genclere-yonelik-tiyatro-calismalari-basliyor","status":"publish","type":"post","link":"https:\/\/baraka.cc\/?p=9066","title":{"rendered":"Baraka K\u00fclt\u00fcr Merkezi\u2019nde Gen\u00e7lere Y\u00f6nelik Tiyatro \u00c7al\u0131\u015fmalar\u0131 Ba\u015fl\u0131yor"},"content":{"rendered":"<p><a href=\"https:\/\/baraka.cc\/wp-content\/uploads\/2022\/09\/thumbnail-2.jpg\"><img decoding=\"async\" loading=\"lazy\" class=\"alignnone size-medium wp-image-9067\" alt=\"thumbnail (2)\" src=\"https:\/\/baraka.cc\/wp-content\/uploads\/2022\/09\/thumbnail-2-300x300.jpg\" width=\"300\" height=\"300\" srcset=\"https:\/\/baraka.cc\/wp-content\/uploads\/2022\/09\/thumbnail-2-300x300.jpg 300w, https:\/\/baraka.cc\/wp-content\/uploads\/2022\/09\/thumbnail-2-150x150.jpg 150w, https:\/\/baraka.cc\/wp-content\/uploads\/2022\/09\/thumbnail-2-1024x1024.jpg 1024w, https:\/\/baraka.cc\/wp-content\/uploads\/2022\/09\/thumbnail-2.jpg 1080w\" sizes=\"(max-width: 300px) 100vw, 300px\" \/><\/a><span style=\"font-weight: 300;\">Bug\u00fcne de\u011fin \u00e7e\u015fitli sahne ve sokak oyunlar\u0131na imza atan Baraka Tiyatro Ekibi, 15-25 ya\u015f aras\u0131 gen\u00e7lere kap\u0131lar\u0131n\u0131 a\u00e7\u0131yor. \u00c7al\u0131\u015fmalar, 27 Eyl\u00fcl\u2019de ba\u015flayacak ve \u00fccretsiz olarak yap\u0131lacak. Bir ay kadar s\u00fcrecek olan tiyatro \u00e7al\u0131\u015fmalar\u0131n\u0131n ard\u0131ndan, se\u00e7ilecek oyun ve olu\u015facak kadro ile Arabahmet K\u00fclt\u00fcr Evi\u2019nde seyirci ile bulu\u015fulmas\u0131 planlan\u0131yor.\u00a0 \u00a0 \u00a0 \u00a0 \u00a0 \u00a0 \u00a0 \u00a0 \u00a0 \u00a0 \u00a0 \u00a0 \u00a0 \u00a0 \u00a0 \u00a0 \u00a0 \u00a0 \u00a0 \u00a0 \u00a0 <\/span>Kay\u0131t ve detayl\u0131 bilgi i\u00e7in gen\u00e7lerin 27 Eyl\u00fcl Sal\u0131 saat 17.30\u2019da Baraka K\u00fclt\u00fcr Merkezi\u2019nde olmas\u0131 gerekiyor. \u00c7al\u0131\u015fmalar her Sal\u0131 17.30-19.30 saatleri aras\u0131nda ger\u00e7ekle\u015fecek. Programda, gen\u00e7lerin kendini geli\u015ftirece\u011fi ve kolektiviteyi \u00f6\u011frenip deneyimleyecekleri \u00e7e\u015fitli tiyatro at\u00f6lyeleri, drama uygulamalar\u0131, ses ve diksiyon, m\u00fczik ve ritim \u00e7al\u0131\u015fmalar\u0131 gibi e\u011fitsel faaliyetler yer alacak.<\/p>\n","protected":false},"excerpt":{"rendered":"<p>Bug\u00fcne de\u011fin \u00e7e\u015fitli sahne ve sokak oyunlar\u0131na imza atan Baraka Tiyatro Ekibi, 15-25 ya\u015f aras\u0131 gen\u00e7lere kap\u0131lar\u0131n\u0131 a\u00e7\u0131yor. \u00c7al\u0131\u015fmalar, 27 Eyl\u00fcl\u2019de ba\u015flayacak ve \u00fccretsiz olarak<\/p>\n","protected":false},"author":3,"featured_media":9068,"comment_status":"open","ping_status":"open","sticky":false,"template":"","format":"standard","meta":{"jetpack_post_was_ever_published":false,"_jetpack_newsletter_access":"","_jetpack_newsletter_tier_id":0,"jetpack_publicize_message":"","jetpack_is_tweetstorm":false,"jetpack_publicize_feature_enabled":true,"jetpack_social_post_already_shared":true,"jetpack_social_options":{"image_generator_settings":{"template":"highway","enabled":false}}},"categories":[70,21,20,9,1],"tags":[],"jetpack_publicize_connections":[],"jetpack_featured_media_url":"https:\/\/baraka.cc\/wp-content\/uploads\/2022\/09\/305597012_2947783155519559_1226052826364279854_n.jpg","jetpack_shortlink":"https:\/\/wp.me\/p4eHWX-2me","jetpack_sharing_enabled":true,"_links":{"self":[{"href":"https:\/\/baraka.cc\/index.php?rest_route=\/wp\/v2\/posts\/9066"}],"collection":[{"href":"https:\/\/baraka.cc\/index.php?rest_route=\/wp\/v2\/posts"}],"about":[{"href":"https:\/\/baraka.cc\/index.php?rest_route=\/wp\/v2\/types\/post"}],"author":[{"embeddable":true,"href":"https:\/\/baraka.cc\/index.php?rest_route=\/wp\/v2\/users\/3"}],"replies":[{"embeddable":true,"href":"https:\/\/baraka.cc\/index.php?rest_route=%2Fwp%2Fv2%2Fcomments&post=9066"}],"version-history":[{"count":5,"href":"https:\/\/baraka.cc\/index.php?rest_route=\/wp\/v2\/posts\/9066\/revisions"}],"predecessor-version":[{"id":9073,"href":"https:\/\/baraka.cc\/index.php?rest_route=\/wp\/v2\/posts\/9066\/revisions\/9073"}],"wp:featuredmedia":[{"embeddable":true,"href":"https:\/\/baraka.cc\/index.php?rest_route=\/wp\/v2\/media\/9068"}],"wp:attachment":[{"href":"https:\/\/baraka.cc\/index.php?rest_route=%2Fwp%2Fv2%2Fmedia&parent=9066"}],"wp:term":[{"taxonomy":"category","embeddable":true,"href":"https:\/\/baraka.cc\/index.php?rest_route=%2Fwp%2Fv2%2Fcategories&post=9066"},{"taxonomy":"post_tag","embeddable":true,"href":"https:\/\/baraka.cc\/index.php?rest_route=%2Fwp%2Fv2%2Ftags&post=9066"}],"curies":[{"name":"wp","href":"https:\/\/api.w.org\/{rel}","templated":true}]}}