{"id":9074,"date":"2022-09-21T13:31:13","date_gmt":"2022-09-21T11:31:13","guid":{"rendered":"https:\/\/baraka.cc\/?p=9074"},"modified":"2022-09-21T13:31:13","modified_gmt":"2022-09-21T11:31:13","slug":"yazar-gurkan-uluchandan-yaratici-yazarlik-atolyesi","status":"publish","type":"post","link":"https:\/\/baraka.cc\/?p=9074","title":{"rendered":"Yazar G\u00fcrkan Ulu\u00e7han\u2019dan Yarat\u0131c\u0131 Yazarl\u0131k At\u00f6lyesi"},"content":{"rendered":"<p><a href=\"https:\/\/baraka.cc\/wp-content\/uploads\/2022\/09\/g\u00fcrkan-at\u00f6lye-g\u00f6rsel.png\"><img decoding=\"async\" loading=\"lazy\" class=\"alignnone size-medium wp-image-9075\" alt=\"g\u00fcrkan at\u00f6lye g\u00f6rsel\" src=\"https:\/\/baraka.cc\/wp-content\/uploads\/2022\/09\/g\u00fcrkan-at\u00f6lye-g\u00f6rsel-300x300.png\" width=\"300\" height=\"300\" srcset=\"https:\/\/baraka.cc\/wp-content\/uploads\/2022\/09\/g\u00fcrkan-at\u00f6lye-g\u00f6rsel-300x300.png 300w, https:\/\/baraka.cc\/wp-content\/uploads\/2022\/09\/g\u00fcrkan-at\u00f6lye-g\u00f6rsel-150x150.png 150w, https:\/\/baraka.cc\/wp-content\/uploads\/2022\/09\/g\u00fcrkan-at\u00f6lye-g\u00f6rsel-1024x1024.png 1024w, https:\/\/baraka.cc\/wp-content\/uploads\/2022\/09\/g\u00fcrkan-at\u00f6lye-g\u00f6rsel.png 1080w\" sizes=\"(max-width: 300px) 100vw, 300px\" \/><\/a>\u00dclkemizin yeti\u015ftirdi\u011fi \u00f6nemli yazarlardan G\u00fcrkan Ulu\u00e7han, gen\u00e7ler i\u00e7in yarat\u0131c\u0131 yazarl\u0131k at\u00f6lyesi d\u00fczenleyerek onlara deneyimlerini aktaracak. 6 Ekim Per\u015fembe g\u00fcn\u00fc ba\u015flayacak olan at\u00f6lye \u00e7al\u0131\u015fmalar\u0131, 10 Kas\u0131m Per\u015fembe tamamlanacak \u015fekilde 6 hafta s\u00fcrecek. Baraka K\u00fclt\u00fcr Merkezi\u2019nin K\u0131z\u0131lba\u015f\u2019taki lokalinde yer alacak olan yarat\u0131c\u0131 yazarl\u0131k kurslar\u0131, \u00fccretsiz olarak ger\u00e7ekle\u015fecek.<\/p>\n<p><strong>\u201cBir kalem, bir defter, bir de hayal g\u00fcc\u00fcn\u00fc al da gel!\u201d<\/strong><\/p>\n<p>Her Per\u015fembe 17.30-18.30 saatleri aras\u0131nda yap\u0131lacak olan \u00e7al\u0131\u015fmalara, yazmaya ilgi duyan, 16 ya\u015f ve \u00fczeri t\u00fcm gen\u00e7ler \u201cBir kalem, bir defter, bir de hayal g\u00fcc\u00fcn\u00fc al da gel!\u201d slogan\u0131 ile davet ediliyor. Yarat\u0131c\u0131 yazarl\u0131k at\u00f6lyelerinde G\u00fcrkan Ulu\u00e7han\u2019\u0131n yol g\u00f6stericili\u011finde, gen\u00e7lerin \u00e7e\u015fitli temalar\u0131 ele alarak tart\u0131\u015fmak, ara\u015ft\u0131rmak ve yazmak konusunda kendilerini geli\u015ftirmeleri hedefleniyor.<\/p>\n<p>\u0130lgi duyan ki\u015filerin 6 Ekim Per\u015fembe saat 17.30\u2019da Baraka K\u00fclt\u00fcr Merkezi\u2019nin K\u0131z\u0131lba\u015f\u2019taki binas\u0131na gelip kaydolarak ilk at\u00f6lyeye kat\u0131labilece\u011fi duyuruldu.<\/p>\n<p><strong>G\u00fcrkan Ulu\u00e7han kimdir?<\/strong><\/p>\n<p>Lefko\u015fa do\u011fumlu olup Marmara \u00dcniversitesi\u2019nde hukuk e\u011fitimi alan G\u00fcrkan Ulu\u00e7han\u2019\u0131n,<b> <\/b>Cin Seli (\u015eiir), Ahna Kitab\u0131 (Novella), Zaman\u0131n A\u015fk\u0131 (\u00d6yk\u00fc), Ke\u00e7iboynuzu (Polisiye Roman), Korkun\u00e7 \u00dc\u00e7l\u00fc (Gen\u00e7lik Roman\u0131), Medusa (\u015eiir) ve Bit Pazar\u0131 (Roman) olmak \u00fczere yay\u0131mlanm\u0131\u015f yedi kitab\u0131 vard\u0131r. 2004 y\u0131l\u0131nda \u201cAk\u0131l Hastanesi\u201d isimli \u00f6yk\u00fcs\u00fc ile EMAA 1. Gen\u00e7 \u00d6yk\u00fcc\u00fcler Yar\u0131\u015fmas\u0131\u2019nda \u00fc\u00e7\u00fcnc\u00fcl\u00fck, 2012 y\u0131l\u0131nda \u201cPe\u015ftemalin bir g\u00fcn\u00fc\u201d isimli \u00f6yk\u00fcs\u00fcyle \u201cDefne Dergisi V. \u00d6yk\u00fc Yazma Yar\u0131\u015fmas\u0131\u2019nda birincilik, 2013 y\u0131l\u0131nda \u201cMorgue Soka\u011f\u0131\u2019ndaki Morgda Ya\u015fananlar\u201d isimli \u00f6yk\u00fcs\u00fcyle FAB\u0130SAD taraf\u0131ndan d\u00fczenlenen G\u0130O \u00d6yk\u00fc Yar\u0131\u015fmas\u0131\u2019nda ba\u015far\u0131 \u00f6d\u00fclleri ald\u0131. Ahna Kitab\u0131, pek \u00e7ok dile \u00e7evrildi ve K\u0131br\u0131s\u2019\u0131n g\u00fcneyinde ve Amerika\u2019daki baz\u0131 okullarda okutuldu. K\u0131sa film senaryolar\u0131 da yazan G\u00fcrkan Ulu\u00e7han, K\u0131br\u0131s\u2019ta \u00e7ekilmi\u015f \u00fc\u00e7 tane k\u0131sa filmin senaryosuna da imza atm\u0131\u015ft\u0131r.<\/p>\n<p><a href=\"https:\/\/baraka.cc\/wp-content\/uploads\/2022\/09\/g\u00fcrkan-event-g\u00f6rsel.jpg\"><img decoding=\"async\" loading=\"lazy\" class=\"alignnone size-medium wp-image-9076\" alt=\"g\u00fcrkan event g\u00f6rsel\" src=\"https:\/\/baraka.cc\/wp-content\/uploads\/2022\/09\/g\u00fcrkan-event-g\u00f6rsel-300x168.jpg\" width=\"300\" height=\"168\" srcset=\"https:\/\/baraka.cc\/wp-content\/uploads\/2022\/09\/g\u00fcrkan-event-g\u00f6rsel-300x168.jpg 300w, https:\/\/baraka.cc\/wp-content\/uploads\/2022\/09\/g\u00fcrkan-event-g\u00f6rsel-70x40.jpg 70w, https:\/\/baraka.cc\/wp-content\/uploads\/2022\/09\/g\u00fcrkan-event-g\u00f6rsel.jpg 750w\" sizes=\"(max-width: 300px) 100vw, 300px\" \/><\/a><\/p>\n","protected":false},"excerpt":{"rendered":"<p>\u00dclkemizin yeti\u015ftirdi\u011fi \u00f6nemli yazarlardan G\u00fcrkan Ulu\u00e7han, gen\u00e7ler i\u00e7in yarat\u0131c\u0131 yazarl\u0131k at\u00f6lyesi d\u00fczenleyerek onlara deneyimlerini aktaracak. 6 Ekim Per\u015fembe g\u00fcn\u00fc ba\u015flayacak olan at\u00f6lye \u00e7al\u0131\u015fmalar\u0131, 10 Kas\u0131m<\/p>\n","protected":false},"author":3,"featured_media":9076,"comment_status":"open","ping_status":"open","sticky":false,"template":"","format":"standard","meta":{"jetpack_post_was_ever_published":false,"_jetpack_newsletter_access":"","_jetpack_newsletter_tier_id":0,"jetpack_publicize_message":"","jetpack_is_tweetstorm":false,"jetpack_publicize_feature_enabled":true,"jetpack_social_post_already_shared":true,"jetpack_social_options":{"image_generator_settings":{"template":"highway","enabled":false}}},"categories":[46,45,9,56,1],"tags":[],"jetpack_publicize_connections":[],"jetpack_featured_media_url":"https:\/\/baraka.cc\/wp-content\/uploads\/2022\/09\/g\u00fcrkan-event-g\u00f6rsel.jpg","jetpack_shortlink":"https:\/\/wp.me\/p4eHWX-2mm","jetpack_sharing_enabled":true,"_links":{"self":[{"href":"https:\/\/baraka.cc\/index.php?rest_route=\/wp\/v2\/posts\/9074"}],"collection":[{"href":"https:\/\/baraka.cc\/index.php?rest_route=\/wp\/v2\/posts"}],"about":[{"href":"https:\/\/baraka.cc\/index.php?rest_route=\/wp\/v2\/types\/post"}],"author":[{"embeddable":true,"href":"https:\/\/baraka.cc\/index.php?rest_route=\/wp\/v2\/users\/3"}],"replies":[{"embeddable":true,"href":"https:\/\/baraka.cc\/index.php?rest_route=%2Fwp%2Fv2%2Fcomments&post=9074"}],"version-history":[{"count":1,"href":"https:\/\/baraka.cc\/index.php?rest_route=\/wp\/v2\/posts\/9074\/revisions"}],"predecessor-version":[{"id":9077,"href":"https:\/\/baraka.cc\/index.php?rest_route=\/wp\/v2\/posts\/9074\/revisions\/9077"}],"wp:featuredmedia":[{"embeddable":true,"href":"https:\/\/baraka.cc\/index.php?rest_route=\/wp\/v2\/media\/9076"}],"wp:attachment":[{"href":"https:\/\/baraka.cc\/index.php?rest_route=%2Fwp%2Fv2%2Fmedia&parent=9074"}],"wp:term":[{"taxonomy":"category","embeddable":true,"href":"https:\/\/baraka.cc\/index.php?rest_route=%2Fwp%2Fv2%2Fcategories&post=9074"},{"taxonomy":"post_tag","embeddable":true,"href":"https:\/\/baraka.cc\/index.php?rest_route=%2Fwp%2Fv2%2Ftags&post=9074"}],"curies":[{"name":"wp","href":"https:\/\/api.w.org\/{rel}","templated":true}]}}