{"id":9087,"date":"2022-09-23T13:41:55","date_gmt":"2022-09-23T11:41:55","guid":{"rendered":"https:\/\/baraka.cc\/?p=9087"},"modified":"2022-09-23T13:41:55","modified_gmt":"2022-09-23T11:41:55","slug":"izle-tartista-queimada-izlenecek","status":"publish","type":"post","link":"https:\/\/baraka.cc\/?p=9087","title":{"rendered":"\u0130zle-Tart\u0131\u015f\u2019ta QUEIMADA \u0130zlenecek"},"content":{"rendered":"<p>Baraka K\u00fclt\u00fcr Merkezinin \u00fccretsiz ve biletsiz olarak ger\u00e7ekle\u015ftirdi\u011fi \u0130zle-Tart\u0131\u015f etkinli\u011fi devam ediyor.<br \/>\n<a href=\"https:\/\/baraka.cc\/wp-content\/uploads\/2022\/09\/2AFA5D3E-3D8E-4A01-B833-058D6BF43C18.jpeg\"><img decoding=\"async\" loading=\"lazy\" src=\"https:\/\/baraka.cc\/wp-content\/uploads\/2022\/09\/2AFA5D3E-3D8E-4A01-B833-058D6BF43C18-212x300.jpeg\" alt=\"2AFA5D3E-3D8E-4A01-B833-058D6BF43C18\" width=\"212\" height=\"300\" class=\"alignnone size-medium wp-image-9088\" srcset=\"https:\/\/baraka.cc\/wp-content\/uploads\/2022\/09\/2AFA5D3E-3D8E-4A01-B833-058D6BF43C18-212x300.jpeg 212w, https:\/\/baraka.cc\/wp-content\/uploads\/2022\/09\/2AFA5D3E-3D8E-4A01-B833-058D6BF43C18-724x1024.jpeg 724w, https:\/\/baraka.cc\/wp-content\/uploads\/2022\/09\/2AFA5D3E-3D8E-4A01-B833-058D6BF43C18.jpeg 1449w\" sizes=\"(max-width: 212px) 100vw, 212px\" \/><\/a>1 Ekim Cumartesi ak\u015fam\u0131 19:00\u2019da Queimada (\u0130syan) filmini izliyoruz. <\/p>\n<p>Film bir isyan hareketinin de\u011fi\u015fim s\u00fcrecini anlatmaktad\u0131r. Sir William Walker (Marlon Brando) ad\u0131nda bir \u0130ngiliz ajan\u0131 hayali bir Portekiz s\u00f6m\u00fcrgesi olan Queimada isimli adaya ajan provokat\u00f6r olarak g\u00f6nderilir. Amac\u0131 siyah k\u00f6leleri \u00f6rg\u00fctleyip Portekiz y\u00f6netimine kar\u015f\u0131 ayakland\u0131rmakt\u0131r. Ada \u00e7ok \u00f6nemli bir \u015feker kam\u0131\u015f\u0131 \u00fcreticisi oldu\u011fu i\u00e7in \u0130ngiltere adada ekonomik olarak hakim olmak istemektedir.Plana g\u00f6re Portekiz y\u00f6netimi devrilecek ve yerine \u0130ngiltere\u2019ye ba\u011fl\u0131 ve s\u00f6zde egemen bir melez \u00e7iftlik sahibi s\u0131n\u0131f iktidara gelecektir. Bu plan\u0131 uygulamak i\u00e7in William Walker siyah k\u00f6leleri, k\u00f6leli\u011fe kar\u015f\u0131 ve \u00f6zg\u00fcrl\u00fck i\u00e7in sava\u015fmaya ikna eder.\u0130syan\u0131n ba\u015f\u0131 Jos\u00e9 Dolores (Evaristo M\u00e1rquez) isimli bir k\u00f6le olur. Ancak s\u00fcre\u00e7 hi\u00e7 de planland\u0131\u011f\u0131 gibi ilerlemeyecektir. <\/p>\n<p>Ezilenlerin isyan\u0131n\u0131 birlikte izlemek isteyen herkesi dernek lokalimize bekleriz.<br \/>\n1 Ekim Cumartesi 19:00\u2019da Baraka\u2019da bulu\u015fal\u0131m.<\/p>\n","protected":false},"excerpt":{"rendered":"<p>Baraka K\u00fclt\u00fcr Merkezinin \u00fccretsiz ve biletsiz olarak ger\u00e7ekle\u015ftirdi\u011fi \u0130zle-Tart\u0131\u015f etkinli\u011fi devam ediyor. 1 Ekim Cumartesi ak\u015fam\u0131 19:00\u2019da Queimada (\u0130syan) filmini izliyoruz. Film bir isyan hareketinin<\/p>\n","protected":false},"author":8,"featured_media":9089,"comment_status":"open","ping_status":"open","sticky":false,"template":"","format":"standard","meta":{"jetpack_post_was_ever_published":false,"_jetpack_newsletter_access":"","_jetpack_newsletter_tier_id":0,"jetpack_publicize_message":"","jetpack_is_tweetstorm":false,"jetpack_publicize_feature_enabled":true,"jetpack_social_post_already_shared":true,"jetpack_social_options":{"image_generator_settings":{"template":"highway","enabled":false}}},"categories":[20,45,9,28,60,1],"tags":[],"jetpack_publicize_connections":[],"jetpack_featured_media_url":"https:\/\/baraka.cc\/wp-content\/uploads\/2022\/09\/6C2D73E9-0363-4E14-9096-11769DD811BB.jpeg","jetpack_shortlink":"https:\/\/wp.me\/p4eHWX-2mz","jetpack_sharing_enabled":true,"_links":{"self":[{"href":"https:\/\/baraka.cc\/index.php?rest_route=\/wp\/v2\/posts\/9087"}],"collection":[{"href":"https:\/\/baraka.cc\/index.php?rest_route=\/wp\/v2\/posts"}],"about":[{"href":"https:\/\/baraka.cc\/index.php?rest_route=\/wp\/v2\/types\/post"}],"author":[{"embeddable":true,"href":"https:\/\/baraka.cc\/index.php?rest_route=\/wp\/v2\/users\/8"}],"replies":[{"embeddable":true,"href":"https:\/\/baraka.cc\/index.php?rest_route=%2Fwp%2Fv2%2Fcomments&post=9087"}],"version-history":[{"count":1,"href":"https:\/\/baraka.cc\/index.php?rest_route=\/wp\/v2\/posts\/9087\/revisions"}],"predecessor-version":[{"id":9090,"href":"https:\/\/baraka.cc\/index.php?rest_route=\/wp\/v2\/posts\/9087\/revisions\/9090"}],"wp:featuredmedia":[{"embeddable":true,"href":"https:\/\/baraka.cc\/index.php?rest_route=\/wp\/v2\/media\/9089"}],"wp:attachment":[{"href":"https:\/\/baraka.cc\/index.php?rest_route=%2Fwp%2Fv2%2Fmedia&parent=9087"}],"wp:term":[{"taxonomy":"category","embeddable":true,"href":"https:\/\/baraka.cc\/index.php?rest_route=%2Fwp%2Fv2%2Fcategories&post=9087"},{"taxonomy":"post_tag","embeddable":true,"href":"https:\/\/baraka.cc\/index.php?rest_route=%2Fwp%2Fv2%2Ftags&post=9087"}],"curies":[{"name":"wp","href":"https:\/\/api.w.org\/{rel}","templated":true}]}}