{"id":9096,"date":"2022-09-30T12:46:10","date_gmt":"2022-09-30T10:46:10","guid":{"rendered":"https:\/\/baraka.cc\/?p=9096"},"modified":"2022-09-30T12:55:54","modified_gmt":"2022-09-30T10:55:54","slug":"barakada-sonbahar-genclerin","status":"publish","type":"post","link":"https:\/\/baraka.cc\/?p=9096","title":{"rendered":"Baraka\u2019da Sonbahar Gen\u00e7lerin"},"content":{"rendered":"<p><span style=\"font-weight: 300;\">Yaz aylar\u0131nda ilkokul \u00e7ocuklar\u0131na y\u00f6nelik etkinliklerle \u00f6ne \u00e7\u0131kan Baraka K\u00fclt\u00fcr Merkezi, sonbahar d\u00f6nemini gen\u00e7lere ay\u0131rd\u0131. Tiyatro Ekibi yeni sezonu gen\u00e7lere uygun e\u011fitim \u00e7al\u0131\u015fmalar\u0131yla a\u00e7arken, G\u00fcrkan Ulu\u00e7han\u2019dan yarat\u0131c\u0131 yazarl\u0131k at\u00f6lyesi ve Lapta\u2019da ger\u00e7ekle\u015fecek k\u00fclt\u00fcr-sanat kamp\u0131 gen\u00e7lerin kat\u0131labilece\u011fi etkinliklerden baz\u0131lar\u0131. Ayr\u0131ca izle-tart\u0131\u015f ba\u015fl\u0131\u011f\u0131 alt\u0131nda her ay\u0131n ilk Cumartesi ak\u015fam\u0131 film g\u00f6sterimleri de devam ediyor.<\/span><\/p>\n<p><a href=\"https:\/\/baraka.cc\/wp-content\/uploads\/2022\/09\/kamp-g\u00f6rsel.jpg\"><img decoding=\"async\" loading=\"lazy\" class=\"alignnone size-medium wp-image-9097\" alt=\"kamp g\u00f6rsel\" src=\"https:\/\/baraka.cc\/wp-content\/uploads\/2022\/09\/kamp-g\u00f6rsel-300x300.jpg\" width=\"300\" height=\"300\" srcset=\"https:\/\/baraka.cc\/wp-content\/uploads\/2022\/09\/kamp-g\u00f6rsel-300x300.jpg 300w, https:\/\/baraka.cc\/wp-content\/uploads\/2022\/09\/kamp-g\u00f6rsel-150x150.jpg 150w, https:\/\/baraka.cc\/wp-content\/uploads\/2022\/09\/kamp-g\u00f6rsel-1024x1024.jpg 1024w, https:\/\/baraka.cc\/wp-content\/uploads\/2022\/09\/kamp-g\u00f6rsel.jpg 1080w\" sizes=\"(max-width: 300px) 100vw, 300px\" \/><\/a><strong>Baraka K\u00fclt\u00fcr Merkezi\u2019nden Gen\u00e7lere K\u00fclt\u00fcr-Sanat Kamp\u0131<\/strong><\/p>\n<p>Baraka K\u00fclt\u00fcr Merkezi, 14-16 Ekim tarihleri aras\u0131nda Lapta Gen\u00e7lik Kamp\u0131 tesislerinde k\u00fclt\u00fcr-sanat kamp\u0131 d\u00fczenliyor. 15-25 ya\u015f aral\u0131\u011f\u0131ndaki gen\u00e7lerin kat\u0131l\u0131mc\u0131 olabilece\u011fi kampta, tiyatro at\u00f6lyesi, m\u00fczik ve ritim \u00e7al\u0131\u015fmalar\u0131, yarat\u0131c\u0131 yazarl\u0131k, K\u0131br\u0131s k\u00fclt\u00fcr\u00fc, izle tart\u0131\u015f aktivitesi ve e\u011flenceli oyunlar yer alacak. Kamp i\u00e7in kay\u0131tlar, 4 Ekim Sal\u0131 veya 7 Ekim Cuma g\u00fcn\u00fc saat 18.00\u2019de Baraka K\u00fclt\u00fcr Merkezi\u2019nin K\u0131z\u0131lba\u015f\u2019taki lokalinde yap\u0131labilecek. 18 ya\u015f\u0131n\u0131n alt\u0131ndaki kat\u0131l\u0131mc\u0131lar\u0131n, ailelerinden yaz\u0131l\u0131 izin almalar\u0131n\u0131n da duyuruldu\u011fu kamp i\u00e7in Gen\u00e7lik Dairesi\u2019nin belirledi\u011fi konaklama ve yemek \u00fccreti olarak 250TL \u00f6deme yap\u0131lmas\u0131 gerekiyor.<\/p>\n<p><strong><a href=\"https:\/\/baraka.cc\/wp-content\/uploads\/2022\/09\/T\u0130YATRO-G\u00d6RSEL.jpg\"><img decoding=\"async\" loading=\"lazy\" class=\"alignnone size-medium wp-image-9098\" alt=\"T\u0130YATRO G\u00d6RSEL\" src=\"https:\/\/baraka.cc\/wp-content\/uploads\/2022\/09\/T\u0130YATRO-G\u00d6RSEL-300x300.jpg\" width=\"300\" height=\"300\" srcset=\"https:\/\/baraka.cc\/wp-content\/uploads\/2022\/09\/T\u0130YATRO-G\u00d6RSEL-300x300.jpg 300w, https:\/\/baraka.cc\/wp-content\/uploads\/2022\/09\/T\u0130YATRO-G\u00d6RSEL-150x150.jpg 150w, https:\/\/baraka.cc\/wp-content\/uploads\/2022\/09\/T\u0130YATRO-G\u00d6RSEL-1024x1024.jpg 1024w, https:\/\/baraka.cc\/wp-content\/uploads\/2022\/09\/T\u0130YATRO-G\u00d6RSEL.jpg 1080w\" sizes=\"(max-width: 300px) 100vw, 300px\" \/><\/a>Tiyatro \u00c7al\u0131\u015fmalar\u0131 Ba\u015flad\u0131, Kay\u0131tlar Devam Ediyor<\/strong><\/p>\n<p>Baraka \u00e7at\u0131s\u0131 alt\u0131nda yap\u0131lan gen\u00e7lik tiyatrosu \u00e7al\u0131\u015fmalar\u0131 Eyl\u00fcl sonu itibariyle ba\u015flad\u0131 ve kay\u0131tlar 4 Ekim Sal\u0131 g\u00fcn\u00fc de devam edecek. 15-25 ya\u015f aral\u0131\u011f\u0131ndaki, tiyatroya ilgi duyan ve kendini geli\u015ftirmek isteyen gen\u00e7lerin 4 Ekim Sal\u0131 g\u00fcn\u00fc saat 17.30\u2019da Baraka\u2019da olmas\u0131 duyuruldu. Her Sal\u0131 17.30-19.30 saatleri aras\u0131nda ger\u00e7ekle\u015fecek olan programda, m\u00fczik ve ritim \u00e7al\u0131\u015fmalar\u0131, konu\u015fma at\u00f6lyesi ve drama at\u00f6lyesi de yer al\u0131yor. \u00dccretsiz olarak ger\u00e7ekle\u015fecek e\u011fitimlerin tamamlanmas\u0131n\u0131n ard\u0131ndan ise oyun provalar\u0131na ge\u00e7ilece\u011fi duyuruldu.<\/p>\n<p><strong><a href=\"https:\/\/baraka.cc\/wp-content\/uploads\/2022\/09\/g\u00fcrkan-at\u00f6lye-g\u00f6rsel.png\"><img decoding=\"async\" loading=\"lazy\" class=\"alignnone size-medium wp-image-9075\" alt=\"g\u00fcrkan at\u00f6lye g\u00f6rsel\" src=\"https:\/\/baraka.cc\/wp-content\/uploads\/2022\/09\/g\u00fcrkan-at\u00f6lye-g\u00f6rsel-300x300.png\" width=\"300\" height=\"300\" srcset=\"https:\/\/baraka.cc\/wp-content\/uploads\/2022\/09\/g\u00fcrkan-at\u00f6lye-g\u00f6rsel-300x300.png 300w, https:\/\/baraka.cc\/wp-content\/uploads\/2022\/09\/g\u00fcrkan-at\u00f6lye-g\u00f6rsel-150x150.png 150w, https:\/\/baraka.cc\/wp-content\/uploads\/2022\/09\/g\u00fcrkan-at\u00f6lye-g\u00f6rsel-1024x1024.png 1024w, https:\/\/baraka.cc\/wp-content\/uploads\/2022\/09\/g\u00fcrkan-at\u00f6lye-g\u00f6rsel.png 1080w\" sizes=\"(max-width: 300px) 100vw, 300px\" \/><\/a>G\u00fcrkan Ulu\u00e7han \u0130le Yarat\u0131c\u0131 Yazarl\u0131k At\u00f6lyesi<\/strong><\/p>\n<p>Sonbahar\u0131 gen\u00e7lere y\u00f6nelik etkinliklere ay\u0131ran Baraka\u2019da, yazar G\u00fcrkan Ulu\u00e7han, 16+ ya\u015fa y\u00f6nelik yarat\u0131c\u0131 yazarl\u0131k at\u00f6lyesi ger\u00e7ekle\u015ftirecek. 6 Ekim Per\u015fembe\u2019den itibaren 10 Kas\u0131m Per\u015fembe\u2019ye kadar 6 hafta s\u00fcrecek olan at\u00f6lye, her Per\u015fembe 17.30-18.30 aras\u0131nda yap\u0131lacak. Haftada bir g\u00fcn, bir saat olan yarat\u0131c\u0131 yazarl\u0131k kurslar\u0131, Baraka\u2019n\u0131n di\u011fer etkinlikleri gibi \u00fccretsizdir. Kat\u0131lmak isteyen ki\u015filerin bir kalem ve bir defter ile 6 Ekim Per\u015fembe 17.30\u2019da Baraka\u2019da olmas\u0131 duyuruldu.<\/p>\n<p><a href=\"https:\/\/baraka.cc\/wp-content\/uploads\/2022\/09\/6C2D73E9-0363-4E14-9096-11769DD811BB.jpeg\"><img decoding=\"async\" loading=\"lazy\" class=\"alignnone size-medium wp-image-9089\" alt=\"6C2D73E9-0363-4E14-9096-11769DD811BB\" src=\"https:\/\/baraka.cc\/wp-content\/uploads\/2022\/09\/6C2D73E9-0363-4E14-9096-11769DD811BB-300x128.jpeg\" width=\"300\" height=\"128\" srcset=\"https:\/\/baraka.cc\/wp-content\/uploads\/2022\/09\/6C2D73E9-0363-4E14-9096-11769DD811BB-300x128.jpeg 300w, https:\/\/baraka.cc\/wp-content\/uploads\/2022\/09\/6C2D73E9-0363-4E14-9096-11769DD811BB-1024x440.jpeg 1024w, https:\/\/baraka.cc\/wp-content\/uploads\/2022\/09\/6C2D73E9-0363-4E14-9096-11769DD811BB.jpeg 2048w\" sizes=\"(max-width: 300px) 100vw, 300px\" \/><\/a><\/p>\n<p><strong>\u00dccretsiz Bah\u00e7e Sinemas\u0131<\/strong><\/p>\n<p>\u0130zle-Tart\u0131\u015f etkinli\u011finde ise 1 Ekim Cumartesi ak\u015fam\u0131 saat 19.00\u2019da Queimada (\u0130syan) filmi izleniyor. S\u00f6m\u00fcrgecilik ve ekoloji konular\u0131nda s\u00f6yle\u015finin de yap\u0131laca\u011f\u0131 etkinli\u011fe t\u00fcm sinema severler davet edildi.<\/p>\n<p>&nbsp;<\/p>\n<p>&nbsp;<\/p>\n","protected":false},"excerpt":{"rendered":"<p>Yaz aylar\u0131nda ilkokul \u00e7ocuklar\u0131na y\u00f6nelik etkinliklerle \u00f6ne \u00e7\u0131kan Baraka K\u00fclt\u00fcr Merkezi, sonbahar d\u00f6nemini gen\u00e7lere ay\u0131rd\u0131. Tiyatro Ekibi yeni sezonu gen\u00e7lere uygun e\u011fitim \u00e7al\u0131\u015fmalar\u0131yla a\u00e7arken, G\u00fcrkan<\/p>\n","protected":false},"author":3,"featured_media":9097,"comment_status":"open","ping_status":"open","sticky":false,"template":"","format":"standard","meta":{"jetpack_post_was_ever_published":false,"_jetpack_newsletter_access":"","_jetpack_newsletter_tier_id":0,"jetpack_publicize_message":"","jetpack_is_tweetstorm":false,"jetpack_publicize_feature_enabled":true,"jetpack_social_post_already_shared":true,"jetpack_social_options":{"image_generator_settings":{"template":"highway","enabled":false}}},"categories":[70,21,20,46,45,9,28,55,1],"tags":[],"jetpack_publicize_connections":[],"jetpack_featured_media_url":"https:\/\/baraka.cc\/wp-content\/uploads\/2022\/09\/kamp-g\u00f6rsel.jpg","jetpack_shortlink":"https:\/\/wp.me\/p4eHWX-2mI","jetpack_sharing_enabled":true,"_links":{"self":[{"href":"https:\/\/baraka.cc\/index.php?rest_route=\/wp\/v2\/posts\/9096"}],"collection":[{"href":"https:\/\/baraka.cc\/index.php?rest_route=\/wp\/v2\/posts"}],"about":[{"href":"https:\/\/baraka.cc\/index.php?rest_route=\/wp\/v2\/types\/post"}],"author":[{"embeddable":true,"href":"https:\/\/baraka.cc\/index.php?rest_route=\/wp\/v2\/users\/3"}],"replies":[{"embeddable":true,"href":"https:\/\/baraka.cc\/index.php?rest_route=%2Fwp%2Fv2%2Fcomments&post=9096"}],"version-history":[{"count":3,"href":"https:\/\/baraka.cc\/index.php?rest_route=\/wp\/v2\/posts\/9096\/revisions"}],"predecessor-version":[{"id":9101,"href":"https:\/\/baraka.cc\/index.php?rest_route=\/wp\/v2\/posts\/9096\/revisions\/9101"}],"wp:featuredmedia":[{"embeddable":true,"href":"https:\/\/baraka.cc\/index.php?rest_route=\/wp\/v2\/media\/9097"}],"wp:attachment":[{"href":"https:\/\/baraka.cc\/index.php?rest_route=%2Fwp%2Fv2%2Fmedia&parent=9096"}],"wp:term":[{"taxonomy":"category","embeddable":true,"href":"https:\/\/baraka.cc\/index.php?rest_route=%2Fwp%2Fv2%2Fcategories&post=9096"},{"taxonomy":"post_tag","embeddable":true,"href":"https:\/\/baraka.cc\/index.php?rest_route=%2Fwp%2Fv2%2Ftags&post=9096"}],"curies":[{"name":"wp","href":"https:\/\/api.w.org\/{rel}","templated":true}]}}