{"id":9102,"date":"2022-10-03T09:51:47","date_gmt":"2022-10-03T07:51:47","guid":{"rendered":"https:\/\/baraka.cc\/?p=9102"},"modified":"2022-10-03T09:51:47","modified_gmt":"2022-10-03T07:51:47","slug":"sanat-gibi-bir-ada-sifa-alcicioglu","status":"publish","type":"post","link":"https:\/\/baraka.cc\/?p=9102","title":{"rendered":"Sanat gibi Bir Ada  &#8211; \u015eifa  Al\u00e7\u0131c\u0131o\u011flu"},"content":{"rendered":"<p align=\"center\">\n<p><i>\u201cAc\u0131m\u0131n aln\u0131ndan \u00f6perek uyand\u0131r bir sabah beni<\/i><\/p>\n<p><i>d\u0131\u015far\u0131da g\u00fcne\u015fi ve bahar\u0131 ya\u011farken ya\u011fmur.<\/i><\/p>\n<p><i>Y\u00fcre\u011fimde bir m\u00fczikle uyand\u0131r beni<\/i><\/p>\n<p><i>t\u00fcy parmaklar\u0131n\u0131 a\u011fr\u0131yan yerlerimde gezdir.<\/i><\/p>\n<p><i>Sa\u00e7lar\u0131mdan zaman\u0131 ge\u00e7irerek uyand\u0131r bir sabah.<\/i><\/p>\n<p><i>Sen g\u00fcn\u00fcn \u015fiiri ol, ben \u015fark\u0131n\u0131 besteleyeyim.<\/i><\/p>\n<p><i>Sen narin bir nar fidan\u0131 gibi sal\u0131n r\u00fczgarda<\/i><\/p>\n<p><i>ben yan\u0131nda yaral\u0131 bir dize gibi duray\u0131m.<\/i><\/p>\n<p><i>A\u015fk ve \u015eiirle bar\u0131\u015fan bir d\u00fcnyaya uyand\u0131r bir sabah beni.\u201d<\/i><\/p>\n<p><i>Fikret Demira\u011f<\/i><\/p>\n<p><i>\u00a0<\/i><\/p>\n<p>Okurken nutkumuzun tutuldu\u011fu bir \u015fiir dizesinde, heyecanla \u00e7evrilen bir kitap sayfas\u0131nda, g\u00f6z\u00fcm\u00fcze g\u00fczel g\u00f6r\u00fcnen bazen de ac\u0131 bir ger\u00e7e\u011fi belle\u011fimize yerle\u015ftiren bir kare foto\u011frafta ya da sahnede veya sokakta insanlara seslenenlerin dilinde bir t\u0131n\u0131 gibi her an\u0131m\u0131zdad\u0131r. Hayata dokunan, yarat\u0131c\u0131l\u0131\u011f\u0131n ve hayal g\u00fcc\u00fcn\u00fcn vuku buldu\u011fu alanlar\u0131n t\u00fcm\u00fcnde kar\u015f\u0131la\u015f\u0131r\u0131z onunla ve en \u00e7ok da hislerimizde g\u00f6r\u00fcn\u00fcr k\u0131lar\u0131z onu \u00e7\u00fcnk\u00fc; g\u00fcl\u00fcmsetir, kahkahalara bo\u011far, g\u00f6z\u00fcm\u00fczden ya\u015flar ak\u0131t\u0131r, ku\u015fkuya d\u00fc\u015f\u00fcr\u00fcr, umut vaat eder, d\u00fc\u015f\u00fcnd\u00fcr\u00fcr sanat\u2026<\/p>\n<p>Bu \u00fclke topraklar\u0131nda ilk \u00e7a\u011flardan bu yana sanat her alanda var olmu\u015ftur. Dini rit\u00fcellerde kullan\u0131lan heykelciklerden o zaman kullan\u0131lan kap kaca\u011fa, kad\u0131nlar\u0131n boynunu s\u00fcsleyen tak\u0131lara de\u011fin ilk insanlardan g\u00fcn\u00fcm\u00fcze bir\u00e7ok e\u015fya toprak alt\u0131ndan g\u00fcn y\u00fcz\u00fcne \u00e7\u0131kar\u0131lm\u0131\u015f ve ad\u0131na da sanat eseri denmi\u015ftir. K\u0131br\u0131s adas\u0131 bile bir sanat\u00e7\u0131n\u0131n elinden \u00e7\u0131km\u0131\u015f\u00e7as\u0131na \u015fekilli hatlar\u0131yla durur tek ba\u015f\u0131na Akdeniz\u2019in ortas\u0131nda\u2026 \u00d6yle g\u00fczeldir ki mitolojide bile yer bulur kendine; k\u00f6p\u00fckl\u00fc sular\u0131ndan do\u011far g\u00fczeller g\u00fczeli tanr\u0131\u00e7a\u2026<\/p>\n<p>Akdeniz sular\u0131n\u0131n d\u00f6vd\u00fc\u011f\u00fc bu kara par\u00e7as\u0131 y\u00fczy\u0131llar boyunca a\u011f\u0131rlad\u0131\u011f\u0131 farkl\u0131 medeniyetler sayesinde de adeta bir a\u00e7\u0131k hava m\u00fczesi izlenimi vermektedir. D\u00f6nemin sanatk\u00e2rlar\u0131 taraf\u0131ndan in\u015fa edilen yap\u0131lar g\u00fcn\u00fcm\u00fcze de\u011fin ula\u015fm\u0131\u015ft\u0131r. L\u00fczinyanlar taraf\u0131ndan in\u015fa edilen Gotik kiliseler i\u00e7in Fransa\u2019dan \u00f6zel olarak ta\u015f ustalar\u0131n\u0131n getirtildi\u011fi bilinmektedir. Venedik surlar\u0131n\u0131 yapan ta\u015f ustalar\u0131n\u0131n yevmiyelerini almak i\u00e7in ta\u015flara \u00e7izdi\u011fi \u015fekiller ve ba\u015f harflerinden olu\u015fan imzalar\u0131 ise kale duvarlar\u0131n\u0131 h\u00e2l\u00e2 s\u00fcslemektedir.<\/p>\n<p>G\u00fcn\u00fcm\u00fczde adan\u0131n kuzey co\u011frafyas\u0131nda sanatla u\u011fra\u015fmak, zor bir hayat\u0131 se\u00e7ti\u011finin g\u00f6stergesidir adeta. \u00dclkemizde sanat bir meslek olarak g\u00f6r\u00fclmekten ziyade \u201chobi\u201dye indirgenmekte, sanata g\u00f6n\u00fcl verenler, bunun okulunu okuyanlar i\u015fsizlik ya da g\u00f6\u00e7 gibi sorunlarla y\u00fczle\u015fmektedir. Var olman\u0131n en b\u00fcy\u00fck ko\u015fulu olan \u00fcretme eylemine vurulan ket, eksik, yanl\u0131 ve yanl\u0131\u015f devlet politikalar\u0131, T\u00fcrkiye\u2019den getirtilen \u015fark\u0131c\u0131lara verilen y\u00fcksek mebla\u011flar yok olu\u015fa da bir zemin haz\u0131rlar. Oysa sanat\u00e7\u0131 \u00fcretkendir ve en b\u00fcy\u00fck de\u011feri kendi topraklar\u0131nda g\u00f6rmelidir. Yoksa ne fark\u0131 kal\u0131r g\u00fcn y\u00fcz\u00fcne \u00e7\u0131kar\u0131l\u0131p sonra da d\u00fcnyan\u0131n ba\u015fka yerlerine ka\u00e7\u0131r\u0131lan ve yurt d\u0131\u015f\u0131nda de\u011fer g\u00f6ren sanat eserlerimizden?<\/p>\n<p>Sanat, i\u00e7inde bulundu\u011fu toplumdan ilham alarak onun k\u00fclt\u00fcr\u00fcyle de beslenir. K\u0131yafetten m\u00fczi\u011fe, el sanatlar\u0131ndan mimariye, k\u00fclt\u00fcr\u00fcn i\u00e7inde olan her \u00f6ge sanat\u0131 da \u015fekillendirmi\u015ftir. Asimilasyon ve k\u00fclt\u00fcr asimilasyonuyla \u00e7arp\u0131\u015ft\u0131r\u0131ld\u0131\u011f\u0131m\u0131z bu zamanda sanata sar\u0131lmak ve bunu toplumsal sorunlarla ve k\u00fclt\u00fcrle harmanlamak ve kendi adam\u0131zdaki \u015fairlere, yazarlara, m\u00fczisyenlere k\u0131sacas\u0131 sanat\u00e7\u0131lar\u0131m\u0131za sahip \u00e7\u0131karak onlar\u0131 ve eserlerini tan\u0131mak K\u0131br\u0131sl\u0131 T\u00fcrk halk\u0131n\u0131 gelecek nesillere ta\u015f\u0131mak anlam\u0131nda \u00e7ok \u00f6nemli bir ad\u0131md\u0131r.<\/p>\n<p>Bar\u0131\u015ftan, \u00f6zg\u00fcrl\u00fckten, emekten yana ve toplum sorunlar\u0131n\u0131 kendi sorunlar\u0131ndan ay\u0131rmayan sanat\u00e7\u0131, \u00fclkesine de fayda sa\u011flar. \u00c7\u00fcnk\u00fc, sanat\u00e7\u0131 ayn\u0131 zamanda topluma ayna tutand\u0131r; o y\u00fczden \u00f6nemi b\u00fcy\u00fckt\u00fcr. Bug\u00fcn sanat\u0131n geldi\u011fi nokta postmodern bir yap\u0131ya b\u00fcr\u00fcnerek pop\u00fclizmden nasibini alsa da sanatla direni\u015fte unutulmayacak \u00f6rnekler veren sanat\u00e7\u0131lar\u0131m\u0131z vard\u0131r.<\/p>\n<p>Y\u0131l 1980, aylardan Eyl\u00fcl\u2026 T\u00fcrkiye\u2019de 1980 darbesi ya\u015fan\u0131rken, K\u0131br\u0131s\u2019\u0131n kuzey co\u011frafyas\u0131nda oynanan bir oyun da k\u00fc\u00e7\u00fck \u00e7apl\u0131 bir darbe yarat\u0131r. Lefko\u015fa Belediyesi taraf\u0131ndan d\u00fczenlenen K\u00fclt\u00fcr Sanat \u015eenli\u011fi\u2019ne kat\u0131lan ayn\u0131 zamanda K\u0131br\u0131s T\u00fcrk Devlet Tiyatrosu oyuncular\u0131ndan Ya\u015far Ersoy, Osman Alka\u015f, I\u015f\u0131n Refiko\u011flu ve emekliye ayr\u0131lan Erol Refiko\u011flu, Vatanda\u015f Oyunu isimli tiyatroyu oynama karar\u0131 al\u0131r. Oyun, d\u00f6nemin sa\u011f cenah politikac\u0131lar\u0131 ve i\u015fbirlik\u00e7i bas\u0131n taraf\u0131ndan uygun g\u00f6r\u00fclmez ve tiyatroculara hi\u00e7bir gerek\u00e7e sunulmadan i\u015flerine son verilir. Ama bask\u0131 varsa direni\u015f de var s\u00f6z\u00fc vuku bulur bu olayla ve t\u00fcm bask\u0131lara ra\u011fmen oyun, d\u00f6nemin Belediye Ba\u015fkan\u0131 Mustafa Ak\u0131nc\u0131\u2019n\u0131n \u00f6nerisiyle Lefko\u015fa Belediye Tiyatrosu\u2019nun kurulmas\u0131na vesile olur ve ilk oyun olarak defalarca sahnelenir.(2)<\/p>\n<p>Sanat\u0131 sanat\u00e7\u0131, sanat\u00e7\u0131y\u0131 sanat var eder.\u00a0 \u00c7ok kolay anla\u015f\u0131lmaz sanat ve sanat\u00e7\u0131n\u0131n diyalekti\u011fi ama sanat\u0131n bir ileti\u015fim \u015fekli oldu\u011funu s\u00f6ylemek de yanl\u0131\u015f olmaz san\u0131r\u0131m. Ortaya \u00e7\u0131kan \u00fcr\u00fcn bir d\u0131\u015favurum, bir anlat\u0131d\u0131r asl\u0131nda\u2026 Bir direni\u015f arac\u0131d\u0131r da ayn\u0131 zamanda; \u00e7\u00fcnk\u00fc sanat\u00e7\u0131 biraz da muhaliftir hayata\u2026 \u00dclkesini seven, onun i\u00e7in bir \u015feyler yapmaya \u00e7al\u0131\u015fan \u201csevdas\u0131nda, kavgas\u0131nda rol alan\u201d her sanat\u00e7\u0131 direni\u015fi de \u00f6rer.<\/p>\n<p>&nbsp;<\/p>\n<p>&nbsp;<\/p>\n<p>Kaynaklar<\/p>\n<p>(1)\u00a0\u00a0\u00a0 https:\/\/bit.ly\/3mRHYkc<\/p>\n<p>(2)\u00a0\u00a0\u00a0 Sevdas\u0131yla ve Kavgas\u0131yla Bir \u00dclkenin Ya\u015fam\u0131nda Rol Almak, Yenilmek Ama Teslim Olmamak, Ya\u015far Ersoy, A\u011fustos 2012, Khora Yay\u0131nlar\u0131.<br \/>\n<a href=\"https:\/\/baraka.cc\/wp-content\/uploads\/2022\/10\/sanatla-direni\u015f1.jpg\"><img decoding=\"async\" loading=\"lazy\" class=\"alignnone size-medium wp-image-9104\" alt=\"sanatla direni\u015f\" src=\"https:\/\/baraka.cc\/wp-content\/uploads\/2022\/10\/sanatla-direni\u015f1-300x300.jpg\" width=\"300\" height=\"300\" srcset=\"https:\/\/baraka.cc\/wp-content\/uploads\/2022\/10\/sanatla-direni\u015f1-300x300.jpg 300w, https:\/\/baraka.cc\/wp-content\/uploads\/2022\/10\/sanatla-direni\u015f1-150x150.jpg 150w, https:\/\/baraka.cc\/wp-content\/uploads\/2022\/10\/sanatla-direni\u015f1.jpg 896w\" sizes=\"(max-width: 300px) 100vw, 300px\" \/><\/a><\/p>\n","protected":false},"excerpt":{"rendered":"<p>\u201cAc\u0131m\u0131n aln\u0131ndan \u00f6perek uyand\u0131r bir sabah beni d\u0131\u015far\u0131da g\u00fcne\u015fi ve bahar\u0131 ya\u011farken ya\u011fmur. Y\u00fcre\u011fimde bir m\u00fczikle uyand\u0131r beni t\u00fcy parmaklar\u0131n\u0131 a\u011fr\u0131yan yerlerimde gezdir. Sa\u00e7lar\u0131mdan zaman\u0131<\/p>\n","protected":false},"author":9,"featured_media":9103,"comment_status":"open","ping_status":"open","sticky":false,"template":"","format":"standard","meta":{"jetpack_post_was_ever_published":false,"_jetpack_newsletter_access":"","_jetpack_newsletter_tier_id":0,"jetpack_publicize_message":"","jetpack_is_tweetstorm":false,"jetpack_publicize_feature_enabled":true,"jetpack_social_post_already_shared":true,"jetpack_social_options":{"image_generator_settings":{"template":"highway","enabled":false}}},"categories":[40,67,38,9,42,1,39],"tags":[],"jetpack_publicize_connections":[],"jetpack_featured_media_url":"https:\/\/baraka.cc\/wp-content\/uploads\/2022\/10\/sanatla-direni\u015f.jpg","jetpack_shortlink":"https:\/\/wp.me\/p4eHWX-2mO","jetpack_sharing_enabled":true,"_links":{"self":[{"href":"https:\/\/baraka.cc\/index.php?rest_route=\/wp\/v2\/posts\/9102"}],"collection":[{"href":"https:\/\/baraka.cc\/index.php?rest_route=\/wp\/v2\/posts"}],"about":[{"href":"https:\/\/baraka.cc\/index.php?rest_route=\/wp\/v2\/types\/post"}],"author":[{"embeddable":true,"href":"https:\/\/baraka.cc\/index.php?rest_route=\/wp\/v2\/users\/9"}],"replies":[{"embeddable":true,"href":"https:\/\/baraka.cc\/index.php?rest_route=%2Fwp%2Fv2%2Fcomments&post=9102"}],"version-history":[{"count":2,"href":"https:\/\/baraka.cc\/index.php?rest_route=\/wp\/v2\/posts\/9102\/revisions"}],"predecessor-version":[{"id":9106,"href":"https:\/\/baraka.cc\/index.php?rest_route=\/wp\/v2\/posts\/9102\/revisions\/9106"}],"wp:featuredmedia":[{"embeddable":true,"href":"https:\/\/baraka.cc\/index.php?rest_route=\/wp\/v2\/media\/9103"}],"wp:attachment":[{"href":"https:\/\/baraka.cc\/index.php?rest_route=%2Fwp%2Fv2%2Fmedia&parent=9102"}],"wp:term":[{"taxonomy":"category","embeddable":true,"href":"https:\/\/baraka.cc\/index.php?rest_route=%2Fwp%2Fv2%2Fcategories&post=9102"},{"taxonomy":"post_tag","embeddable":true,"href":"https:\/\/baraka.cc\/index.php?rest_route=%2Fwp%2Fv2%2Ftags&post=9102"}],"curies":[{"name":"wp","href":"https:\/\/api.w.org\/{rel}","templated":true}]}}