{"id":9107,"date":"2022-10-03T10:08:13","date_gmt":"2022-10-03T08:08:13","guid":{"rendered":"https:\/\/baraka.cc\/?p=9107"},"modified":"2022-10-03T10:08:13","modified_gmt":"2022-10-03T08:08:13","slug":"ucretsiz-yaz-kurslari-bir-direnistir-onur-butuner","status":"publish","type":"post","link":"https:\/\/baraka.cc\/?p=9107","title":{"rendered":"\u00dccretsiz Yaz Kurslar\u0131 Bir Direni\u015ftir &#8211; Onur B\u00fct\u00fcner"},"content":{"rendered":"<p>E\u011fitim, son 10 y\u0131lda daha da rekabet\u00e7i ve pahal\u0131 hale geldi. Ge\u00e7ti\u011fimiz her d\u00f6nemde, gelmi\u015f ge\u00e7mi\u015f h\u00fck\u00fcmetlerin kamusal e\u011fitimi bir kenara itip sermayenin sahip oldu\u011fu okullar\u0131 te\u015fvik etmesi ile kamu okullar\u0131 cazibesini yitirmeye ba\u015flad\u0131. Bunun yan\u0131nda rekabet\u00e7i e\u011fitim sistemi ile s\u00fcrekli \u00e7ocuklar\u0131m\u0131z\u0131 kendi aralar\u0131nda yar\u0131\u015ft\u0131rarak \u00f6zel ders ve dershane furyas\u0131 palazland\u0131k\u00e7a palazland\u0131. T\u00fcm bunlar olagelirken, halk\u0131n en temel haklar\u0131ndan biri olan \u00fccretsiz e\u011fitim hakk\u0131 h\u00fck\u00fcmetlerin deste\u011fi ile sermaye taraf\u0131ndan gasp edilir noktaya geldi. Ayr\u0131ca rekabet\u00e7i e\u011fitim sisteminin bir getirisi olarak artan \u00f6zel ders ihtiyac\u0131 da yoksul aile \u00e7ocuklar\u0131n\u0131n nispeten daha iyi durumda olan ailelerin \u00e7ocuklar\u0131 aras\u0131nda da f\u0131rsat e\u015fitsizli\u011fine yol a\u00e7t\u0131.<\/p>\n<p>Bunun yan\u0131 s\u0131ra, \u00f6zellikle son yirmi y\u0131lda artan muhafazak\u00e2rla\u015ft\u0131rma politikalar\u0131 ile iktidarda olanlar taraf\u0131ndan bilimsel e\u011fitim k\u00f6reltildi. E\u011fitimde ihtiya\u00e7lar ile ilgili \u00e7al\u0131\u015fma yap\u0131lmazken, kuran kurslar\u0131 ile ba\u015flayan muhafazak\u00e2r e\u011fitim politikas\u0131 ilahiyat koleji ile devam etmeye ba\u015flad\u0131. \u00d6zellikle yoksulla\u015fman\u0131n artmas\u0131 ile bu politikalar h\u0131zla b\u00fcy\u00fcmekte. Pandeminin ard\u0131ndan h\u00fck\u00fcmetin, halk\u0131n yan\u0131nda bir politika \u00fcretmek yerine sermaye taraf\u0131ndan politikalar \u00fcretmesi de muhafazak\u00e2rla\u015ft\u0131rma politikalar\u0131na \u00e7anak tuttu. \u00c7\u00fcnk\u00fc halk\u0131n refah d\u00fczeyi d\u00fc\u015ft\u00fck\u00e7e \u00f6rg\u00fctl\u00fc k\u00f6t\u00fcl\u00fck daha kolay yay\u0131lmaya ba\u015flar. Devlet, okullar\u0131n tatil oldu\u011fu yaz aylar\u0131nda \u00e7ocuklar\u0131n \u00fccretsiz bir \u015fekilde kat\u0131labilece\u011fi ve bilimle, sanatla bulu\u015faca\u011f\u0131 okul, kurs veya at\u00f6lye tarz\u0131 herhangi bir \u00e7al\u0131\u015fma yapmayarak adeta \u00e7ocuklar\u0131m\u0131z\u0131 kuran kurslar\u0131na gitmeye te\u015fvik etmektedir. \u015eu parantezi de a\u00e7mak da fayda vard\u0131r; \u00f6rg\u00fctl\u00fc k\u00f6t\u00fcl\u00fck bilime, sanata d\u00fc\u015fmand\u0131r. \u00d6rg\u00fctl\u00fc k\u00f6t\u00fcl\u00fck d\u00f6rt bir yandan \u00e7al\u0131\u015farak kendi emellerine ula\u015fmak i\u00e7in \u00e7abalamaktad\u0131r. G\u00fcn\u00fcm\u00fcze bakt\u0131\u011f\u0131m\u0131zda da ba\u015far\u0131l\u0131 olduklar\u0131n\u0131 g\u00f6rmek m\u00fcmk\u00fcn (en az\u0131ndan kendine ayd\u0131n, demokrat diyen bizlere k\u0131yasla). Takdir edilesi bir u\u011fra\u015f ve organizasyon ile emellerine ula\u015fmak i\u00e7in \u00e7abalamaktad\u0131rlar. Bir devlet politikas\u0131 ve devletin te\u015fkilat g\u00fcc\u00fcn\u00fc de arkas\u0131na alarak ilerleseler de \u015funu itiraf etmeliyiz ki bu f\u0131rsat\u0131 bizler verdik. Nas\u0131l m\u0131? \u015e\u00f6yle\u2026<\/p>\n<p>\u00dclkemizde e\u011fitim sisteminde ciddi eksiklikler var biliyoruz. \u00d6zellikle de yaz tatili d\u00f6nemlerinde \u00e7ocuklar\u0131m\u0131z\u0131n e\u011fitsel alanlardan uzak kald\u0131\u011f\u0131n\u0131, devletin \u00e7ocuklar i\u00e7in yaz aylar\u0131nda kat\u0131labilecekleri kurs\/at\u00f6lye tarz\u0131 etkinlikler d\u00fczenlemediklerinin ve bundan dolay\u0131 yaz tatili d\u00f6nemi aileler i\u00e7in en s\u0131k\u0131nt\u0131l\u0131 d\u00f6nemlerden biri oldu\u011funun fark\u0131nday\u0131z. \u00c7\u00fcnk\u00fc bu d\u00f6nemde \u00e7al\u0131\u015fan ebeveynlerin en b\u00fcy\u00fck s\u0131k\u0131nt\u0131lar\u0131ndan biri de mesai saatleri aras\u0131nda \u00e7ocuklar\u0131n\u0131n g\u00fcvende olup olmad\u0131\u011f\u0131d\u0131r. Bu durumda da, kuran kurslar\u0131 sosyo-ekonomik d\u00fczeyi d\u00fc\u015f\u00fck olan ebeveynler i\u00e7in bir ka\u00e7\u0131\u015f yolu olmaktad\u0131r. Ebeveynlerin bak\u0131\u015f a\u00e7\u0131s\u0131yla konu olduk\u00e7a anla\u015f\u0131l\u0131rd\u0131r. Sonu\u00e7ta inan\u00e7l\u0131 ailelerin \u00e7ocuklar\u0131 camiye gidecektir ve ebeveyne g\u00f6re orada g\u00fcvende olacakt\u0131r. Ka\u00e7\u0131r\u0131lmamas\u0131 gereken nokta, somut i\u015flem d\u00f6neminde olan bir \u00e7ocuk i\u00e7in soyut konular\u0131n \u00f6\u011fretildi\u011fi dini kurslar, inan\u00e7sal olarak olmasa da geli\u015fimsel olarak yanl\u0131\u015ft\u0131r. Bu da ailenin o s\u0131rada d\u00fc\u015f\u00fcnece\u011fi bir konu de\u011fildir. \u00c7\u00fcnk\u00fc ya evde yaln\u0131z ve bak\u0131c\u0131s\u0131z kalacakt\u0131r ya da oraya gidecektir. Ba\u015fka \u015fans\u0131 yoktur. \u00dcstelik bu yerler cazibe merkezi haline gelebilsin diye sistem taraf\u0131ndan desteklenmektedir. Dondurmalar da\u011f\u0131t\u0131lmakta, \u00e7ocuk hikaye kitaplar\u0131 bas\u0131lmakta, ramazan ay\u0131nda kuran kursuna kat\u0131lan \u00e7ocuklara bisiklet hediye etmektedir.<\/p>\n<p>Kar\u015f\u0131 durdu\u011fumuz bir politika, bir eylemlilik, bir plan, program kar\u015f\u0131s\u0131na alternatifini koymad\u0131\u011f\u0131m\u0131z s\u00fcrece kazanma ihtimalimiz \u00e7ok d\u00fc\u015f\u00fckt\u00fcr. \u0130\u015fte s\u0131rf bu y\u00fczden \u00e7ocuklar\u0131n yaz aylar\u0131nda ula\u015fabilece\u011fi \u00fccretsiz kurslar d\u00fczenlemek bir direni\u015ftir. G\u00fczel bir gelecek i\u00e7in yap\u0131lacak en b\u00fcy\u00fck m\u00fccadeledir. \u00d6rg\u00fctl\u00fc k\u00f6t\u00fcl\u00fc\u011f\u00fcn kar\u015f\u0131s\u0131na bilimi, sanat\u0131, sporu koyup \u00e7ocuklar\u0131n ger\u00e7ek ihtiyac\u0131n\u0131 kar\u015f\u0131larken, paralel bir \u015fekilde bilim, sanat ve sporla dolu \u00fccretsiz yaz kurslar\u0131n\u0131n bir devlet politikas\u0131 haline gelmesi i\u00e7in de m\u00fccadele etmeliyiz.<\/p>\n<p>\u0130\u015fte bu y\u00fczdendir ki bir alternatif yaratabilmek, \u00e7ocuklar\u0131 ger\u00e7ek ihtiyac\u0131 olan etkinliklerle bulu\u015fturabilmek ad\u0131na Baraka K\u00fclt\u00fcr Merkezi sekiz y\u0131ld\u0131r \u00fccretsiz bir \u015fekilde yaz kurslar\u0131 d\u00fczenliyor. Ula\u015fabildi\u011fi kadar \u00e7ocu\u011fa ula\u015f\u0131p, onlar\u0131 sanatla, bilimle, sporla bulu\u015fturmak i\u00e7in \u00e7aba sarf ediyor. \u00dclkenin d\u00f6rt bir yan\u0131ndan g\u00f6n\u00fcll\u00fc e\u011fitmenler gelip destek oluyor. \u00dclkemizin t\u00fcm ayd\u0131nlar\u0131n\u0131n, \u00f6zellikle e\u011fitim sendikalar\u0131n\u0131n g\u00f6revi \u00e7ocuklar\u0131 yaz aylar\u0131nda bilimle, sanatla, sporla bulu\u015fturmak olmal\u0131d\u0131r. Ancak bu \u015fekilde \u00f6rg\u00fctl\u00fc k\u00f6t\u00fcl\u00fck kar\u015f\u0131s\u0131nda kazanama \u015fans\u0131m\u0131z olacakt\u0131r. T\u0131pk\u0131 sokaklar\u0131 b\u0131rakmad\u0131\u011f\u0131m\u0131z gibi \u00e7ocuklar\u0131m\u0131z\u0131 da b\u0131rakmamal\u0131y\u0131z. \u00c7\u00fcnk\u00fc gelece\u011fimizi \u015fekillendirecek olan minik elleri, kalemle f\u0131r\u00e7ayla notalarla bulu\u015fturmak bizim boynumuzun borcudur.<\/p>\n<p><a href=\"https:\/\/baraka.cc\/wp-content\/uploads\/2022\/07\/WhatsApp-Image-2022-07-24-at-01.41.59-1.jpeg\"><img decoding=\"async\" loading=\"lazy\" class=\"alignnone size-medium wp-image-8924\" alt=\"WhatsApp Image 2022-07-24 at 01.41.59 (1)\" src=\"https:\/\/baraka.cc\/wp-content\/uploads\/2022\/07\/WhatsApp-Image-2022-07-24-at-01.41.59-1-300x225.jpeg\" width=\"300\" height=\"225\" srcset=\"https:\/\/baraka.cc\/wp-content\/uploads\/2022\/07\/WhatsApp-Image-2022-07-24-at-01.41.59-1-300x225.jpeg 300w, https:\/\/baraka.cc\/wp-content\/uploads\/2022\/07\/WhatsApp-Image-2022-07-24-at-01.41.59-1-1024x768.jpeg 1024w, https:\/\/baraka.cc\/wp-content\/uploads\/2022\/07\/WhatsApp-Image-2022-07-24-at-01.41.59-1.jpeg 1600w\" sizes=\"(max-width: 300px) 100vw, 300px\" \/><\/a><\/p>\n","protected":false},"excerpt":{"rendered":"<p>E\u011fitim, son 10 y\u0131lda daha da rekabet\u00e7i ve pahal\u0131 hale geldi. Ge\u00e7ti\u011fimiz her d\u00f6nemde, gelmi\u015f ge\u00e7mi\u015f h\u00fck\u00fcmetlerin kamusal e\u011fitimi bir kenara itip sermayenin sahip oldu\u011fu<\/p>\n","protected":false},"author":9,"featured_media":8924,"comment_status":"open","ping_status":"open","sticky":false,"template":"","format":"standard","meta":{"jetpack_post_was_ever_published":false,"_jetpack_newsletter_access":"","_jetpack_newsletter_tier_id":0,"jetpack_publicize_message":"","jetpack_is_tweetstorm":false,"jetpack_publicize_feature_enabled":true,"jetpack_social_post_already_shared":true,"jetpack_social_options":{"image_generator_settings":{"template":"highway","enabled":false}}},"categories":[40,67,38,9,42,1,39],"tags":[],"jetpack_publicize_connections":[],"jetpack_featured_media_url":"https:\/\/baraka.cc\/wp-content\/uploads\/2022\/07\/WhatsApp-Image-2022-07-24-at-01.41.59-1.jpeg","jetpack_shortlink":"https:\/\/wp.me\/p4eHWX-2mT","jetpack_sharing_enabled":true,"_links":{"self":[{"href":"https:\/\/baraka.cc\/index.php?rest_route=\/wp\/v2\/posts\/9107"}],"collection":[{"href":"https:\/\/baraka.cc\/index.php?rest_route=\/wp\/v2\/posts"}],"about":[{"href":"https:\/\/baraka.cc\/index.php?rest_route=\/wp\/v2\/types\/post"}],"author":[{"embeddable":true,"href":"https:\/\/baraka.cc\/index.php?rest_route=\/wp\/v2\/users\/9"}],"replies":[{"embeddable":true,"href":"https:\/\/baraka.cc\/index.php?rest_route=%2Fwp%2Fv2%2Fcomments&post=9107"}],"version-history":[{"count":1,"href":"https:\/\/baraka.cc\/index.php?rest_route=\/wp\/v2\/posts\/9107\/revisions"}],"predecessor-version":[{"id":9108,"href":"https:\/\/baraka.cc\/index.php?rest_route=\/wp\/v2\/posts\/9107\/revisions\/9108"}],"wp:featuredmedia":[{"embeddable":true,"href":"https:\/\/baraka.cc\/index.php?rest_route=\/wp\/v2\/media\/8924"}],"wp:attachment":[{"href":"https:\/\/baraka.cc\/index.php?rest_route=%2Fwp%2Fv2%2Fmedia&parent=9107"}],"wp:term":[{"taxonomy":"category","embeddable":true,"href":"https:\/\/baraka.cc\/index.php?rest_route=%2Fwp%2Fv2%2Fcategories&post=9107"},{"taxonomy":"post_tag","embeddable":true,"href":"https:\/\/baraka.cc\/index.php?rest_route=%2Fwp%2Fv2%2Ftags&post=9107"}],"curies":[{"name":"wp","href":"https:\/\/api.w.org\/{rel}","templated":true}]}}