{"id":911,"date":"2011-12-02T22:40:43","date_gmt":"2011-12-02T20:40:43","guid":{"rendered":"https:\/\/baraka.cc\/?p=911"},"modified":"2014-01-02T22:42:15","modified_gmt":"2014-01-02T20:42:15","slug":"kibris-bizim-albumunu-ucretsiz-indirmek-icin-tiklayiniz","status":"publish","type":"post","link":"https:\/\/baraka.cc\/?p=911","title":{"rendered":"KIBRIS B\u0130Z\u0130M ALB\u00dcM\u00dcN\u00dc \u00dcCRETS\u0130Z \u0130ND\u0130RMEK \u0130\u00c7\u0130N TIKLAYINIZ"},"content":{"rendered":"<p class=\"MsoNormal\" style=\"margin: 0cm 0cm 0pt;\">\n<p class=\"MsoNormal\" style=\"margin: 0cm 0cm 0pt;\">\n<p>\u00a0<strong><span style=\"font-size: 11.5pt; line-height: 200%; font-family: 'Verdana','sans-serif';\">KIBRIS B\u0130Z\u0130M ALB\u00dcM\u00dcN\u00dc \u00dcCRETS\u0130Z \u0130ND\u0130RMEK \u0130\u00c7\u0130N TIKLAYINIZ<\/span><\/strong><a href=\"https:\/\/www.baraka.cc\/down\/KibrisBizim.rar\" target=\"_blank\"><img decoding=\"async\" loading=\"lazy\" alt=\" \" src=\"https:\/\/www.baraka.cc\/images\/stories\/solan_album2.jpg\" width=\"200\" height=\"199\" align=\"left\" border=\"2\" \/><\/a><\/p>\n<p><span style=\"font-size: 10pt; line-height: 200%; font-family: 'Verdana','sans-serif';\">Baraka K\u00fclt\u00fcr Merkezi M\u00fczik Toplulu\u011fu Sol Anahtar\u0131, iki sene \u00f6nce \u00e7\u0131kard\u0131\u011f\u0131 \u201cBa\u015fka Bir \u015eark\u0131\u201d alb\u00fcm\u00fcnden sonra 2011 y\u0131l\u0131n\u0131n Temmuz ay\u0131nda \u201cK\u0131br\u0131s Bizim\u201d alb\u00fcm\u00fcn\u00fc \u00e7\u0131kard\u0131. Co\u011frafyam\u0131z\u0131n \u00f6nde gelen protest m\u00fczik temsilcilerinden Sol Anahtar\u0131, kuruldu\u011fu g\u00fcnden bug\u00fcne bir\u00e7ok eylemde, grevde, 1 May\u0131s ve 1 Eyl\u00fcl gibi t\u00fcm insanl\u0131\u011fa mal olmu\u015f \u00f6nemli tarihlerde \u015fark\u0131lar\u0131n\u0131 seslendirmi\u015ftir; halk i\u00e7in, halkla birlikte sokaklarda olmu\u015ftur.<\/span><span style=\"font-size: 10pt; line-height: 200%; font-family: 'Verdana','sans-serif';\"> Alb\u00fcm ad\u0131n\u0131, efsane sanat\u00e7\u0131 Victor Jara\u2019n\u0131n da i\u00e7inde bulundu\u011fu grup Quilapayun taraf\u0131ndan bestelenmi\u015f ve Int\u0131 Illimani taraf\u0131ndan d\u00fcnyaya tan\u0131t\u0131lm\u0131\u015f \u201cEl Pueblo Unido\u201d isimli devrimci \u015fark\u0131dan al\u0131yor. \u015eark\u0131, Sol Anahtar\u0131 taraf\u0131ndan T\u00fcrk\u00e7e s\u00f6z yaz\u0131larak yeniden d\u00fczenlenmi\u015f ve ismi de K\u0131br\u0131s Bizim olarak de\u011fi\u015ftirilmi\u015ftir. T\u0131pk\u0131 ilk alb\u00fcmde oldu\u011fu gibi bu alb\u00fcmde de kendi bestelerine yer veren grup, anonim K\u0131br\u0131s par\u00e7alar\u0131n\u0131 da yeniden yorumlam\u0131\u015ft\u0131r. Ayn\u0131 zamanda alb\u00fcm; Ayd\u0131n Adamo\u011flu, Ali G\u00f6ren, Hamza Irkad, Y\u0131ltan Ta\u015f\u00e7\u0131 ve Bertolt Brecht gibi isimlerin \u00fcr\u00fcnleriyle de zenginle\u015ftirilmi\u015ftir. T\u0131pk\u0131 ilk alb\u00fcmde oldu\u011fu gibi bu alb\u00fcm de dinlemek isteyenlere <\/span><span style=\"font-size: 10pt; line-height: 200%; font-family: 'Verdana','sans-serif';\">\u00fccretsiz olarak <\/span><span style=\"font-size: 10pt; line-height: 200%; font-family: 'Verdana','sans-serif';\">sunulmu\u015ftur. Bilgisayar\u0131n\u0131za indirmek i\u00e7in <a href=\"https:\/\/www.baraka.cc\/down\/KibrisBizim.rar\" target=\"_blank\">t\u0131klay\u0131n\u0131z<\/a>\u00a0 <\/span><\/p>\n<hr \/>\n<p>&nbsp;<\/p>\n<p class=\"MsoNormal\" style=\"margin-bottom: 0.0001pt; text-align: justify; line-height: 200%;\"><strong><span style=\"font-size: 11pt; line-height: 115%; font-family: 'Verdana','sans-serif';\">SOL ANAHTARI\u2019NIN \u0130K\u0130NC\u0130 ALB\u00dcM\u00dc \u201cKIBRIS B\u0130Z\u0130M\u201d \u00c7IKTI !<\/span><\/strong><\/p>\n<p><img decoding=\"async\" loading=\"lazy\" alt=\" \" src=\"https:\/\/www.baraka.cc\/images\/stories\/solan_album2.jpg\" width=\"250\" height=\"249\" align=\"left\" border=\"2\" \/><span style=\"font-size: 10pt; line-height: 200%; font-family: 'Verdana','sans-serif';\">Baraka K\u00fclt\u00fcr Merkezi M\u00fczik Toplulu\u011fu Sol Anahtar\u0131, iki sene \u00f6nce \u00e7\u0131kard\u0131\u011f\u0131 \u201cBa\u015fka Bir \u015eark\u0131\u201d alb\u00fcm\u00fcnden sonra \u015fimdi de \u201cK\u0131br\u0131s Bizim\u201d ile bizlerle\u2026 Co\u011frafyam\u0131z\u0131n \u00f6nde gelen protest m\u00fczik temsilcilerinden Sol Anahtar\u0131, kuruldu\u011fu g\u00fcnden bug\u00fcne bir\u00e7ok eylemde, grevde, 1 May\u0131s ve 1 Eyl\u00fcl gibi t\u00fcm insanl\u0131\u011fa mal olmu\u015f \u00f6nemli tarihlerde \u015fark\u0131lar\u0131n\u0131 seslendirmi\u015ftir; halk i\u00e7in, halkla birlikte sokaklarda olmu\u015ftur.<\/span><\/p>\n<p class=\"MsoNormal\" style=\"margin-bottom: 0.0001pt; text-align: justify; line-height: 200%;\"><span style=\"font-size: 10pt; line-height: 200%; font-family: 'Verdana','sans-serif';\"><br \/>\nGrubun yeni alb\u00fcm\u00fc ad\u0131n\u0131, efsane sanat\u00e7\u0131 Victor Jara\u2019n\u0131n da i\u00e7inde bulundu\u011fu grup Quilapayun taraf\u0131ndan bestelenmi\u015f ve Int\u0131 Illimani taraf\u0131ndan d\u00fcnyaya tan\u0131t\u0131lm\u0131\u015f \u201cEl Pueblo Unido\u201d isimli devrimci \u015fark\u0131dan al\u0131yor. \u015eark\u0131, Sol Anahtar\u0131 taraf\u0131ndan T\u00fcrk\u00e7e s\u00f6z yaz\u0131larak yeniden d\u00fczenlenmi\u015f ve ismi de K\u0131br\u0131s Bizim olarak de\u011fi\u015ftirilmi\u015ftir. T\u0131pk\u0131 ilk alb\u00fcmde oldu\u011fu gibi bu alb\u00fcmde de kendi bestelerine yer veren grup, anonim K\u0131br\u0131s par\u00e7alar\u0131n\u0131 da yeniden yorumlam\u0131\u015ft\u0131r. Ayn\u0131 zamanda alb\u00fcm; Ayd\u0131n Adamo\u011flu, Ali G\u00f6ren, Hamza Irkad, Y\u0131ltan Ta\u015f\u00e7\u0131 ve Bertolt Brecht gibi isimlerin \u00fcr\u00fcnleriyle de zenginle\u015ftirilmi\u015ftir.<\/span><\/p>\n<p class=\"MsoNormal\" style=\"margin-bottom: 0.0001pt; text-align: justify; line-height: 200%;\"><span style=\"font-size: 10pt; line-height: 200%; font-family: 'Verdana','sans-serif';\"><br \/>\nYeni \u00e7\u0131kan alb\u00fcmden sonra, devrimci bir s\u00fczge\u00e7ten ge\u00e7irdi\u011fi \u015fark\u0131lar\u0131n\u0131 halkla payla\u015fmak i\u00e7in can atan grup, A\u011fustos ay\u0131 i\u00e7erisinde verece\u011fi \u00fccretsiz halk konserleri i\u00e7in haz\u0131rlanmaktad\u0131r. Alb\u00fcm\u00fc Baraka lokalinden veyaKhora Kitap-Cafe&#8217;den temin edebilirsiniz. <\/span><\/p>\n<p class=\"MsoNormal\" style=\"margin-bottom: 0.0001pt; text-align: justify; line-height: 200%;\"><span style=\"font-size: 10pt; line-height: 200%; font-family: 'Verdana','sans-serif';\">Alb\u00fcm tan\u0131t\u0131m fragman\u0131 i\u00e7in <a href=\"https:\/\/www.facebook.com\/video\/video.php?v=253599647992399&amp;comments\" target=\"_blank\">t\u0131klay\u0131n\u0131z<\/a> <\/span><\/p>\n<p class=\"MsoNormal\" style=\"margin: 0cm 0cm 0pt;\">\n<p class=\"MsoNormal\" style=\"margin: 0cm 0cm 0pt;\">\n<hr \/>\n<p class=\"MsoNormal\" style=\"margin: 0cm 0cm 0pt;\">\n<p class=\"MsoNormal\" style=\"margin: 0cm 0cm 0pt;\"><span style=\"font-family: Verdana; font-size: 10pt;\"><strong>&#8220;Evine D\u00f6n Ay\u015fe&#8221; \u015fark\u0131s\u0131n\u0131 indirmek i\u00e7in <a href=\"https:\/\/www.baraka.cc\/index.php?option=com_content&amp;task=view&amp;id=657&amp;Itemid=734\">t\u0131klay\u0131n\u0131z<\/a><br \/>\n<\/strong><\/span><\/p>\n<p class=\"MsoNormal\" style=\"margin: 0cm 0cm 0pt;\">\n","protected":false},"excerpt":{"rendered":"<p>\u00a0KIBRIS B\u0130Z\u0130M ALB\u00dcM\u00dcN\u00dc \u00dcCRETS\u0130Z \u0130ND\u0130RMEK \u0130\u00c7\u0130N TIKLAYINIZ Baraka K\u00fclt\u00fcr Merkezi M\u00fczik Toplulu\u011fu Sol Anahtar\u0131, iki sene \u00f6nce \u00e7\u0131kard\u0131\u011f\u0131 \u201cBa\u015fka Bir \u015eark\u0131\u201d alb\u00fcm\u00fcnden sonra 2011 y\u0131l\u0131n\u0131n<\/p>\n","protected":false},"author":1,"featured_media":0,"comment_status":"open","ping_status":"open","sticky":false,"template":"","format":"standard","meta":{"jetpack_post_was_ever_published":false,"_jetpack_newsletter_access":"","_jetpack_newsletter_tier_id":0,"jetpack_publicize_message":"","jetpack_is_tweetstorm":false,"jetpack_publicize_feature_enabled":true,"jetpack_social_post_already_shared":false,"jetpack_social_options":{"image_generator_settings":{"template":"highway","enabled":false}}},"categories":[25],"tags":[],"jetpack_publicize_connections":[],"jetpack_featured_media_url":"","jetpack_shortlink":"https:\/\/wp.me\/p4eHWX-eH","jetpack_sharing_enabled":true,"_links":{"self":[{"href":"https:\/\/baraka.cc\/index.php?rest_route=\/wp\/v2\/posts\/911"}],"collection":[{"href":"https:\/\/baraka.cc\/index.php?rest_route=\/wp\/v2\/posts"}],"about":[{"href":"https:\/\/baraka.cc\/index.php?rest_route=\/wp\/v2\/types\/post"}],"author":[{"embeddable":true,"href":"https:\/\/baraka.cc\/index.php?rest_route=\/wp\/v2\/users\/1"}],"replies":[{"embeddable":true,"href":"https:\/\/baraka.cc\/index.php?rest_route=%2Fwp%2Fv2%2Fcomments&post=911"}],"version-history":[{"count":1,"href":"https:\/\/baraka.cc\/index.php?rest_route=\/wp\/v2\/posts\/911\/revisions"}],"predecessor-version":[{"id":912,"href":"https:\/\/baraka.cc\/index.php?rest_route=\/wp\/v2\/posts\/911\/revisions\/912"}],"wp:attachment":[{"href":"https:\/\/baraka.cc\/index.php?rest_route=%2Fwp%2Fv2%2Fmedia&parent=911"}],"wp:term":[{"taxonomy":"category","embeddable":true,"href":"https:\/\/baraka.cc\/index.php?rest_route=%2Fwp%2Fv2%2Fcategories&post=911"},{"taxonomy":"post_tag","embeddable":true,"href":"https:\/\/baraka.cc\/index.php?rest_route=%2Fwp%2Fv2%2Ftags&post=911"}],"curies":[{"name":"wp","href":"https:\/\/api.w.org\/{rel}","templated":true}]}}