{"id":921,"date":"2007-11-28T22:58:37","date_gmt":"2007-11-28T20:58:37","guid":{"rendered":"https:\/\/baraka.cc\/?p=921"},"modified":"2014-01-02T22:59:26","modified_gmt":"2014-01-02T20:59:26","slug":"nese-yasin-ile-dayanisma","status":"publish","type":"post","link":"https:\/\/baraka.cc\/?p=921","title":{"rendered":"Ne\u015fe Ya\u015f\u0131n ile Dayan\u0131\u015fma"},"content":{"rendered":"<p class=\"MsoNormal\" style=\"margin: 0cm 0cm 0pt; line-height: 150%;\">\n<p class=\"MsoNormal\" style=\"margin: 0cm 0cm 0pt; line-height: 150%;\">\n<p class=\"MsoNormal\" style=\"margin: 0cm 0cm 0pt; line-height: 150%;\"><span style=\"font-size: 10pt; line-height: 150%; font-family: Verdana;\">K\u0131br\u0131s\u2019\u0131n kuzeyinde y\u00fckselen fa\u015fist-\u015f\u00f6venist dalgaya kar\u015f\u0131, anti-fa\u015fist \u00f6rg\u00fctler 28 Kas\u0131m 2007 gecesi bir etkinlik d\u00fczenledi. Baraka K\u00fclt\u00fcr Merkezi, Asi K\u00fclt\u00fcr Merkezi, Derince K\u00fclt\u00fcr Merkezi, E.K.\u0130.M K\u00fclt\u00fcr Merkezi, Pejmurde, BKP Gen\u00e7lik Kollar\u0131, KSP Gen\u00e7lik Birimi ve YKP Gen\u00e7lik taraf\u0131ndan d\u00fczenlenen etkinli\u011fe Ne\u015fe Ya\u015f\u0131n da kat\u0131ld\u0131. Ne\u015fe Ya\u015f\u0131n\u2019\u0131n kitaplar\u0131 \u00fczerinden bir s\u00fcreden beridir \u015f\u00f6ven ve erkek egemen bir fa\u015fist sald\u0131r\u0131 \u00f6rg\u00fctlenmekteydi. Baraka yay\u0131nlad\u0131\u011f\u0131 bir bildiri ile bu durumu k\u0131nam\u0131\u015f ve en k\u0131sa zamanda bir dayan\u0131\u015fma etkinli\u011fi ger\u00e7ekle\u015ftirece\u011fini de belirtmi\u015fti.<\/span><\/p>\n<p class=\"MsoNormal\" style=\"margin: 0cm 0cm 0pt; line-height: 150%;\">\n<p class=\"MsoNormal\" style=\"margin: 0cm 0cm 0pt; line-height: 150%;\">\u00a0<span style=\"font-size: 10pt; line-height: 150%; font-family: Verdana;\">KT\u00d6S Lokalinde ger\u00e7ekle\u015ftirdi\u011fimiz etkinlikte, fa\u015fizm kar\u015f\u0131t\u0131 \u015fiirler okundu. Pejmurde ve Asi K\u00fclt\u00fcr Merkezi korosunun da \u015fark\u0131lar seslendirdi\u011fi gecede, Baraka m\u00fczik grubu Sol Anahtar\u0131 da sahne ald\u0131. Halklar aras\u0131nda d\u00fc\u015fmanl\u0131k yayanlara ve sava\u015f \u00e7\u0131\u011f\u0131rtkanl\u0131\u011f\u0131 yapanlara kar\u015f\u0131, kararl\u0131 bir ses vermek i\u00e7in t\u00fcm ilerici, demokrat ve devrimcilerin birle\u015fmeye \u00e7a\u011fr\u0131ld\u0131\u011f\u0131 gecede, kat\u0131l\u0131mc\u0131lar moral depolad\u0131.<\/span><span style=\"font-size: 10pt; line-height: 150%; font-family: Verdana;\">\u00a0<\/span><\/p>\n<p class=\"MsoNormal\" style=\"margin: 0cm 0cm 0pt; line-height: 150%;\">\n<p class=\"MsoNormal\" style=\"margin: 0cm 0cm 0pt; line-height: 150%;\"><span style=\"font-size: 10pt; line-height: 150%; font-family: Verdana;\"><a href=\"https:\/\/www.baraka.cc\/down\/neseyasinbildiri.doc\" target=\"_blank\">Ne\u015fe Ya\u015f\u0131n ile dayan\u0131\u015fma bildirisi<\/a><\/span><\/p>\n<p><span style=\"font-size: 10pt; line-height: 150%; font-family: Verdana;\"><a href=\"https:\/\/www.baraka.cc\/images\/stories\/sa14_1.jpg\" target=\"_blank\"><img decoding=\"async\" loading=\"lazy\" alt=\" \" src=\"https:\/\/www.baraka.cc\/images\/stories\/sa14_1.jpg\" width=\"200\" height=\"150\" border=\"2\" \/><\/a>\u00a0<a href=\"https:\/\/www.baraka.cc\/images\/stories\/sa14_2.jpg\" target=\"_blank\"><img decoding=\"async\" loading=\"lazy\" alt=\" \" src=\"https:\/\/www.baraka.cc\/images\/stories\/sa14_2.jpg\" width=\"200\" height=\"150\" border=\"2\" \/><\/a>\u00a0<a href=\"https:\/\/www.baraka.cc\/images\/stories\/sa14_3.jpg\" target=\"_blank\"><img decoding=\"async\" loading=\"lazy\" alt=\" \" src=\"https:\/\/www.baraka.cc\/images\/stories\/sa14_3.jpg\" width=\"200\" height=\"150\" border=\"2\" \/><\/a><\/span><\/p>\n","protected":false},"excerpt":{"rendered":"<p>K\u0131br\u0131s\u2019\u0131n kuzeyinde y\u00fckselen fa\u015fist-\u015f\u00f6venist dalgaya kar\u015f\u0131, anti-fa\u015fist \u00f6rg\u00fctler 28 Kas\u0131m 2007 gecesi bir etkinlik d\u00fczenledi. Baraka K\u00fclt\u00fcr Merkezi, Asi K\u00fclt\u00fcr Merkezi, Derince K\u00fclt\u00fcr Merkezi, E.K.\u0130.M<\/p>\n","protected":false},"author":1,"featured_media":0,"comment_status":"open","ping_status":"open","sticky":false,"template":"","format":"standard","meta":{"jetpack_post_was_ever_published":false,"_jetpack_newsletter_access":"","_jetpack_newsletter_tier_id":0,"jetpack_publicize_message":"","jetpack_is_tweetstorm":false,"jetpack_publicize_feature_enabled":true,"jetpack_social_post_already_shared":false,"jetpack_social_options":{"image_generator_settings":{"template":"highway","enabled":false}}},"categories":[24,56],"tags":[],"jetpack_publicize_connections":[],"jetpack_featured_media_url":"","jetpack_shortlink":"https:\/\/wp.me\/p4eHWX-eR","jetpack_sharing_enabled":true,"_links":{"self":[{"href":"https:\/\/baraka.cc\/index.php?rest_route=\/wp\/v2\/posts\/921"}],"collection":[{"href":"https:\/\/baraka.cc\/index.php?rest_route=\/wp\/v2\/posts"}],"about":[{"href":"https:\/\/baraka.cc\/index.php?rest_route=\/wp\/v2\/types\/post"}],"author":[{"embeddable":true,"href":"https:\/\/baraka.cc\/index.php?rest_route=\/wp\/v2\/users\/1"}],"replies":[{"embeddable":true,"href":"https:\/\/baraka.cc\/index.php?rest_route=%2Fwp%2Fv2%2Fcomments&post=921"}],"version-history":[{"count":0,"href":"https:\/\/baraka.cc\/index.php?rest_route=\/wp\/v2\/posts\/921\/revisions"}],"wp:attachment":[{"href":"https:\/\/baraka.cc\/index.php?rest_route=%2Fwp%2Fv2%2Fmedia&parent=921"}],"wp:term":[{"taxonomy":"category","embeddable":true,"href":"https:\/\/baraka.cc\/index.php?rest_route=%2Fwp%2Fv2%2Fcategories&post=921"},{"taxonomy":"post_tag","embeddable":true,"href":"https:\/\/baraka.cc\/index.php?rest_route=%2Fwp%2Fv2%2Ftags&post=921"}],"curies":[{"name":"wp","href":"https:\/\/api.w.org\/{rel}","templated":true}]}}