{"id":922,"date":"2008-04-09T22:59:34","date_gmt":"2008-04-09T20:59:34","guid":{"rendered":"https:\/\/baraka.cc\/?p=922"},"modified":"2014-01-02T23:01:32","modified_gmt":"2014-01-02T21:01:32","slug":"caglayan-parki-konser","status":"publish","type":"post","link":"https:\/\/baraka.cc\/?p=922","title":{"rendered":"\u00c7a\u011flayan Park\u0131 Konser"},"content":{"rendered":"<p>&nbsp;<\/p>\n<p><span style=\"font-size: 10pt; line-height: 150%; font-family: Verdana;\">\u201c\u00c7a\u011flayan Bizimdir Asimilasyona Hay\u0131r\u201d komitesi, 9 Nisan 2008 tarihinde \u00c7a\u011flayan Park\u0131\u2019n\u0131n isminin iadesi talebiyle y\u00fcr\u00fctt\u00fc\u011f\u00fc imza kampanyas\u0131 \u00e7er\u00e7evesinde, \u00c7a\u011flayan Park\u0131\u2019nda bir konser organize etti. Konsere Serdar Kavaz, Taner \u015eah ve Ula\u015f Bar\u0131\u015f gibi m\u00fczisyenler yan\u0131nda Baraka M\u00fczik Toplulu\u011fu SOL ANAHTARI da kat\u0131ld\u0131. Sol Anahtar\u0131, K\u0131br\u0131s par\u00e7alar\u0131n\u0131 seslendirdi\u011fi performans\u0131nda \u201cCan\u0131m K\u0131br\u0131s\u0131m\u201d isimli par\u00e7an\u0131n sonuna \u00c7a\u011flayan Park\u0131 i\u00e7in yeni s\u00f6zler yazarak seslendirdi. \u201c\u00c7a\u011flayand\u0131r Park\u0131m\u0131z \/ Kalmad\u0131 Hi\u00e7 Sabr\u0131m\u0131z \/ Ankara\u2019n\u0131n Paras\u0131 \/ De\u011fi\u015femez Ad\u0131n\u0131 \/ B\u0131rak\u0131n Yakam\u0131z\u0131 \/ Vah K\u0131br\u0131s\u0131m K\u0131br\u0131s\u0131m\u201d \u015feklindeki s\u00f6zler dinleyicilerden yo\u011fun alk\u0131\u015f ald\u0131.<\/span><span style=\"font-size: 10pt; line-height: 150%; font-family: Verdana;\">\u00a0<\/span><\/p>\n<p><span style=\"font-size: 10pt; line-height: 150%; font-family: Verdana;\"><a href=\"https:\/\/www.baraka.cc\/images\/stories\/sa15_1.jpg\" target=\"_blank\"><img decoding=\"async\" loading=\"lazy\" alt=\" \" src=\"https:\/\/www.baraka.cc\/images\/stories\/sa15_1.jpg\" width=\"200\" height=\"150\" border=\"2\" \/><\/a>\u00a0<a href=\"https:\/\/www.baraka.cc\/images\/stories\/sa15_2.jpg\" target=\"_blank\"><img decoding=\"async\" loading=\"lazy\" alt=\" \" src=\"https:\/\/www.baraka.cc\/images\/stories\/sa15_2.jpg\" width=\"200\" height=\"150\" border=\"2\" \/><\/a><\/span><\/p>\n","protected":false},"excerpt":{"rendered":"<p>&nbsp; \u201c\u00c7a\u011flayan Bizimdir Asimilasyona Hay\u0131r\u201d komitesi, 9 Nisan 2008 tarihinde \u00c7a\u011flayan Park\u0131\u2019n\u0131n isminin iadesi talebiyle y\u00fcr\u00fctt\u00fc\u011f\u00fc imza kampanyas\u0131 \u00e7er\u00e7evesinde, \u00c7a\u011flayan Park\u0131\u2019nda bir konser organize etti.<\/p>\n","protected":false},"author":1,"featured_media":0,"comment_status":"open","ping_status":"open","sticky":false,"template":"","format":"standard","meta":{"jetpack_post_was_ever_published":false,"_jetpack_newsletter_access":"","_jetpack_newsletter_tier_id":0,"jetpack_publicize_message":"","jetpack_is_tweetstorm":false,"jetpack_publicize_feature_enabled":true,"jetpack_social_post_already_shared":false,"jetpack_social_options":{"image_generator_settings":{"template":"highway","enabled":false}}},"categories":[66,24],"tags":[],"jetpack_publicize_connections":[],"jetpack_featured_media_url":"","jetpack_shortlink":"https:\/\/wp.me\/p4eHWX-eS","jetpack_sharing_enabled":true,"_links":{"self":[{"href":"https:\/\/baraka.cc\/index.php?rest_route=\/wp\/v2\/posts\/922"}],"collection":[{"href":"https:\/\/baraka.cc\/index.php?rest_route=\/wp\/v2\/posts"}],"about":[{"href":"https:\/\/baraka.cc\/index.php?rest_route=\/wp\/v2\/types\/post"}],"author":[{"embeddable":true,"href":"https:\/\/baraka.cc\/index.php?rest_route=\/wp\/v2\/users\/1"}],"replies":[{"embeddable":true,"href":"https:\/\/baraka.cc\/index.php?rest_route=%2Fwp%2Fv2%2Fcomments&post=922"}],"version-history":[{"count":2,"href":"https:\/\/baraka.cc\/index.php?rest_route=\/wp\/v2\/posts\/922\/revisions"}],"predecessor-version":[{"id":926,"href":"https:\/\/baraka.cc\/index.php?rest_route=\/wp\/v2\/posts\/922\/revisions\/926"}],"wp:attachment":[{"href":"https:\/\/baraka.cc\/index.php?rest_route=%2Fwp%2Fv2%2Fmedia&parent=922"}],"wp:term":[{"taxonomy":"category","embeddable":true,"href":"https:\/\/baraka.cc\/index.php?rest_route=%2Fwp%2Fv2%2Fcategories&post=922"},{"taxonomy":"post_tag","embeddable":true,"href":"https:\/\/baraka.cc\/index.php?rest_route=%2Fwp%2Fv2%2Ftags&post=922"}],"curies":[{"name":"wp","href":"https:\/\/api.w.org\/{rel}","templated":true}]}}