{"id":9291,"date":"2023-03-10T15:14:50","date_gmt":"2023-03-10T13:14:50","guid":{"rendered":"https:\/\/baraka.cc\/?p=9291"},"modified":"2023-03-10T15:14:50","modified_gmt":"2023-03-10T13:14:50","slug":"8-mart-2023-sermaye-kadinlara-hesap-verecek","status":"publish","type":"post","link":"https:\/\/baraka.cc\/?p=9291","title":{"rendered":"8 MART 2023: SERMAYE KADINLARA HESAP VERECEK"},"content":{"rendered":"<p>8 Mart D\u00fcnya Emek\u00e7i Kad\u0131nlar G\u00fcn\u00fc\u2019nde 45 \u00f6rg\u00fct\u00fcn kat\u0131l\u0131m\u0131yla adan\u0131n hem kuzeyinde hem de g\u00fcneyinde y\u00fcr\u00fcy\u00fc\u015f ger\u00e7ekle\u015ftirildi.<\/p>\n<p>Kumsal Park\u2019ta ba\u015flayan eylemde &#8220;Kad\u0131nlar y\u00fcr\u00fcyor m\u00fccadele b\u00fcy\u00fcyor&#8221;, \u201cGece kul\u00fcpleri kapat\u0131ls\u0131n\u201d, \u201cPezevenk devlet istemiyoruz\u201d, \u201cTarikata Ge\u00e7it Yok\u201d, \u201cSermaye bize hesap verecek\u201d sloganlar\u0131yla Meclis\u2019e y\u00fcr\u00fcyen\u00a0\u00f6rg\u00fctler, burada ger\u00e7ekle\u015ftirdikleri bas\u0131n a\u00e7\u0131klamas\u0131n\u0131n ard\u0131ndan ara b\u00f6lgeye ge\u00e7ti. PEO ve POGO ile bulu\u015fan kortej, \u201cYeniden Birle\u015fme, E\u015fitlik Ve Dayan\u0131\u015fma \u0130\u00e7in Hep Birlikte\u201d ba\u015fl\u0131kl\u0131 bas\u0131n a\u00e7\u0131klamas\u0131n\u0131 okudu. Meclis \u00f6n\u00fcnde okunan bas\u0131n bildirisinin tam metni \u015f\u00f6yle;<\/p>\n<p><b>\u00d6zg\u00fcr ve E\u015fit Bir Ya\u015fam \u0130\u00e7in Hesapla\u015faca\u011f\u0131z!<\/b><\/p>\n<p>Depremin kad\u0131nlar\u0131, \u00e7ocuklar\u0131, emek\u00e7ileri, LGBT\u0130+\u2019lar\u0131 sosyal ve ekonomik olarak daha k\u0131r\u0131lgan hale getirdi\u011fi; ya\u015fanan do\u011fal afet hi\u00e7 de do\u011fal olmayan y\u0131k\u0131mlara yol a\u00e7t\u0131\u011f\u0131; evlatlar\u0131m\u0131z, arkada\u015flar\u0131m\u0131z, akrabalar\u0131m\u0131z bizden al\u0131nd\u0131\u011f\u0131 i\u00e7in \u00fczg\u00fcn oldu\u011fumuz kadar \u00f6fkeli de oldu\u011fumuz bu 8 Mart\u2019ta\u00a0 isyan\u0131m\u0131z\u0131 hep birlikte soka\u011fa ta\u015f\u0131yoruz!<\/p>\n<p>Biliyoruz ki ya\u015fanan bir do\u011fal afet olsa da binalar\u0131n kumdan kale gibi da\u011f\u0131ld\u0131\u011f\u0131 ve binlerce insan\u0131n hayat\u0131n\u0131 kaybetti\u011fi bu y\u0131k\u0131m; rant d\u00fczeninin devam\u0131 i\u00e7in bilimsel kriterlerin g\u00f6z ard\u0131 edildi\u011fi, insan\u0131n en biricik hakk\u0131 olan ya\u015fam hakk\u0131n\u0131n k\u00e2r h\u0131rs\u0131yla takas edildi\u011fi neoliberal siyasetlerin bir tezah\u00fcr\u00fcd\u00fcr.<\/p>\n<p>Devletin sosyal politikalar alan\u0131ndan geri \u00e7ekildi\u011fi, ekonomik krizin, dinsel gericili\u011fin, muhafazak\u00e2rla\u015ft\u0131rman\u0131n boy g\u00f6sterdi\u011fi \u00e7arp\u0131k d\u00fczen en ba\u015fta biz kad\u0131nlar\u0131, \u00e7ocuklar\u0131, emek\u00e7ileri ve LGBT\u0130+\u2019lar\u0131 hedef al\u0131yor. Bu y\u00fczden t\u0131pk\u0131 depremin yaratt\u0131\u011f\u0131 y\u0131k\u0131m gibi maruz kald\u0131\u011f\u0131m\u0131z emek s\u00f6m\u00fcr\u00fcs\u00fcn\u00fcn, ayr\u0131mc\u0131l\u0131\u011f\u0131n, e\u015fitsizliklerin ve \u015fiddetin de do\u011fal olmad\u0131\u011f\u0131n\u0131 biliyoruz.<\/p>\n<p>\u0130n\u015faat sermayesinin palazlanmas\u0131 i\u00e7in bilimden vazge\u00e7erek ya\u015famlar\u0131m\u0131z\u0131 k\u00e2r u\u011fruna riske atanlar da k\u0131r\u0131lgan kesimleri devletin sosyal deste\u011finden mahrum b\u0131rakarak gerici kesimlerin istismar\u0131na a\u00e7\u0131k hale getirenler de onlar! Sosyal hizmetler yerine Din \u0130\u015flerine b\u00fct\u00e7e ay\u0131ran, \u00e7ocuklar\u0131 koruyacak devlet mekanizmas\u0131 kurmazken tarikatlar\u0131n adam\u0131zda cirit atmas\u0131na g\u00f6z yumanlar onlar!<\/p>\n<p>Ya\u015fad\u0131\u011f\u0131m\u0131z emek s\u00f6m\u00fcr\u00fcs\u00fcn\u00fcn, ya\u015fam\u0131n her alan\u0131nda u\u011frad\u0131\u011f\u0131m\u0131z e\u015fitsizliklerin ve ayr\u0131mc\u0131l\u0131klar\u0131n, rant d\u00fczeninin aram\u0131zdan ald\u0131\u011f\u0131 canlar\u0131n, do\u011fam\u0131z\u0131 talan edip ya\u015farken bizi nefessiz b\u0131rakan neoliberal muhafazakar politikalar\u0131n hesab\u0131n\u0131 sormaya geldik! Kad\u0131nlar olarak devletten ve patronlardan alacakl\u0131y\u0131z!<\/p>\n<p>Eme\u011fimizi ve bedenimizi s\u00f6m\u00fcren, can\u0131m\u0131z\u0131 tehdit eden, toplumumuzun \u00e7a\u011fda\u015f, laik ve demokratik yap\u0131s\u0131na sald\u0131ranlara &#8220;DUR&#8221; demek i\u00e7in saflar\u0131 s\u0131kla\u015ft\u0131rmaya devam ediyoruz.<\/p>\n<p>\u00dclkemizde ya\u015fayan her bir bireyin dili, dini, etnik k\u00f6keni, cinsiyeti ya da cinsel y\u00f6nelimi dolay\u0131s\u0131yla ayr\u0131mc\u0131l\u0131\u011fa maruz kalmadan ya\u015famas\u0131n\u0131 savunan bizler, taleplerimiz ger\u00e7ekle\u015fene kadar pe\u015finizde olacak, \u00f6zg\u00fcr ve e\u015fit ya\u015famam\u0131za engel olan herkesle Hesapla\u015faca\u011f\u0131z!<\/p>\n<ul>\n<li>\u0130S\u0130AS katilleri yarg\u0131lanarak en a\u011f\u0131r cezaya \u00e7arpt\u0131r\u0131ls\u0131n!<\/li>\n<li>Olas\u0131 depreme kar\u015f\u0131 kamu binalar\u0131 ba\u015fta olmak \u00fczere t\u00fcm b\u00f6lgelerde yap\u0131 denetimi \u00f6nlemleri art\u0131r\u0131ls\u0131n! Deprem riskine kar\u015f\u0131 \u00e7ad\u0131r, ila\u00e7 ve konserve g\u0131da rezervleri olu\u015fturulsun; yurtta\u015flar\u0131n arama-kurtarma ve ilk yard\u0131m konusunda e\u011fitilmesini sa\u011flayacak \u00e7al\u0131\u015fmalar d\u00fczenlensin.<\/li>\n<li>K\u00fclliye in\u015faat\u0131 durdurulsun! K\u00fclliyeye ayr\u0131lan kaynak T\u00fcrkiye&#8217;de ya\u015fayan depremzedelerin ihtiya\u00e7lar\u0131 i\u00e7in kullan\u0131ls\u0131n!<\/li>\n<li>Din \u0130\u015fleri ve Evkaf \u0130daresine ayr\u0131lan b\u00fct\u00e7e Sosyal Hizmetlere tahsis edilsin!<\/li>\n<li>Her b\u00f6lgeye Kad\u0131n S\u0131\u011f\u0131nma Evleri ve \u015eiddet \u00d6nleme- Dan\u0131\u015fma Merkezleri a\u00e7\u0131ls\u0131n!<\/li>\n<li>2011 y\u0131l\u0131nda mevzuat\u0131m\u0131z\u0131n bir par\u00e7as\u0131 olan \u0130stanbul S\u00f6zle\u015fmesi (Avrupa Konseyi Kad\u0131na Y\u00f6nelik \u015eiddet ve Ev i\u00e7i \u015eiddetin \u00d6nlenmesi) ilgili kurumlar\u0131m\u0131z taraf\u0131ndan uygulanmas\u0131 ve Ev \u0130\u00e7i \u015eiddeti \u00d6nleme Yasas\u0131&#8217;n\u0131n mevzuata uygun \u015fekilde yasalla\u015fmas\u0131 sa\u011flans\u0131n.<\/li>\n<li>Hamile kad\u0131nlar\u0131n i\u015ften at\u0131lmas\u0131n\u0131n yasaklanmas\u0131 ba\u015fta olmak \u00fczere kad\u0131nlar\u0131n do\u011furganl\u0131k haklar\u0131 derhal g\u00fcvence alt\u0131na al\u0131ns\u0131n. Do\u011fum kontrol y\u00f6ntemlerine, smear testlerine, HPV a\u015f\u0131lar\u0131na eri\u015fim \u00fccretsiz hale getirilsin. Kamu hastanelerinde yasal s\u0131n\u0131rlarda k\u00fcrtaj hakk\u0131na ula\u015f\u0131m sa\u011flans\u0131n!<\/li>\n<li>Do\u011fum izni yerine her iki ebeveynin de d\u00f6n\u00fc\u015f\u00fcml\u00fc kullanabilece\u011fi \u015fekilde &#8220;Ebeveyn \u0130zni&#8221; yasalla\u015fs\u0131n! Hem kamu hem de \u00f6zel sekt\u00f6rde kad\u0131nlar\u0131n maruz kald\u0131\u011f\u0131 cinsiyet ayr\u0131mc\u0131l\u0131\u011f\u0131n\u0131 ortadan kald\u0131r\u0131ls\u0131n!<\/li>\n<li>\u00d6zel sekt\u00f6rde sendikala\u015fman\u0131n \u00f6n\u00fcn\u00fc a\u00e7acak d\u00fczenlemeler derhal hayata ge\u00e7irilsin!<\/li>\n<li>Kamusal kre\u015fler ve et\u00fct merkezleri yan\u0131nda nitelikli ya\u015flanmay\u0131 m\u00fcmk\u00fcn k\u0131lacak ya\u015fl\u0131 bak\u0131m merkezleri, kamusal a\u015fevleri ve \u00e7ama\u015f\u0131rhaneler a\u00e7\u0131ls\u0131n!<\/li>\n<li>\u00c7ocuk \u0130zlem Merkezleri kurulsun!<\/li>\n<li>Alo 183 \u0130hbar Hatt\u0131na altyap\u0131 kazand\u0131r\u0131ls\u0131n ve vardiyal\u0131 sisteme ge\u00e7ilsin!<\/li>\n<li>Toplumsal Cinsiyet E\u015fitli\u011fi Dairesi derhal te\u015fkilatland\u0131r\u0131ls\u0131n!<\/li>\n<li>Din \u0130\u015fleri Ba\u015fkan\u0131 Ahmet \u00dcnsal derhal g\u00f6revden al\u0131ns\u0131n, anayasal d\u00fczenimizi tehdit eden faaliyetlerinden \u00f6t\u00fcr\u00fc, kendisine verilen istisnai vatanda\u015fl\u0131k iptal edilsin!<\/li>\n<li>\u0130nsan haklar\u0131na ve toplumsal cinsiyet e\u015fitli\u011fine dair dersler m\u00fcfredata d\u00e2hil edilsin!<\/li>\n<li>M\u00fclteci ve\/veya insan ticareti ma\u011fduru olan kad\u0131nlar\u0131n, toplumda e\u015fit \u015fekilde muamele g\u00f6rmesi, temel insan haklar\u0131na eri\u015fimi, onurlu bir ya\u015fam s\u00fcrd\u00fcrebilmeleri ve ya\u015fad\u0131klar\u0131 topluma uyum sa\u011flayabilmeleri i\u00e7in yasal ve kurumsal d\u00fczenlemeler uygulamaya ge\u00e7irilsin!<\/li>\n<\/ul>\n<p>\u0130mzac\u0131 \u00d6rg\u00fctler:<\/p>\n<p>1. Anonim Gen\u00e7lik<br \/>\n2. Akova Kad\u0131nlar Derne\u011fi<br \/>\n3. Alevi K\u00fclt\u00fcr Merkezi<br \/>\n4. BAGEP<br \/>\n5. Ba\u011f\u0131ms\u0131zl\u0131k Yolu<br \/>\n6. Baraka K\u00fclt\u00fcr Merkez<br \/>\n7. Bar\u0131\u015f Derne\u011fi<br \/>\n8. Bas\u0131n Emek\u00e7ileri Sendikas\u0131<br \/>\n9. Belediye Emek\u00e7ileri Sendikas\u0131<br \/>\n10. Biyologlar Derne\u011fi<br \/>\n11. CTP Kad\u0131n \u00d6rg\u00fct\u00fc<br \/>\n12. \u00c7a\u011f-Sen<br \/>\n13. DA\u00dc-SEN<br \/>\n14. Girne D\u00fc\u015f\u00fcnce Derne\u011fi<br \/>\n15. G\u00fc\u00e7-Sen<br \/>\n16. HAKSEN<br \/>\n17. \u0130nsan Haklar\u0131 Platformu<br \/>\n18. Kad\u0131n E\u011fitimi Kolektifi<br \/>\n19. KAMUSEN<br \/>\n20. K\u0131br\u0131s Sanat\u00e7\u0131 ve Yazarlar Birli\u011fi<br \/>\n21. K\u0131br\u0131s T\u00fcrk Barolar Birli\u011fi<br \/>\n22. K\u0131br\u0131sl\u0131 T\u00fcrk \u0130nsan Haklar\u0131 Vakf\u0131<br \/>\n23. Kuir K\u0131br\u0131s Derne\u011fi<br \/>\n24. KT K\u00fct\u00fcphaneciler Derne\u011fi<br \/>\n25. KT \u00dcniversiteli Kad\u0131nlar Derne\u011fi<br \/>\n26. KTAMS<br \/>\n27. KTMMOB<br \/>\n28. KTOE\u00d6S<br \/>\n29. KT\u00d6S<br \/>\n30. KTTB<br \/>\n31. Larnaka T\u00fcrk Kad\u0131nlar Birli\u011fi<br \/>\n32. \u00d6zg\u00fcr ve Asi<br \/>\n33. Ma\u011fusa K\u00fclt\u00fcr Derne\u011fi<br \/>\n34. MAKAMER<br \/>\n35. MASDER<br \/>\n36. Mormenek\u015fe Kad\u0131nlar Birli\u011fi Derne\u011fi<br \/>\n37. M\u00fclteci Haklar\u0131 Derne\u011fi<br \/>\n38. \u00d6zg\u00fcr SanatTiyatro ve K\u00fclt\u00fcr Derne\u011fi<br \/>\n39. Polifonik Korolar Derne\u011fi<br \/>\n40. Sivil Toplum \u0130nisiyatifi Derne\u011fi<br \/>\n41. Sol Hareket<br \/>\n42. TDP<br \/>\n43. Vak\u0131flar ve Din \u0130\u015fleri Dairesi Emekliler Derne\u011fi<br \/>\n44. Yenibo\u011fazi\u00e7i Kad\u0131nlar Derne\u011fi<br \/>\n45. YKP<\/p>\n<p>Ara b\u00f6lgede yap\u0131lan bas\u0131n a\u00e7\u0131klamas\u0131n\u0131n tam metni \u015f\u00f6yle;<\/p>\n<p align=\"center\"><b>8 Mart Ortak Deklarasyonu<\/b><\/p>\n<p>Biz, K\u0131br\u0131s&#8217;\u0131n kad\u0131nlar\u0131 olarak 8 Mart D\u00fcnya Emek\u00e7i Kad\u0131nlar g\u00fcn\u00fcn\u00fc &#8220;Yeniden Birle\u015fme, E\u015fitlik ve Dayan\u0131\u015fma&#8221;\u00a0 i\u00e7in m\u00fccadele mesaj\u0131m\u0131zla kar\u015f\u0131l\u0131yoruz. Daha fazla k\u00e2r u\u011fruna insanlar\u0131n hayatlar\u0131n\u0131 kaybettikleri deprem facias\u0131n\u0131n ve tren kazas\u0131n\u0131n ya\u015fand\u0131\u011f\u0131 T\u00fcrkiye, Suriye ve Yunanistan halklar\u0131na ve depremde sevdiklerini kaybeden yurtta\u015flar\u0131m\u0131za \u00f6zel dayan\u0131\u015fma ve destek mesaj\u0131m\u0131z\u0131 g\u00f6nderiyoruz.<\/p>\n<p>1857&#8217;nin bu \u00f6nemli g\u00fcn\u00fcnde bask\u0131lara, s\u00f6m\u00fcr\u00fcye ve insanl\u0131k d\u0131\u015f\u0131 \u00e7al\u0131\u015fma ko\u015fullar\u0131na kar\u015f\u0131 direnen \u00f6nc\u00fc kad\u0131n i\u015f\u00e7ileri sayg\u0131yla an\u0131yoruz. Onlar\u0131n m\u00fccadeleleri g\u00fcncelli\u011fini koruyor; hem kad\u0131nlar\u0131n hem de LGBT\u0130+&#8217;lar\u0131n ayr\u0131mc\u0131l\u0131k ve e\u015fitsizlik olmaks\u0131z\u0131n ya\u015fayabilmesi, \u00e7al\u0131\u015fabilmesi ve yarat\u0131c\u0131 olabilmesi i\u00e7in ko\u015fullar\u0131 iyile\u015ftirmeye y\u00f6nelik her g\u00fcn verdi\u011fimiz m\u00fccadelelerimizde bize rehberlik ediyor.<\/p>\n<p>Bu y\u0131l\u0131n tablosu g\u00f6steriyor ki, h\u00e2kim k\u0131l\u0131nan neoliberal politikalarla ve sosyal devletin daralt\u0131lmas\u0131yla toplumsal e\u015fitsizlikler, yoksulluk, g\u00fcvencesizlik artm\u0131\u015f; pahal\u0131l\u0131k ve vurguncu zihniyet \u00f6zellikle savunmas\u0131z gruplar\u0131n ya\u015fam kalitesini olumsuz y\u00f6nde etkilemi\u015ftir. Ayr\u0131ca kad\u0131nlara kar\u015f\u0131 \u015fiddet ve sosyal d\u0131\u015flanma gibi olgular da giderek yayg\u0131nla\u015fmaktad\u0131r.<\/p>\n<p>&nbsp;<\/p>\n<p>Bu esnada devam eden sava\u015flar\u0131n y\u0131k\u0131c\u0131 sonu\u00e7lar\u0131 ilk \u00f6nce kad\u0131nlar\u0131 ve \u00e7ocuklar etkilemekte, binlerce insan\u0131n hayatlar\u0131n\u0131 kaybetti\u011fi, milyonlarca insan\u0131n yurtlar\u0131n\u0131 terk etmek zorunda kald\u0131\u011f\u0131 \u00e7ok olumsuz ko\u015fullar olu\u015fmaktad\u0131r.<\/p>\n<p>Yabanc\u0131 g\u00fc\u00e7lerin emperyalist planlar\u0131 sonucunda, milliyet\u00e7i \u015foven g\u00fc\u00e7lerin her iki toplumda da i\u015fledikleri su\u00e7lar\u0131n sonu\u00e7lar\u0131n\u0131 ya\u015fayan biz kad\u0131nlar, sava\u015f\u0131n ac\u0131lar\u0131n\u0131 ya\u015fayan t\u00fcm kad\u0131nlara y\u00f6nelik dayan\u0131\u015fma ve deste\u011fimizi ifade ediyoruz; uluslararas\u0131 hukukun ihlallerini k\u0131n\u0131yor ve derhal bunlara son verilmesini talep ediyoruz.<\/p>\n<p>Ayn\u0131 zamanda, yurdumuzun yeniden birle\u015fmesi i\u00e7in \u00e7\u00f6z\u00fcme ula\u015fma hedefiyle \u00fczerinde anla\u015fmaya var\u0131lm\u0131\u015f olan \u00e7er\u00e7evede anlaml\u0131 m\u00fczakerelerin yeniden ba\u015flat\u0131lmas\u0131 i\u00e7in \u00e7aba ortaya koyulmas\u0131n\u0131 talep ediyoruz. Birle\u015fmi\u015f Milletler G\u00fcvenlik Konseyi&#8217;nin ilgili kararlar\u0131nda belirtildi\u011fi \u015fekilde siyasi e\u015fitli\u011fin olaca\u011f\u0131 ve tek egemenli\u011fi, tek vatanda\u015fl\u0131\u011f\u0131 ve uluslararas\u0131 kimli\u011fi olacak bir devleti \u00f6ng\u00f6recek iki b\u00f6lgeli iki toplumlu federasyon \u00e7\u00f6z\u00fcm\u00fcn\u00fcn K\u0131br\u0131s\u2019\u0131n yeniden birle\u015fmesi i\u00e7in tek yol oldu\u011funun alt\u0131n\u0131 \u00e7iziyoruz. Var\u0131lacak \u00e7\u00f6z\u00fcm\u00fcn iki toplumun haklar\u0131na sayg\u0131 g\u00f6sterilmesini sa\u011flamas\u0131 ve K\u0131br\u0131sl\u0131lar\u0131n t\u00fcm\u00fcn\u00fcn insan haklar\u0131n\u0131 g\u00fcvence alt\u0131na almas\u0131 gerekti\u011fini yineliyoruz. Bug\u00fcn bir kez daha iki lideri, Crans Montana Konferans\u0131\u2019nda var\u0131lan yak\u0131nla\u015fmalar\u0131 ve BM Genel Sekreteri Say\u0131n Guterres\u2019in \u00c7er\u00e7evesi\u2019ni koruyarak, g\u00f6r\u00fc\u015fmelere kesintiye u\u011frad\u0131klar\u0131 yerden istek ve kararl\u0131l\u0131kla devam etmeye \u00e7a\u011f\u0131r\u0131yoruz.<\/p>\n<p>Bu vesileyle, her iki lidere de K\u0131br\u0131s sorununun \u00e7\u00f6z\u00fcm\u00fc \u00e7abas\u0131nda kad\u0131nlar\u0131n oynayabilecekleri ve oynamalar\u0131 gereken rol\u00fc hat\u0131rlat\u0131yor ve bar\u0131\u015f s\u00fcrecinin her d\u00fczeyine ve karar alma a\u015famalar\u0131na fiilen kat\u0131lmam\u0131z\u0131 ve bunun yan\u0131 s\u0131ra m\u00fczakerelere toplumsal cinsiyet boyutunun da dahil edilmesini talep ediyoruz.<\/p>\n<p>Y\u0131llard\u0131r istikrarl\u0131 bir \u015fekilde 8 Mart&#8217;\u0131 anmakta olan bizler, bar\u0131\u015f\u0131n h\u00e2kim olmas\u0131, \u00e7\u00f6z\u00fcm ve yurdumuzun yeniden birle\u015fmesi hedefine ula\u015f\u0131lmas\u0131, sosyal adalet ve e\u015fitlik i\u00e7in m\u00fccadelemizi ve ortak faaliyetlerimizi yo\u011funla\u015ft\u0131rma y\u00f6n\u00fcnde<sup>, <\/sup>t\u00fcm kad\u0131nlara \u00e7a\u011fr\u0131da bulunuyoruz.<\/p>\n<p>&nbsp;<\/p>\n<p>Akova Kad\u0131nlar Derne\u011fi<\/p>\n<p>Ba\u011f\u0131ms\u0131zl\u0131k Yolu<\/p>\n<p>Baraka K\u00fclt\u00fcr Merkezi<\/p>\n<p>Bar\u0131\u015f Derne\u011fi<\/p>\n<p>BASIN-SEN<\/p>\n<p>BES<\/p>\n<p>BKP<\/p>\n<p>CTP Kad\u0131n \u00d6rg\u00fct\u00fc<\/p>\n<p>\u00c7A\u011e-SEN<\/p>\n<p>DA\u00dc-SEN<\/p>\n<p>DEV-\u0130\u015e<\/p>\n<p>Girne D\u00fc\u015f\u00fcnce Derne\u011fi<\/p>\n<p>\u0130nsan Haklar\u0131 Platformu<\/p>\n<p>Kad\u0131n E\u011fitimi Kolektifi<\/p>\n<p>K\u0131br\u0131s Sanat\u00e7\u0131 ve Yazarlar Birli\u011fi<\/p>\n<p>K\u0131br\u0131s T\u00fcrk \u0130nsan Haklar\u0131 Vakf\u0131<\/p>\n<p>KTAMS<\/p>\n<p>KTOE\u00d6S<\/p>\n<p>KT\u00d6S<\/p>\n<p>KTTB<\/p>\n<p>Kuir K\u0131br\u0131s<\/p>\n<p>MAKAMER<\/p>\n<p>MASDER<\/p>\n<p>Mormenek\u015fe Kad\u0131nlar Birli\u011fi Derne\u011fi<\/p>\n<p>M\u00fclteci Haklar\u0131 Derne\u011fi<\/p>\n<p>\u00d6zg\u00fcr ve Asi<\/p>\n<p>Sol Hareket<\/p>\n<p>TDP<\/p>\n<p>Yenibo\u011fazi\u00e7i Kad\u0131nlar Derne\u011fi<\/p>\n<p>YKP<\/p>\n<p>&nbsp;<\/p>\n<p>&nbsp;<\/p>\n<p>&nbsp;<\/p>\n<p><a href=\"https:\/\/baraka.cc\/wp-content\/uploads\/2023\/03\/WhatsApp-Image-2023-03-08-at-20.11.56-1.jpeg\"><img decoding=\"async\" loading=\"lazy\" class=\"alignnone size-medium wp-image-9293\" alt=\"WhatsApp Image 2023-03-08 at 20.11.56 (1)\" src=\"https:\/\/baraka.cc\/wp-content\/uploads\/2023\/03\/WhatsApp-Image-2023-03-08-at-20.11.56-1-300x168.jpeg\" width=\"300\" height=\"168\" srcset=\"https:\/\/baraka.cc\/wp-content\/uploads\/2023\/03\/WhatsApp-Image-2023-03-08-at-20.11.56-1-300x168.jpeg 300w, https:\/\/baraka.cc\/wp-content\/uploads\/2023\/03\/WhatsApp-Image-2023-03-08-at-20.11.56-1-1024x576.jpeg 1024w, https:\/\/baraka.cc\/wp-content\/uploads\/2023\/03\/WhatsApp-Image-2023-03-08-at-20.11.56-1-70x40.jpeg 70w, https:\/\/baraka.cc\/wp-content\/uploads\/2023\/03\/WhatsApp-Image-2023-03-08-at-20.11.56-1.jpeg 1600w\" sizes=\"(max-width: 300px) 100vw, 300px\" \/><\/a> <a href=\"https:\/\/baraka.cc\/wp-content\/uploads\/2023\/03\/WhatsApp-Image-2023-03-08-at-20.11.56-2.jpeg\"><img decoding=\"async\" loading=\"lazy\" class=\"alignnone size-medium wp-image-9294\" alt=\"WhatsApp Image 2023-03-08 at 20.11.56 (2)\" src=\"https:\/\/baraka.cc\/wp-content\/uploads\/2023\/03\/WhatsApp-Image-2023-03-08-at-20.11.56-2-300x168.jpeg\" width=\"300\" height=\"168\" srcset=\"https:\/\/baraka.cc\/wp-content\/uploads\/2023\/03\/WhatsApp-Image-2023-03-08-at-20.11.56-2-300x168.jpeg 300w, https:\/\/baraka.cc\/wp-content\/uploads\/2023\/03\/WhatsApp-Image-2023-03-08-at-20.11.56-2-1024x576.jpeg 1024w, https:\/\/baraka.cc\/wp-content\/uploads\/2023\/03\/WhatsApp-Image-2023-03-08-at-20.11.56-2-70x40.jpeg 70w, https:\/\/baraka.cc\/wp-content\/uploads\/2023\/03\/WhatsApp-Image-2023-03-08-at-20.11.56-2.jpeg 1600w\" sizes=\"(max-width: 300px) 100vw, 300px\" \/><\/a> <a href=\"https:\/\/baraka.cc\/wp-content\/uploads\/2023\/03\/WhatsApp-Image-2023-03-08-at-20.11.56.jpeg\"><img decoding=\"async\" loading=\"lazy\" class=\"alignnone size-medium wp-image-9295\" alt=\"WhatsApp Image 2023-03-08 at 20.11.56\" src=\"https:\/\/baraka.cc\/wp-content\/uploads\/2023\/03\/WhatsApp-Image-2023-03-08-at-20.11.56-300x168.jpeg\" width=\"300\" height=\"168\" srcset=\"https:\/\/baraka.cc\/wp-content\/uploads\/2023\/03\/WhatsApp-Image-2023-03-08-at-20.11.56-300x168.jpeg 300w, https:\/\/baraka.cc\/wp-content\/uploads\/2023\/03\/WhatsApp-Image-2023-03-08-at-20.11.56-1024x576.jpeg 1024w, https:\/\/baraka.cc\/wp-content\/uploads\/2023\/03\/WhatsApp-Image-2023-03-08-at-20.11.56-70x40.jpeg 70w, https:\/\/baraka.cc\/wp-content\/uploads\/2023\/03\/WhatsApp-Image-2023-03-08-at-20.11.56.jpeg 1600w\" sizes=\"(max-width: 300px) 100vw, 300px\" \/><\/a> <a href=\"https:\/\/baraka.cc\/wp-content\/uploads\/2023\/03\/WhatsApp-Image-2023-03-08-at-20.12.35.jpeg\"><img decoding=\"async\" loading=\"lazy\" class=\"alignnone size-medium wp-image-9296\" alt=\"WhatsApp Image 2023-03-08 at 20.12.35\" src=\"https:\/\/baraka.cc\/wp-content\/uploads\/2023\/03\/WhatsApp-Image-2023-03-08-at-20.12.35-300x168.jpeg\" width=\"300\" height=\"168\" srcset=\"https:\/\/baraka.cc\/wp-content\/uploads\/2023\/03\/WhatsApp-Image-2023-03-08-at-20.12.35-300x168.jpeg 300w, https:\/\/baraka.cc\/wp-content\/uploads\/2023\/03\/WhatsApp-Image-2023-03-08-at-20.12.35-1024x576.jpeg 1024w, https:\/\/baraka.cc\/wp-content\/uploads\/2023\/03\/WhatsApp-Image-2023-03-08-at-20.12.35-70x40.jpeg 70w, https:\/\/baraka.cc\/wp-content\/uploads\/2023\/03\/WhatsApp-Image-2023-03-08-at-20.12.35.jpeg 1600w\" sizes=\"(max-width: 300px) 100vw, 300px\" \/><\/a> <a href=\"https:\/\/baraka.cc\/wp-content\/uploads\/2023\/03\/WhatsApp-Image-2023-03-08-at-20.13.21.jpeg\"><img decoding=\"async\" loading=\"lazy\" class=\"alignnone size-medium wp-image-9297\" alt=\"WhatsApp Image 2023-03-08 at 20.13.21\" src=\"https:\/\/baraka.cc\/wp-content\/uploads\/2023\/03\/WhatsApp-Image-2023-03-08-at-20.13.21-300x135.jpeg\" width=\"300\" height=\"135\" srcset=\"https:\/\/baraka.cc\/wp-content\/uploads\/2023\/03\/WhatsApp-Image-2023-03-08-at-20.13.21-300x135.jpeg 300w, https:\/\/baraka.cc\/wp-content\/uploads\/2023\/03\/WhatsApp-Image-2023-03-08-at-20.13.21-1024x461.jpeg 1024w, https:\/\/baraka.cc\/wp-content\/uploads\/2023\/03\/WhatsApp-Image-2023-03-08-at-20.13.21.jpeg 1600w\" sizes=\"(max-width: 300px) 100vw, 300px\" \/><\/a> <a href=\"https:\/\/baraka.cc\/wp-content\/uploads\/2023\/03\/WhatsApp-Image-2023-03-08-at-20.13.32.jpeg\"><img decoding=\"async\" loading=\"lazy\" class=\"alignnone size-medium wp-image-9298\" alt=\"WhatsApp Image 2023-03-08 at 20.13.32\" src=\"https:\/\/baraka.cc\/wp-content\/uploads\/2023\/03\/WhatsApp-Image-2023-03-08-at-20.13.32-300x135.jpeg\" width=\"300\" height=\"135\" srcset=\"https:\/\/baraka.cc\/wp-content\/uploads\/2023\/03\/WhatsApp-Image-2023-03-08-at-20.13.32-300x135.jpeg 300w, https:\/\/baraka.cc\/wp-content\/uploads\/2023\/03\/WhatsApp-Image-2023-03-08-at-20.13.32-1024x461.jpeg 1024w, https:\/\/baraka.cc\/wp-content\/uploads\/2023\/03\/WhatsApp-Image-2023-03-08-at-20.13.32.jpeg 1600w\" sizes=\"(max-width: 300px) 100vw, 300px\" \/><\/a> <a href=\"https:\/\/baraka.cc\/wp-content\/uploads\/2023\/03\/WhatsApp-Image-2023-03-08-at-20.13.401.jpeg\"><img decoding=\"async\" loading=\"lazy\" class=\"alignnone size-medium wp-image-9299\" alt=\"WhatsApp Image 2023-03-08 at 20.13.40\" src=\"https:\/\/baraka.cc\/wp-content\/uploads\/2023\/03\/WhatsApp-Image-2023-03-08-at-20.13.401-300x135.jpeg\" width=\"300\" height=\"135\" srcset=\"https:\/\/baraka.cc\/wp-content\/uploads\/2023\/03\/WhatsApp-Image-2023-03-08-at-20.13.401-300x135.jpeg 300w, https:\/\/baraka.cc\/wp-content\/uploads\/2023\/03\/WhatsApp-Image-2023-03-08-at-20.13.401-1024x461.jpeg 1024w, https:\/\/baraka.cc\/wp-content\/uploads\/2023\/03\/WhatsApp-Image-2023-03-08-at-20.13.401.jpeg 1600w\" sizes=\"(max-width: 300px) 100vw, 300px\" \/><\/a> <a href=\"https:\/\/baraka.cc\/wp-content\/uploads\/2023\/03\/WhatsApp-Image-2023-03-08-at-20.13.59.jpeg\"><img decoding=\"async\" loading=\"lazy\" class=\"alignnone size-medium wp-image-9300\" alt=\"WhatsApp Image 2023-03-08 at 20.13.59\" src=\"https:\/\/baraka.cc\/wp-content\/uploads\/2023\/03\/WhatsApp-Image-2023-03-08-at-20.13.59-300x135.jpeg\" width=\"300\" height=\"135\" srcset=\"https:\/\/baraka.cc\/wp-content\/uploads\/2023\/03\/WhatsApp-Image-2023-03-08-at-20.13.59-300x135.jpeg 300w, https:\/\/baraka.cc\/wp-content\/uploads\/2023\/03\/WhatsApp-Image-2023-03-08-at-20.13.59-1024x461.jpeg 1024w, https:\/\/baraka.cc\/wp-content\/uploads\/2023\/03\/WhatsApp-Image-2023-03-08-at-20.13.59.jpeg 1600w\" sizes=\"(max-width: 300px) 100vw, 300px\" \/><\/a> <a href=\"https:\/\/baraka.cc\/wp-content\/uploads\/2023\/03\/WhatsApp-Image-2023-03-08-at-20.14.13.jpeg\"><img decoding=\"async\" loading=\"lazy\" class=\"alignnone size-medium wp-image-9301\" alt=\"WhatsApp Image 2023-03-08 at 20.14.13\" src=\"https:\/\/baraka.cc\/wp-content\/uploads\/2023\/03\/WhatsApp-Image-2023-03-08-at-20.14.13-300x168.jpeg\" width=\"300\" height=\"168\" srcset=\"https:\/\/baraka.cc\/wp-content\/uploads\/2023\/03\/WhatsApp-Image-2023-03-08-at-20.14.13-300x168.jpeg 300w, https:\/\/baraka.cc\/wp-content\/uploads\/2023\/03\/WhatsApp-Image-2023-03-08-at-20.14.13-1024x576.jpeg 1024w, https:\/\/baraka.cc\/wp-content\/uploads\/2023\/03\/WhatsApp-Image-2023-03-08-at-20.14.13-70x40.jpeg 70w, https:\/\/baraka.cc\/wp-content\/uploads\/2023\/03\/WhatsApp-Image-2023-03-08-at-20.14.13.jpeg 1600w\" sizes=\"(max-width: 300px) 100vw, 300px\" \/><\/a> <a href=\"https:\/\/baraka.cc\/wp-content\/uploads\/2023\/03\/WhatsApp-Image-2023-03-08-at-20.14.24.jpeg\"><img decoding=\"async\" loading=\"lazy\" class=\"alignnone size-medium wp-image-9302\" alt=\"WhatsApp Image 2023-03-08 at 20.14.24\" src=\"https:\/\/baraka.cc\/wp-content\/uploads\/2023\/03\/WhatsApp-Image-2023-03-08-at-20.14.24-300x225.jpeg\" width=\"300\" height=\"225\" srcset=\"https:\/\/baraka.cc\/wp-content\/uploads\/2023\/03\/WhatsApp-Image-2023-03-08-at-20.14.24-300x225.jpeg 300w, https:\/\/baraka.cc\/wp-content\/uploads\/2023\/03\/WhatsApp-Image-2023-03-08-at-20.14.24-1024x768.jpeg 1024w, https:\/\/baraka.cc\/wp-content\/uploads\/2023\/03\/WhatsApp-Image-2023-03-08-at-20.14.24.jpeg 1600w\" sizes=\"(max-width: 300px) 100vw, 300px\" \/><\/a> <a href=\"https:\/\/baraka.cc\/wp-content\/uploads\/2023\/03\/WhatsApp-Image-2023-03-08-at-20.14.47.jpeg\"><img decoding=\"async\" loading=\"lazy\" class=\"alignnone size-medium wp-image-9303\" alt=\"WhatsApp Image 2023-03-08 at 20.14.47\" src=\"https:\/\/baraka.cc\/wp-content\/uploads\/2023\/03\/WhatsApp-Image-2023-03-08-at-20.14.47-300x168.jpeg\" width=\"300\" height=\"168\" srcset=\"https:\/\/baraka.cc\/wp-content\/uploads\/2023\/03\/WhatsApp-Image-2023-03-08-at-20.14.47-300x168.jpeg 300w, https:\/\/baraka.cc\/wp-content\/uploads\/2023\/03\/WhatsApp-Image-2023-03-08-at-20.14.47-1024x576.jpeg 1024w, https:\/\/baraka.cc\/wp-content\/uploads\/2023\/03\/WhatsApp-Image-2023-03-08-at-20.14.47-70x40.jpeg 70w, https:\/\/baraka.cc\/wp-content\/uploads\/2023\/03\/WhatsApp-Image-2023-03-08-at-20.14.47.jpeg 1600w\" sizes=\"(max-width: 300px) 100vw, 300px\" \/><\/a> <a href=\"https:\/\/baraka.cc\/wp-content\/uploads\/2023\/03\/WhatsApp-Image-2023-03-08-at-20.15.04.jpeg\"><img decoding=\"async\" loading=\"lazy\" class=\"alignnone size-medium wp-image-9304\" alt=\"WhatsApp Image 2023-03-08 at 20.15.04\" src=\"https:\/\/baraka.cc\/wp-content\/uploads\/2023\/03\/WhatsApp-Image-2023-03-08-at-20.15.04-300x168.jpeg\" width=\"300\" height=\"168\" srcset=\"https:\/\/baraka.cc\/wp-content\/uploads\/2023\/03\/WhatsApp-Image-2023-03-08-at-20.15.04-300x168.jpeg 300w, https:\/\/baraka.cc\/wp-content\/uploads\/2023\/03\/WhatsApp-Image-2023-03-08-at-20.15.04-1024x576.jpeg 1024w, https:\/\/baraka.cc\/wp-content\/uploads\/2023\/03\/WhatsApp-Image-2023-03-08-at-20.15.04-70x40.jpeg 70w, https:\/\/baraka.cc\/wp-content\/uploads\/2023\/03\/WhatsApp-Image-2023-03-08-at-20.15.04.jpeg 1600w\" sizes=\"(max-width: 300px) 100vw, 300px\" \/><\/a> <a href=\"https:\/\/baraka.cc\/wp-content\/uploads\/2023\/03\/WhatsApp-Image-2023-03-08-at-20.15.33.jpeg\"><img decoding=\"async\" loading=\"lazy\" class=\"alignnone size-medium wp-image-9305\" alt=\"WhatsApp Image 2023-03-08 at 20.15.33\" src=\"https:\/\/baraka.cc\/wp-content\/uploads\/2023\/03\/WhatsApp-Image-2023-03-08-at-20.15.33-300x168.jpeg\" width=\"300\" height=\"168\" srcset=\"https:\/\/baraka.cc\/wp-content\/uploads\/2023\/03\/WhatsApp-Image-2023-03-08-at-20.15.33-300x168.jpeg 300w, https:\/\/baraka.cc\/wp-content\/uploads\/2023\/03\/WhatsApp-Image-2023-03-08-at-20.15.33-1024x576.jpeg 1024w, https:\/\/baraka.cc\/wp-content\/uploads\/2023\/03\/WhatsApp-Image-2023-03-08-at-20.15.33-70x40.jpeg 70w, https:\/\/baraka.cc\/wp-content\/uploads\/2023\/03\/WhatsApp-Image-2023-03-08-at-20.15.33.jpeg 1600w\" sizes=\"(max-width: 300px) 100vw, 300px\" \/><\/a> <a href=\"https:\/\/baraka.cc\/wp-content\/uploads\/2023\/03\/WhatsApp-Image-2023-03-08-at-20.31.42.jpeg\"><img decoding=\"async\" loading=\"lazy\" class=\"alignnone size-medium wp-image-9306\" alt=\"WhatsApp Image 2023-03-08 at 20.31.42\" src=\"https:\/\/baraka.cc\/wp-content\/uploads\/2023\/03\/WhatsApp-Image-2023-03-08-at-20.31.42-300x200.jpeg\" width=\"300\" height=\"200\" srcset=\"https:\/\/baraka.cc\/wp-content\/uploads\/2023\/03\/WhatsApp-Image-2023-03-08-at-20.31.42-300x200.jpeg 300w, https:\/\/baraka.cc\/wp-content\/uploads\/2023\/03\/WhatsApp-Image-2023-03-08-at-20.31.42-1024x683.jpeg 1024w, https:\/\/baraka.cc\/wp-content\/uploads\/2023\/03\/WhatsApp-Image-2023-03-08-at-20.31.42.jpeg 1600w\" sizes=\"(max-width: 300px) 100vw, 300px\" \/><\/a><\/p>\n","protected":false},"excerpt":{"rendered":"<p>8 Mart D\u00fcnya Emek\u00e7i Kad\u0131nlar G\u00fcn\u00fc\u2019nde 45 \u00f6rg\u00fct\u00fcn kat\u0131l\u0131m\u0131yla adan\u0131n hem kuzeyinde hem de g\u00fcneyinde y\u00fcr\u00fcy\u00fc\u015f ger\u00e7ekle\u015ftirildi. Kumsal Park\u2019ta ba\u015flayan eylemde &#8220;Kad\u0131nlar y\u00fcr\u00fcyor m\u00fccadele b\u00fcy\u00fcyor&#8221;,<\/p>\n","protected":false},"author":15,"featured_media":9292,"comment_status":"open","ping_status":"open","sticky":false,"template":"","format":"standard","meta":{"jetpack_post_was_ever_published":false,"_jetpack_newsletter_access":"","_jetpack_newsletter_tier_id":0,"jetpack_publicize_message":"","jetpack_is_tweetstorm":false,"jetpack_publicize_feature_enabled":true,"jetpack_social_post_already_shared":true,"jetpack_social_options":{"image_generator_settings":{"template":"highway","enabled":false}}},"categories":[53,59,9,1],"tags":[],"jetpack_publicize_connections":[],"jetpack_featured_media_url":"https:\/\/baraka.cc\/wp-content\/uploads\/2023\/03\/WhatsApp-Image-2023-03-08-at-20.13.40.jpeg","jetpack_shortlink":"https:\/\/wp.me\/p4eHWX-2pR","jetpack_sharing_enabled":true,"_links":{"self":[{"href":"https:\/\/baraka.cc\/index.php?rest_route=\/wp\/v2\/posts\/9291"}],"collection":[{"href":"https:\/\/baraka.cc\/index.php?rest_route=\/wp\/v2\/posts"}],"about":[{"href":"https:\/\/baraka.cc\/index.php?rest_route=\/wp\/v2\/types\/post"}],"author":[{"embeddable":true,"href":"https:\/\/baraka.cc\/index.php?rest_route=\/wp\/v2\/users\/15"}],"replies":[{"embeddable":true,"href":"https:\/\/baraka.cc\/index.php?rest_route=%2Fwp%2Fv2%2Fcomments&post=9291"}],"version-history":[{"count":1,"href":"https:\/\/baraka.cc\/index.php?rest_route=\/wp\/v2\/posts\/9291\/revisions"}],"predecessor-version":[{"id":9307,"href":"https:\/\/baraka.cc\/index.php?rest_route=\/wp\/v2\/posts\/9291\/revisions\/9307"}],"wp:featuredmedia":[{"embeddable":true,"href":"https:\/\/baraka.cc\/index.php?rest_route=\/wp\/v2\/media\/9292"}],"wp:attachment":[{"href":"https:\/\/baraka.cc\/index.php?rest_route=%2Fwp%2Fv2%2Fmedia&parent=9291"}],"wp:term":[{"taxonomy":"category","embeddable":true,"href":"https:\/\/baraka.cc\/index.php?rest_route=%2Fwp%2Fv2%2Fcategories&post=9291"},{"taxonomy":"post_tag","embeddable":true,"href":"https:\/\/baraka.cc\/index.php?rest_route=%2Fwp%2Fv2%2Ftags&post=9291"}],"curies":[{"name":"wp","href":"https:\/\/api.w.org\/{rel}","templated":true}]}}