{"id":9309,"date":"2023-03-11T12:37:32","date_gmt":"2023-03-11T10:37:32","guid":{"rendered":"https:\/\/baraka.cc\/?p=9309"},"modified":"2023-03-11T12:37:32","modified_gmt":"2023-03-11T10:37:32","slug":"kervansaray-plajinin-gelistirilmesini-selamliyor-darisi-tum-kiyilara-diyoruz","status":"publish","type":"post","link":"https:\/\/baraka.cc\/?p=9309","title":{"rendered":"Kervansaray Plaj\u0131\u2019n\u0131n Geli\u015ftirilmesini Selaml\u0131yor; Dar\u0131s\u0131 T\u00fcm K\u0131y\u0131lara Diyoruz!"},"content":{"rendered":"<p>Girne Belediye Ba\u015fkan\u0131 Murat \u015eenkul\u2019un bug\u00fcn yapt\u0131\u011f\u0131 a\u00e7\u0131klamada Kervansaray Plaj\u0131\u2019n\u0131n uzun y\u0131llard\u0131r d\u00fczenleme yap\u0131lmam\u0131\u015f halde duran bat\u0131 k\u0131sm\u0131n\u0131n; yaz sezonu ile birlikte halk\u0131n kullan\u0131m\u0131na haz\u0131r hale getirilece\u011fini ve ayr\u0131ca giri\u015fe \u00fccret al\u0131nmay\u0131p \u015fezlong kullan\u0131lmas\u0131 durumunda \u00a0sadece bunun \u00fccretinin \u00f6denece\u011fini ifade etmesini selaml\u0131yoruz.<\/p>\n<p>Anayasal olmas\u0131 kadar\u00a0 me\u015fru bir hak da olan k\u0131y\u0131lara eri\u015fim hakk\u0131n\u0131n hayat bulmas\u0131na olanak sa\u011flayacak\u00a0 tek bir cm2\u2019nin d\u00fczenlenmesi dahi son derece sevindiricidir. Bu ad\u0131m\u0131 destekliyoruz ve ancak konuyla ilgili olan ba\u015fka bir noktaya da dikkat \u00e7ekmek istiyoruz.<\/p>\n<p>Girne Belediyesi\u2019nin bu ad\u0131m\u0131n\u0131n do\u011frulu\u011funu teslim ederken ve desteklerken; \u00a0\u00f6te yandan \u00f6zellikle otel sermayesinin i\u015fgalinde olan kamuya ait k\u0131y\u0131 \u015feritlerinde de Belediye\u2019nin denetim y\u00fck\u00fcml\u00fcl\u00fc\u011f\u00fcn\u00fcn bulundu\u011funu hat\u0131rlatmay\u0131 g\u00f6rev biliriz.<\/p>\n<p>Girne Belediyesi\u2019nden talebimizin otel sermayesi i\u015fgali alt\u0131ndaki bahsi ge\u00e7en k\u0131y\u0131larda; Y\u0130NE Belediye Ba\u015fkan\u0131\u2019n\u0131n ifadelerinde ge\u00e7en\u00a0 \u201cSahiller Halk\u0131nd\u0131r \u0130lkesinden\u201d \u00a0hareketle; halk\u0131n k\u0131y\u0131ya \u00fccretsiz eri\u015fim hakk\u0131n\u0131n denetlenip, kurala ba\u011flanmas\u0131d\u0131r.<\/p>\n<p>Do\u011fru ad\u0131mlar\u0131 destekledi\u011fimizi, on y\u0131l\u0131 a\u015fk\u0131nd\u0131r s\u00fcrd\u00fcrd\u00fc\u011f\u00fcm\u00fcz m\u00fccadelenin ileriye g\u00f6t\u00fcr\u00fclmesi konusunda verilecek her kavgaya omuz verece\u011fimizi belirtir; yukar\u0131da ifade etti\u011fimiz talebin de takip\u00e7isi olaca\u011f\u0131m\u0131z\u0131 bildiririz \u00e7\u00fcnk\u00fc ;<\/p>\n<p>KIYILAR HEP B\u0130RL\u0130KTE B\u0130Z\u0130M!<\/p>\n<p>&nbsp;<\/p>\n<p align=\"right\">Bele\u015fe Deniz Plajlar Halk\u0131nd\u0131r Hareketi<\/p>\n<p align=\"right\">\n<p align=\"right\"><a style=\"font-weight: 300;\" href=\"https:\/\/baraka.cc\/wp-content\/uploads\/2023\/03\/KERVANSARAY.png\"><img decoding=\"async\" loading=\"lazy\" class=\"alignnone size-medium wp-image-9310\" alt=\"KERVANSARAY\" src=\"https:\/\/baraka.cc\/wp-content\/uploads\/2023\/03\/KERVANSARAY-300x166.png\" width=\"300\" height=\"166\" srcset=\"https:\/\/baraka.cc\/wp-content\/uploads\/2023\/03\/KERVANSARAY-300x166.png 300w, https:\/\/baraka.cc\/wp-content\/uploads\/2023\/03\/KERVANSARAY-70x40.png 70w, https:\/\/baraka.cc\/wp-content\/uploads\/2023\/03\/KERVANSARAY.png 720w\" sizes=\"(max-width: 300px) 100vw, 300px\" \/><\/a><\/p>\n","protected":false},"excerpt":{"rendered":"<p>Girne Belediye Ba\u015fkan\u0131 Murat \u015eenkul\u2019un bug\u00fcn yapt\u0131\u011f\u0131 a\u00e7\u0131klamada Kervansaray Plaj\u0131\u2019n\u0131n uzun y\u0131llard\u0131r d\u00fczenleme yap\u0131lmam\u0131\u015f halde duran bat\u0131 k\u0131sm\u0131n\u0131n; yaz sezonu ile birlikte halk\u0131n kullan\u0131m\u0131na haz\u0131r<\/p>\n","protected":false},"author":15,"featured_media":9310,"comment_status":"open","ping_status":"open","sticky":false,"template":"","format":"standard","meta":{"jetpack_post_was_ever_published":false,"_jetpack_newsletter_access":"","_jetpack_newsletter_tier_id":0,"jetpack_publicize_message":"","jetpack_is_tweetstorm":false,"jetpack_publicize_feature_enabled":true,"jetpack_social_post_already_shared":true,"jetpack_social_options":{"image_generator_settings":{"template":"highway","enabled":false}}},"categories":[66,9,1],"tags":[],"jetpack_publicize_connections":[],"jetpack_featured_media_url":"https:\/\/baraka.cc\/wp-content\/uploads\/2023\/03\/KERVANSARAY.png","jetpack_shortlink":"https:\/\/wp.me\/p4eHWX-2q9","jetpack_sharing_enabled":true,"_links":{"self":[{"href":"https:\/\/baraka.cc\/index.php?rest_route=\/wp\/v2\/posts\/9309"}],"collection":[{"href":"https:\/\/baraka.cc\/index.php?rest_route=\/wp\/v2\/posts"}],"about":[{"href":"https:\/\/baraka.cc\/index.php?rest_route=\/wp\/v2\/types\/post"}],"author":[{"embeddable":true,"href":"https:\/\/baraka.cc\/index.php?rest_route=\/wp\/v2\/users\/15"}],"replies":[{"embeddable":true,"href":"https:\/\/baraka.cc\/index.php?rest_route=%2Fwp%2Fv2%2Fcomments&post=9309"}],"version-history":[{"count":1,"href":"https:\/\/baraka.cc\/index.php?rest_route=\/wp\/v2\/posts\/9309\/revisions"}],"predecessor-version":[{"id":9311,"href":"https:\/\/baraka.cc\/index.php?rest_route=\/wp\/v2\/posts\/9309\/revisions\/9311"}],"wp:featuredmedia":[{"embeddable":true,"href":"https:\/\/baraka.cc\/index.php?rest_route=\/wp\/v2\/media\/9310"}],"wp:attachment":[{"href":"https:\/\/baraka.cc\/index.php?rest_route=%2Fwp%2Fv2%2Fmedia&parent=9309"}],"wp:term":[{"taxonomy":"category","embeddable":true,"href":"https:\/\/baraka.cc\/index.php?rest_route=%2Fwp%2Fv2%2Fcategories&post=9309"},{"taxonomy":"post_tag","embeddable":true,"href":"https:\/\/baraka.cc\/index.php?rest_route=%2Fwp%2Fv2%2Ftags&post=9309"}],"curies":[{"name":"wp","href":"https:\/\/api.w.org\/{rel}","templated":true}]}}