{"id":9416,"date":"2023-05-01T07:44:56","date_gmt":"2023-05-01T05:44:56","guid":{"rendered":"https:\/\/baraka.cc\/?p=9416"},"modified":"2023-05-01T07:44:56","modified_gmt":"2023-05-01T05:44:56","slug":"sanat-ve-bilimin-isiginda-emegin-kurtulusu-devrimin-yuruyusu-icin-1-mayis","status":"publish","type":"post","link":"https:\/\/baraka.cc\/?p=9416","title":{"rendered":"&#8220;Sanat ve Bilimin I\u015f\u0131\u011f\u0131nda Eme\u011fin Kurtulu\u015fu, Devrimin Y\u00fcr\u00fcy\u00fc\u015f\u00fc&#8221; i\u00e7in 1 May\u0131s"},"content":{"rendered":"<p><span style=\"font-weight: 300;\">\u00dclkemizdeki emek\u00e7i halk ve t\u00fcm ezilen kesimler zor g\u00fcnler ge\u00e7iriyor. Emek\u00e7iler bir yandan uzun zamand\u0131r devam eden ekonomik kriz ve onun g\u00f6t\u00fcrd\u00fckleri ile ayakta kalma m\u00fccadelesi verirken, di\u011fer yandan pandemi, yang\u0131n, sel gibi felaketler ve deprem riskiyle kar\u015f\u0131 kar\u015f\u0131ya kal\u0131yorlar. Bu denli s\u0131k\u0131nt\u0131l\u0131 zamanlardan ge\u00e7ti\u011fimiz bir d\u00f6nemde ezilenlerin sesinin bir arada y\u00fckselmesine, \u00f6rg\u00fctl\u00fc g\u00fcc\u00fcn sokakta bir arada var olmas\u0131na hi\u00e7 olmad\u0131\u011f\u0131 kadar ihtiya\u00e7 duyuyoruz&#8230;<\/span><\/p>\n<p>\u0130\u00e7erisinden ge\u00e7ti\u011fimiz kapitalizmin bu neo-liberal d\u00f6neminde g\u00fcvencesizlik git gide art\u0131yor. Bu da ba\u015fta \u00f6zel sekt\u00f6r emek\u00e7ileri olmak \u00fczere, i\u015f\u00e7i, memur ay\u0131rt etmeksizin herkesi olumsuz y\u00f6nde etkiliyor. Artan d\u00f6viz ve pe\u015finden gelen zamlar, \u00f6zellikle sendikas\u0131z, d\u00fc\u015f\u00fck maa\u015fla, uzun ve esnek \u00e7al\u0131\u015fma saatlerine maruz kalan emek\u00e7ilere ayakta kalma \u015fans\u0131 tan\u0131m\u0131yor.<\/p>\n<p>Bu co\u011frafyan\u0131n ger\u00e7ekli\u011fi olan deprem riskine kar\u015f\u0131 hi\u00e7bir \u00f6nlem almayan h\u00fck\u00fcmetler, kentlerimizi adeta \u015fantiyeye d\u00f6n\u00fc\u015ft\u00fcren sermayeyi hi\u00e7bir \u015fekilde kontrol ve denetim mekanizmas\u0131na tabi tutmuyor. H\u00fck\u00fcmet eli ile te\u015fvikler, hibeler, muafiyetler ve aflarla semirtilip b\u00fcy\u00fct\u00fclen bu sermaye kesimleri doymuyor. Yak\u0131n ge\u00e7mi\u015fte ya\u015fanan salg\u0131n sonucu eve kapat\u0131lan halk, \u201cyeni normal\u201d ko\u015fullar ile soka\u011fa ad\u0131m\u0131n\u0131 atamadan evden \u00e7al\u0131\u015fmaya zorlan\u0131yor ve b\u00f6ylece mesai mevhumu g\u00f6zetmeksizin \u00e7al\u0131\u015ft\u0131r\u0131lan emek\u00e7iler, evlerini i\u015f yerlerine d\u00f6n\u00fc\u015ft\u00fcrmek zorunda kal\u0131yor.<\/p>\n<p>Gericilik ve muhafazakarla\u015ft\u0131rma politikalar\u0131 h\u0131z kesmeden s\u00fcrerken, kad\u0131na y\u00f6nelik \u015fiddet, \u00e7ocuk istismar\u0131 vakalar\u0131 son bulmuyor. Cinsiyete, cinsel y\u00f6nelime, etnik k\u00f6kene, \u0131rka y\u00f6nelik ayr\u0131mc\u0131l\u0131k art\u0131yor.<\/p>\n<p>T\u00fcm bunlar ve \u00e7ok daha fazlas\u0131na kar\u015f\u0131;<br \/>\nEmek\u00e7ilerin sendikal\u0131 ve \u00f6rg\u00fctl\u00fc m\u00fccadelesine;<br \/>\nSanat\u0131n d\u00f6n\u00fc\u015ft\u00fcr\u00fcc\u00fc g\u00fcc\u00fcne;<br \/>\nBilimin yolumuzu ayd\u0131nlatan \u0131\u015f\u0131\u011f\u0131na ihtiyac\u0131m\u0131z var. \u00c7ok iyi biliyoruz ki hi\u00e7birimiz hepimizden daha g\u00fc\u00e7l\u00fc de\u011filiz! O nedenle Naz\u0131m Usta\u2019n\u0131n da dedi\u011fi gibi;<\/p>\n<p>\u201cBeklenen g\u00fcnler, g\u00fczel g\u00fcnlerimiz ellerinizdedir,<br \/>\nhakl\u0131 g\u00fcnler, b\u00fcy\u00fck g\u00fcnler,<br \/>\ng\u00fcnd\u00fczlerinde s\u00f6m\u00fcr\u00fclmeyen, gecelerinde a\u00e7 yat\u0131lmayan,<br \/>\nekmek, g\u00fcl ve h\u00fcrriyet g\u00fcnleri.\u201d<\/p>\n<p>Bu g\u00fcnleri birlikte \u00f6rmek i\u00e7in herkesi \u201cSanat ve Bilimin I\u015f\u0131\u011f\u0131nda, Eme\u011fin Kurtulu\u015fu, Devrimin Y\u00fcr\u00fcy\u00fc\u015f\u00fcd\u00fcr\u201d diyerek 1 May\u0131s y\u00fcr\u00fcy\u00fc\u015f\u00fcm\u00fcze \u00e7a\u011f\u0131r\u0131yoruz. Bug\u00fcn saat 17.00\u2019da \u00c7a\u011flayan Park\u0131\u2019nda Baraka kortejinde bulu\u015fuyoruz. S\u00f6z\u00fcm\u00fcz\u00fc t\u00fcm g\u00fcc\u00fcm\u00fczle hayk\u0131rarak \u00f6nce Ku\u011fulu Park\u2019a, daha sonra ise ara b\u00f6lgedeki etkinli\u011fe y\u00fcr\u00fcyece\u011fimiz eylemimizde bulu\u015fal\u0131m!<\/p>\n<p>&nbsp;<\/p>\n<p><a href=\"https:\/\/baraka.cc\/wp-content\/uploads\/2023\/05\/IMG-20230430-WA00001.jpg\"><img decoding=\"async\" loading=\"lazy\" class=\"alignnone size-medium wp-image-9417\" alt=\"IMG-20230430-WA0000\" src=\"https:\/\/baraka.cc\/wp-content\/uploads\/2023\/05\/IMG-20230430-WA00001-300x199.jpg\" width=\"300\" height=\"199\" srcset=\"https:\/\/baraka.cc\/wp-content\/uploads\/2023\/05\/IMG-20230430-WA00001-300x199.jpg 300w, https:\/\/baraka.cc\/wp-content\/uploads\/2023\/05\/IMG-20230430-WA00001-1024x679.jpg 1024w, https:\/\/baraka.cc\/wp-content\/uploads\/2023\/05\/IMG-20230430-WA00001.jpg 1080w\" sizes=\"(max-width: 300px) 100vw, 300px\" \/><\/a><\/p>\n","protected":false},"excerpt":{"rendered":"<p>\u00dclkemizdeki emek\u00e7i halk ve t\u00fcm ezilen kesimler zor g\u00fcnler ge\u00e7iriyor. Emek\u00e7iler bir yandan uzun zamand\u0131r devam eden ekonomik kriz ve onun g\u00f6t\u00fcrd\u00fckleri ile ayakta kalma<\/p>\n","protected":false},"author":15,"featured_media":9417,"comment_status":"open","ping_status":"open","sticky":false,"template":"","format":"standard","meta":{"jetpack_post_was_ever_published":false,"_jetpack_newsletter_access":"","_jetpack_newsletter_tier_id":0,"jetpack_publicize_message":"","jetpack_is_tweetstorm":false,"jetpack_publicize_feature_enabled":true,"jetpack_social_post_already_shared":true,"jetpack_social_options":{"image_generator_settings":{"template":"highway","enabled":false}}},"categories":[51,41,38,9,1],"tags":[],"jetpack_publicize_connections":[],"jetpack_featured_media_url":"https:\/\/baraka.cc\/wp-content\/uploads\/2023\/05\/IMG-20230430-WA00001.jpg","jetpack_shortlink":"https:\/\/wp.me\/p4eHWX-2rS","jetpack_sharing_enabled":true,"_links":{"self":[{"href":"https:\/\/baraka.cc\/index.php?rest_route=\/wp\/v2\/posts\/9416"}],"collection":[{"href":"https:\/\/baraka.cc\/index.php?rest_route=\/wp\/v2\/posts"}],"about":[{"href":"https:\/\/baraka.cc\/index.php?rest_route=\/wp\/v2\/types\/post"}],"author":[{"embeddable":true,"href":"https:\/\/baraka.cc\/index.php?rest_route=\/wp\/v2\/users\/15"}],"replies":[{"embeddable":true,"href":"https:\/\/baraka.cc\/index.php?rest_route=%2Fwp%2Fv2%2Fcomments&post=9416"}],"version-history":[{"count":1,"href":"https:\/\/baraka.cc\/index.php?rest_route=\/wp\/v2\/posts\/9416\/revisions"}],"predecessor-version":[{"id":9418,"href":"https:\/\/baraka.cc\/index.php?rest_route=\/wp\/v2\/posts\/9416\/revisions\/9418"}],"wp:featuredmedia":[{"embeddable":true,"href":"https:\/\/baraka.cc\/index.php?rest_route=\/wp\/v2\/media\/9417"}],"wp:attachment":[{"href":"https:\/\/baraka.cc\/index.php?rest_route=%2Fwp%2Fv2%2Fmedia&parent=9416"}],"wp:term":[{"taxonomy":"category","embeddable":true,"href":"https:\/\/baraka.cc\/index.php?rest_route=%2Fwp%2Fv2%2Fcategories&post=9416"},{"taxonomy":"post_tag","embeddable":true,"href":"https:\/\/baraka.cc\/index.php?rest_route=%2Fwp%2Fv2%2Ftags&post=9416"}],"curies":[{"name":"wp","href":"https:\/\/api.w.org\/{rel}","templated":true}]}}