{"id":9437,"date":"2023-05-08T07:07:47","date_gmt":"2023-05-08T05:07:47","guid":{"rendered":"https:\/\/baraka.cc\/?p=9437"},"modified":"2023-09-14T18:29:25","modified_gmt":"2023-09-14T16:29:25","slug":"baraka-okuma-grubu-edebiyatla-ahmaklastirma-felsefeyle-cokertme-kitabini-okudu","status":"publish","type":"post","link":"https:\/\/baraka.cc\/?p=9437","title":{"rendered":"Baraka Okuma Grubu \u201cEdebiyatla Ahmakla\u015ft\u0131rma Felsefeyle \u00c7\u00f6kertme\u201d Kitab\u0131n\u0131 Okudu"},"content":{"rendered":"<p>Her Per\u015fembe toplanarak birlikte kitap okuyup sohbet eden Baraka Okuma Grubu Taylan Kara taraf\u0131ndan kaleme al\u0131nan \u201cEdebiyatla Ahmakla\u015ft\u0131rma Felsefeyle \u00c7\u00f6kertme\u201d serisinin birinci cildini okumu\u015ftu. Cilt 1 i\u00e7erisinde yer alan \u201cpost modern ele\u015ftirisi ve g\u00f6zleri k\u00f6r eden sosyoloji; anlatan de\u011fil anlatmayan felsefe, iletme, anlatma arac\u0131 olarak de\u011fil iletmeme, saklama; ak\u0131l de\u011fil ak\u0131ls\u0131zl\u0131k \u00fcretme, tarihin hi\u00e7bir d\u00f6neminde bu kadar silah olarak kullan\u0131lmam\u0131\u015f edebiyat ve piyasa edebiyat\u0131\u201d gibi ba\u015fl\u0131klar be\u011fenerek okunduktan sonra Baraka Okuma Grubu; birlikte \u00fcretti\u011fi karar ile \u201cEdebiyatla Ahmakla\u015ft\u0131rma Felsefeyle \u00c7\u00f6kertme Cilt 2\u201dye ge\u00e7mi\u015fti.<\/p>\n<p>Devam niteli\u011finde olan bu ikinci kitap; i\u00e7erisinde yer ald\u0131\u011f\u0131m\u0131z bu d\u00f6nemde edebiyatla ahmakla\u015ft\u0131rman\u0131n sadece sistematik olarak topluma dayat\u0131lan bir uygulama de\u011fil, bunun yan\u0131nda bir end\u00fcstri oldu\u011funu; ahmakla\u015ft\u0131rman\u0131n postmodernizmin deste\u011fi ile sosyal, k\u00fclt\u00fcrel ve iktisadi bir olgu olmas\u0131n\u0131; gelinen noktada bask\u0131n edebiyat\u0131n insans\u0131z ve maddesiz ele al\u0131nd\u0131\u011f\u0131n\u0131; zihinlerden kovulan bu bi\u00e7im ile de sokaktan ve ya\u015fam alanlar\u0131n\u0131n t\u00fcm\u00fcnden edebiyat\u0131n uzakla\u015ft\u0131\u011f\u0131n\u0131 \u00e7ok g\u00fczel bi\u00e7imde ifade etmektedir.<\/p>\n<p>Edebiyatla Ahmakla\u015ft\u0131rma Felsefeyle \u00c7\u00f6kertme kitab\u0131, \u201cOkumayan insan cahil kal\u0131r s\u00f6z\u00fcn\u00fcn yerini art\u0131k okuyan insan da cahil kalabilir\u201d s\u00f6z\u00fc ile \u00e7ok g\u00fczel bi\u00e7imde tamamlamaktad\u0131r. Herkesin okumas\u0131n\u0131 ve m\u00fcmk\u00fcnse \u00e7evresi tart\u0131\u015fmas\u0131n\u0131 tavsiye etti\u011fimiz bu g\u00fczel kitab\u0131n ard\u0131ndan Baraka Okuma Grubu yeni kitab\u0131n\u0131 da belirledi.<\/p>\n<p>Pa\u015falar Papazlar<\/p>\n<p><b>Niyazi K\u0131z\u0131ly\u00fcrek\u2019in kaleme ald\u0131\u011f\u0131 Khora Yay\u0131nlar\u0131ndan \u00e7\u0131kan Pa\u015falar Papazlar; K\u0131br\u0131s\u2019ta yer alan ba\u011f\u0131ml\u0131l\u0131k sarmal\u0131n\u0131 diyalektik bi\u00e7imde ele al\u0131p, K\u0131br\u0131s sorunu ve ismine K\u0131br\u0131s sorunu denilen ve ne kadar zamand\u0131r s\u00fcrd\u00fc\u011f\u00fc dahi meselenin taraflar\u0131 a\u00e7\u0131s\u0131ndan tart\u0131\u015fmal\u0131 olan bu meseleyi, t\u00fcm boyutlar\u0131 ile \u00e7ok y\u00f6nl\u00fc bir \u015fekilde ele almaktad\u0131r. Okuma Grubu K\u0131br\u0131s\u2019\u0131n yak\u0131n ge\u00e7mi\u015fine dair siyasi analiz ve felsefi derinli\u011fin yer ald\u0131\u011f\u0131 \u201cPa\u015falar Papazlar\u201d kitab\u0131na 11 May\u0131s Per\u015fembe g\u00fcn\u00fc ba\u015fl\u0131yor. Saat 18.00 \u2013 19.30 saatleri aras\u0131nda ger\u00e7ekle\u015fecek okumalar\u0131m\u0131za herkesi bekleriz.<br \/>\n<\/b><\/p>\n<p>&nbsp;<\/p>\n<p><a href=\"https:\/\/baraka.cc\/wp-content\/uploads\/2023\/05\/WhatsApp-Image-2023-05-08-at-08.04.27.jpeg\"><img decoding=\"async\" loading=\"lazy\" class=\"alignnone size-medium wp-image-9438\" alt=\"WhatsApp Image 2023-05-08 at 08.04.27\" src=\"https:\/\/baraka.cc\/wp-content\/uploads\/2023\/05\/WhatsApp-Image-2023-05-08-at-08.04.27-225x300.jpeg\" width=\"225\" height=\"300\" srcset=\"https:\/\/baraka.cc\/wp-content\/uploads\/2023\/05\/WhatsApp-Image-2023-05-08-at-08.04.27-225x300.jpeg 225w, https:\/\/baraka.cc\/wp-content\/uploads\/2023\/05\/WhatsApp-Image-2023-05-08-at-08.04.27-768x1024.jpeg 768w, https:\/\/baraka.cc\/wp-content\/uploads\/2023\/05\/WhatsApp-Image-2023-05-08-at-08.04.27.jpeg 1200w\" sizes=\"(max-width: 225px) 100vw, 225px\" \/><\/a><\/p>\n","protected":false},"excerpt":{"rendered":"<p>Her Per\u015fembe toplanarak birlikte kitap okuyup sohbet eden Baraka Okuma Grubu Taylan Kara taraf\u0131ndan kaleme al\u0131nan \u201cEdebiyatla Ahmakla\u015ft\u0131rma Felsefeyle \u00c7\u00f6kertme\u201d serisinin birinci cildini okumu\u015ftu. Cilt<\/p>\n","protected":false},"author":15,"featured_media":9438,"comment_status":"open","ping_status":"open","sticky":false,"template":"","format":"standard","meta":{"jetpack_post_was_ever_published":false,"_jetpack_newsletter_access":"","_jetpack_newsletter_tier_id":0,"jetpack_publicize_message":"","jetpack_is_tweetstorm":false,"jetpack_publicize_feature_enabled":true,"jetpack_social_post_already_shared":true,"jetpack_social_options":{"image_generator_settings":{"template":"highway","enabled":false}}},"categories":[9,31,30,1],"tags":[],"jetpack_publicize_connections":[],"jetpack_featured_media_url":"https:\/\/baraka.cc\/wp-content\/uploads\/2023\/05\/WhatsApp-Image-2023-05-08-at-08.04.27.jpeg","jetpack_shortlink":"https:\/\/wp.me\/p4eHWX-2sd","jetpack_sharing_enabled":true,"_links":{"self":[{"href":"https:\/\/baraka.cc\/index.php?rest_route=\/wp\/v2\/posts\/9437"}],"collection":[{"href":"https:\/\/baraka.cc\/index.php?rest_route=\/wp\/v2\/posts"}],"about":[{"href":"https:\/\/baraka.cc\/index.php?rest_route=\/wp\/v2\/types\/post"}],"author":[{"embeddable":true,"href":"https:\/\/baraka.cc\/index.php?rest_route=\/wp\/v2\/users\/15"}],"replies":[{"embeddable":true,"href":"https:\/\/baraka.cc\/index.php?rest_route=%2Fwp%2Fv2%2Fcomments&post=9437"}],"version-history":[{"count":1,"href":"https:\/\/baraka.cc\/index.php?rest_route=\/wp\/v2\/posts\/9437\/revisions"}],"predecessor-version":[{"id":9439,"href":"https:\/\/baraka.cc\/index.php?rest_route=\/wp\/v2\/posts\/9437\/revisions\/9439"}],"wp:featuredmedia":[{"embeddable":true,"href":"https:\/\/baraka.cc\/index.php?rest_route=\/wp\/v2\/media\/9438"}],"wp:attachment":[{"href":"https:\/\/baraka.cc\/index.php?rest_route=%2Fwp%2Fv2%2Fmedia&parent=9437"}],"wp:term":[{"taxonomy":"category","embeddable":true,"href":"https:\/\/baraka.cc\/index.php?rest_route=%2Fwp%2Fv2%2Fcategories&post=9437"},{"taxonomy":"post_tag","embeddable":true,"href":"https:\/\/baraka.cc\/index.php?rest_route=%2Fwp%2Fv2%2Ftags&post=9437"}],"curies":[{"name":"wp","href":"https:\/\/api.w.org\/{rel}","templated":true}]}}