{"id":945,"date":"2008-06-10T08:42:29","date_gmt":"2008-06-10T06:42:29","guid":{"rendered":"https:\/\/baraka.cc\/?p=945"},"modified":"2014-01-03T08:42:58","modified_gmt":"2014-01-03T06:42:58","slug":"ktoeose-destek","status":"publish","type":"post","link":"https:\/\/baraka.cc\/?p=945","title":{"rendered":"KTOE\u00d6S&#8217;e Destek"},"content":{"rendered":"<p>&nbsp;<\/p>\n<p><span style=\"font-size: 10pt; line-height: 150%; font-family: Verdana;\">\u00a0<\/span><\/p>\n<p class=\"MsoNormal\" style=\"margin: 0cm 0cm 0pt; line-height: 150%;\" align=\"justify\"><span style=\"font-size: 10pt; line-height: 150%; font-family: Verdana;\">Baraka K\u00fclt\u00fcr Merkezi, Lefke Avrupa \u00dcniversitesi\u2019nde sendikala?ma m\u00fccadelesi veren ve bu sebeple Meclis \u00f6n\u00fcnde \u00e7adyr kuran Kybrys T\u00fcrk Orta E?itim \u00d6?retmenler Sendikasy ile dayany?mak amacyyla <strong>10 Haziran Saly saat 18.00\u2019de Meclis \u00f6n\u00fcndeki \u00e7adyry ziyaret etti.<\/strong> Bu ziyarette, <span style=\"font-size: 10pt; line-height: 150%; font-family: Verdana;\">Baraka m\u00fczik toplulu?u <strong>Sol Anahtary da bir m\u00fczik dinletisi<\/strong> <strong>sundu <\/strong>ve \u00f6?retmenlerle dayany?ma dile getirildi.\u00a0<\/span><\/span><\/p>\n<p class=\"MsoNormal\" style=\"margin: 0cm 0cm 0pt; line-height: 150%;\" align=\"justify\">\n<p class=\"MsoNormal\" style=\"margin: 0cm 0cm 0pt; line-height: 150%;\" align=\"justify\"><span style=\"font-size: 10pt; line-height: 150%; font-family: Verdana;\"><span style=\"font-size: 10pt; line-height: 150%; font-family: Verdana;\"><a href=\"https:\/\/www.baraka.cc\/images\/stories\/ktoeos1.JPG\" target=\"_blank\"><img decoding=\"async\" loading=\"lazy\" alt=\" \" src=\"https:\/\/www.baraka.cc\/images\/stories\/ktoeos1.JPG\" width=\"200\" height=\"150\" border=\"2\" \/><\/a><\/span><\/span><\/p>\n","protected":false},"excerpt":{"rendered":"<p>&nbsp; \u00a0 Baraka K\u00fclt\u00fcr Merkezi, Lefke Avrupa \u00dcniversitesi\u2019nde sendikala?ma m\u00fccadelesi veren ve bu sebeple Meclis \u00f6n\u00fcnde \u00e7adyr kuran Kybrys T\u00fcrk Orta E?itim \u00d6?retmenler Sendikasy ile<\/p>\n","protected":false},"author":1,"featured_media":0,"comment_status":"open","ping_status":"open","sticky":false,"template":"","format":"standard","meta":{"jetpack_post_was_ever_published":false,"_jetpack_newsletter_access":"","_jetpack_newsletter_tier_id":0,"jetpack_publicize_message":"","jetpack_is_tweetstorm":false,"jetpack_publicize_feature_enabled":true,"jetpack_social_post_already_shared":false,"jetpack_social_options":{"image_generator_settings":{"template":"highway","enabled":false}}},"categories":[24],"tags":[],"jetpack_publicize_connections":[],"jetpack_featured_media_url":"","jetpack_shortlink":"https:\/\/wp.me\/p4eHWX-ff","jetpack_sharing_enabled":true,"_links":{"self":[{"href":"https:\/\/baraka.cc\/index.php?rest_route=\/wp\/v2\/posts\/945"}],"collection":[{"href":"https:\/\/baraka.cc\/index.php?rest_route=\/wp\/v2\/posts"}],"about":[{"href":"https:\/\/baraka.cc\/index.php?rest_route=\/wp\/v2\/types\/post"}],"author":[{"embeddable":true,"href":"https:\/\/baraka.cc\/index.php?rest_route=\/wp\/v2\/users\/1"}],"replies":[{"embeddable":true,"href":"https:\/\/baraka.cc\/index.php?rest_route=%2Fwp%2Fv2%2Fcomments&post=945"}],"version-history":[{"count":0,"href":"https:\/\/baraka.cc\/index.php?rest_route=\/wp\/v2\/posts\/945\/revisions"}],"wp:attachment":[{"href":"https:\/\/baraka.cc\/index.php?rest_route=%2Fwp%2Fv2%2Fmedia&parent=945"}],"wp:term":[{"taxonomy":"category","embeddable":true,"href":"https:\/\/baraka.cc\/index.php?rest_route=%2Fwp%2Fv2%2Fcategories&post=945"},{"taxonomy":"post_tag","embeddable":true,"href":"https:\/\/baraka.cc\/index.php?rest_route=%2Fwp%2Fv2%2Ftags&post=945"}],"curies":[{"name":"wp","href":"https:\/\/api.w.org\/{rel}","templated":true}]}}