{"id":952,"date":"2009-07-14T08:48:18","date_gmt":"2009-07-14T06:48:18","guid":{"rendered":"https:\/\/baraka.cc\/?p=952"},"modified":"2014-01-03T08:48:50","modified_gmt":"2014-01-03T06:48:50","slug":"sol-anahtary-3-geleneksel-baraka-yaz-kampynda-konser-verdi","status":"publish","type":"post","link":"https:\/\/baraka.cc\/?p=952","title":{"rendered":"Sol Anahtary 3. &#8220;Geleneksel&#8221; Baraka Yaz Kampynda konser verdi"},"content":{"rendered":"<p><span style=\"font-size: 10pt; line-height: 150%; font-family: Verdana;\"><span style=\"font-size: 10pt; line-height: 150%; font-family: Verdana;\">\u00a0<\/span><\/span><\/p>\n<p class=\"MsoNormal\" style=\"margin: 0cm 0cm 0pt; line-height: 150%; text-align: justify;\"><span style=\"font-size: 10pt; line-height: 150%; font-family: Verdana;\"><strong>\u00a0\u00a0\u00a0 <\/strong><\/span><\/p>\n<p class=\"MsoNormal\" style=\"margin: 0cm 0cm 0pt; line-height: 150%; text-align: justify;\"><span style=\"font-size: 10pt; line-height: 150%; font-family: Verdana;\">Sol Anahtary, Baraka&#8217;nyn 3. &#8220;Geleneksel&#8221; Yaz Kampy&#8217;nda, 05\/07\/2008 tarihinde, verdi?i unplug mini konserle kampa katylanlary b\u00fcy\u00fcledi. Gecede sahne alan grup elemanlary ilk kez repertuarlaryna ekledikleri par\u00e7alarla da\u00a0be?eni toplady.<\/span><span style=\"font-size: 10pt; line-height: 150%; font-family: Verdana;\">\u00a0<\/span><\/p>\n<p class=\"MsoNormal\" style=\"margin: 0cm 0cm 0pt; line-height: 150%; text-align: justify;\">\n<p class=\"MsoNormal\" style=\"margin: 0cm 0cm 0pt; line-height: 150%; text-align: justify;\"><span style=\"font-size: 10pt; line-height: 150%; font-family: Verdana;\"><a href=\"https:\/\/www.baraka.cc\/images\/stories\/3kamp_sol.JPG\" target=\"_blank\"><img decoding=\"async\" loading=\"lazy\" alt=\" \" src=\"https:\/\/www.baraka.cc\/images\/stories\/3kamp_sol.JPG\" width=\"200\" height=\"150\" border=\"2\" \/><\/a><\/span><\/p>\n","protected":false},"excerpt":{"rendered":"<p>\u00a0 \u00a0\u00a0\u00a0 Sol Anahtary, Baraka&#8217;nyn 3. &#8220;Geleneksel&#8221; Yaz Kampy&#8217;nda, 05\/07\/2008 tarihinde, verdi?i unplug mini konserle kampa katylanlary b\u00fcy\u00fcledi. Gecede sahne alan grup elemanlary ilk kez<\/p>\n","protected":false},"author":1,"featured_media":0,"comment_status":"open","ping_status":"open","sticky":false,"template":"","format":"standard","meta":{"jetpack_post_was_ever_published":false,"_jetpack_newsletter_access":"","_jetpack_newsletter_tier_id":0,"jetpack_publicize_message":"","jetpack_is_tweetstorm":false,"jetpack_publicize_feature_enabled":true,"jetpack_social_post_already_shared":false,"jetpack_social_options":{"image_generator_settings":{"template":"highway","enabled":false}}},"categories":[24],"tags":[],"jetpack_publicize_connections":[],"jetpack_featured_media_url":"","jetpack_shortlink":"https:\/\/wp.me\/p4eHWX-fm","jetpack_sharing_enabled":true,"_links":{"self":[{"href":"https:\/\/baraka.cc\/index.php?rest_route=\/wp\/v2\/posts\/952"}],"collection":[{"href":"https:\/\/baraka.cc\/index.php?rest_route=\/wp\/v2\/posts"}],"about":[{"href":"https:\/\/baraka.cc\/index.php?rest_route=\/wp\/v2\/types\/post"}],"author":[{"embeddable":true,"href":"https:\/\/baraka.cc\/index.php?rest_route=\/wp\/v2\/users\/1"}],"replies":[{"embeddable":true,"href":"https:\/\/baraka.cc\/index.php?rest_route=%2Fwp%2Fv2%2Fcomments&post=952"}],"version-history":[{"count":1,"href":"https:\/\/baraka.cc\/index.php?rest_route=\/wp\/v2\/posts\/952\/revisions"}],"predecessor-version":[{"id":953,"href":"https:\/\/baraka.cc\/index.php?rest_route=\/wp\/v2\/posts\/952\/revisions\/953"}],"wp:attachment":[{"href":"https:\/\/baraka.cc\/index.php?rest_route=%2Fwp%2Fv2%2Fmedia&parent=952"}],"wp:term":[{"taxonomy":"category","embeddable":true,"href":"https:\/\/baraka.cc\/index.php?rest_route=%2Fwp%2Fv2%2Fcategories&post=952"},{"taxonomy":"post_tag","embeddable":true,"href":"https:\/\/baraka.cc\/index.php?rest_route=%2Fwp%2Fv2%2Ftags&post=952"}],"curies":[{"name":"wp","href":"https:\/\/api.w.org\/{rel}","templated":true}]}}