{"id":9534,"date":"2023-06-09T07:57:44","date_gmt":"2023-06-09T05:57:44","guid":{"rendered":"https:\/\/baraka.cc\/?p=9534"},"modified":"2023-06-09T07:57:44","modified_gmt":"2023-06-09T05:57:44","slug":"dahiyane-bir-fikir-muzigi-yasaklayalim-mehmet-adaman","status":"publish","type":"post","link":"https:\/\/baraka.cc\/?p=9534","title":{"rendered":"Dahiyane Bir Fikir: M\u00fczi\u011fi Yasaklayal\u0131m! &#8211; Mehmet Adaman"},"content":{"rendered":"<p><b><a href=\"https:\/\/baraka.cc\/wp-content\/uploads\/2023\/06\/gezi-parki-odakli-gelismeler-4729783_4403_amp.jpg\"><img decoding=\"async\" loading=\"lazy\" class=\"alignnone size-medium wp-image-9535\" alt=\"gezi-parki-odakli-gelismeler-4729783_4403_amp\" src=\"https:\/\/baraka.cc\/wp-content\/uploads\/2023\/06\/gezi-parki-odakli-gelismeler-4729783_4403_amp-300x214.jpg\" width=\"300\" height=\"214\" srcset=\"https:\/\/baraka.cc\/wp-content\/uploads\/2023\/06\/gezi-parki-odakli-gelismeler-4729783_4403_amp-300x214.jpg 300w, https:\/\/baraka.cc\/wp-content\/uploads\/2023\/06\/gezi-parki-odakli-gelismeler-4729783_4403_amp-1024x732.jpg 1024w, https:\/\/baraka.cc\/wp-content\/uploads\/2023\/06\/gezi-parki-odakli-gelismeler-4729783_4403_amp.jpg 1200w\" sizes=\"(max-width: 300px) 100vw, 300px\" \/><\/a><\/b><\/p>\n<p>M\u00fczikle daha anne karn\u0131ndayken tan\u0131\u015f\u0131r\u0131z ve t\u00fcm ya\u015fam\u0131m\u0131z boyunca hayat\u0131m\u0131z\u0131n her an\u0131nda m\u00fczik bizimledir. Sevin\u00e7lerimizi, h\u00fcz\u00fcnlerimizi, ac\u0131lar\u0131m\u0131z\u0131, \u00f6fkelerimizi, mutluluklar\u0131m\u0131z\u0131 m\u00fczikle yo\u011fururuz. M\u00fcziksiz bir hayat d\u00fc\u015f\u00fcnmek m\u00fcmk\u00fcn de\u011fildir. M\u00fczi\u011fin olmad\u0131\u011f\u0131 bir film, m\u00fczi\u011fin olmad\u0131\u011f\u0131 bir mekan, k\u0131sacas\u0131 m\u00fczi\u011fin olmad\u0131\u011f\u0131 bir ortam tats\u0131zd\u0131r. M\u00fczik hayat\u0131n tad\u0131 tuzudur.<\/p>\n<p>E\u011flenmek i\u00e7in m\u00fczi\u011fe ihtiya\u00e7 duyar\u0131z da \u00fczg\u00fcn oldu\u011fumuzda, keyfimiz yerinde olmad\u0131\u011f\u0131nda m\u00fczi\u011fe ihtiya\u00e7 duymaz m\u0131y\u0131z? M\u00fczik salt bir e\u011flence arac\u0131 m\u0131d\u0131r? Hangimiz stres dolu bir g\u00fcn\u00fcn ard\u0131ndan dinledi\u011fimiz birka\u00e7 \u015fark\u0131 ile zihnimizi dinlendirmedik ki?<\/p>\n<p>Bazen binlerce s\u00f6zc\u00fckle yarat\u0131lamayacak bir etkiyi, tek bir sat\u0131r m\u00fczikle yaratabilirsiniz. M\u00fczi\u011fin toplumlar \u00fczerinde d\u00f6n\u00fc\u015ft\u00fcr\u00fcc\u00fc g\u00fcc\u00fc vard\u0131r. Siz en son ne zaman m\u00fcziksiz bir siyasi propaganda s\u00fcrecine \u015fahit oldunuz? Her eylemde, her direni\u015fte, her se\u00e7im s\u00fcrecinde m\u00fczi\u011fin \u00e7ok \u00f6nemli bir etkisi oldu\u011funu hepimiz kabul ederiz herhalde. Ne demi\u015f Shakespeare: <i>\u201cBir \u00fclkenin t\u00fcrk\u00fclerini yapanlar, yasalar\u0131n\u0131 yapanlardan daha g\u00fc\u00e7l\u00fcd\u00fcr.\u201d <\/i>Ezilen halklar\u0131n en \u00f6nemli g\u00fcc\u00fcd\u00fcr t\u00fcrk\u00fcler ve i\u015fte bu y\u00fczden de\u011fil midir ki egemenler en \u00e7ok m\u00fczikten korkar. Bu y\u00fczden de\u011fil midir ki tarihin nerdeyse her d\u00f6neminde egemenler s\u0131k\u0131\u015ft\u0131\u011f\u0131nda ilk ak\u0131llar\u0131na gelen m\u00fczi\u011fi susturmak olur. M\u00fczi\u011fin susturulmas\u0131 her ne sebeple olursa olsun ideolojiktir; \u00e7\u00fcnk\u00fc halk\u0131n yarar\u0131na olan her \u015feye bizi y\u00f6neten egemenlerin itiraz\u0131 vard\u0131r. Bu sebepledir ki onlar m\u00fczi\u011fi hep bir e\u011flence arac\u0131ym\u0131\u015f gibi d\u00fc\u015f\u00fcnmemizi ister ve kendileri de m\u00fczi\u011fe o \u015fekilde bakar; \u00e7\u00fcnk\u00fc m\u00fczik ancak bu anlay\u0131\u015fla onlar i\u00e7in \u201ctehlikeli\u201d olmaktan uzakla\u015fabilir. Bu \u00e7a\u011fd\u0131\u015f\u0131 anlay\u0131\u015f, tamamen halk d\u00fc\u015fman\u0131 bir zihniyetin \u00fcr\u00fcn\u00fcd\u00fcr.<\/p>\n<p>Egemenler ellerine ge\u00e7en ilk f\u0131rsatta \u201chalk\u0131 i\u00e7in\u201d m\u00fczi\u011fi yasaklar. Asl\u0131nda dertleri halk\u0131 korumak de\u011fil, kendi d\u00fczenlerini m\u00fczikten korumakt\u0131r. Ayn\u0131s\u0131n\u0131, ya\u015fad\u0131\u011f\u0131m\u0131z deprem felaketinde de g\u00f6rd\u00fck. Ba\u015f\u0131m\u0131za gelen felaket hepimizi \u00e7ok \u00fczd\u00fc. \u00c7ocuklar\u0131m\u0131z\u0131, insanlar\u0131m\u0131z\u0131 bir rant d\u00fczenine kurban ettiler. Belki bedenen de\u011fil ama ruhen hepimiz enkaz alt\u0131nda kald\u0131k. Peki bu s\u00fcre\u00e7te halk\u0131n\u0131n yan\u0131ndaym\u0131\u015f gibi g\u00f6z\u00fckmeye \u00e7al\u0131\u015fan h\u00fck\u00fcmetimizin akl\u0131na ilk ne geldi? M\u00fczi\u011fi yasaklamak! Bu \u00e7a\u011fd\u0131\u015f\u0131 bir zihniyettir. Herkes yas\u0131n\u0131 birbirinden farkl\u0131 ya\u015fayabilir ve herkesin yastan \u00e7\u0131kma yolu ayn\u0131 de\u011fildir. K\u00f6t\u00fc bir ruh halindeyken baz\u0131 insanlar m\u00fczik dinlemek istemeyebilir, bu gayet anla\u015f\u0131l\u0131r bir \u015feydir ama herkesin b\u00f6yle olmas\u0131n\u0131 istemek, \u00fcstelik de bunu yasaklayarak yapmaya \u00e7al\u0131\u015fmak olduk\u00e7a fa\u015fizan bir anlay\u0131\u015ft\u0131r. Ayr\u0131ca bir mekana gidip m\u00fczik dinlemenin, depremde hayat\u0131n\u0131 kaybedenlere sayg\u0131s\u0131zl\u0131k olaca\u011f\u0131 gibi bir d\u00fc\u015f\u00fcnce de sa\u011fl\u0131kl\u0131 bir d\u00fc\u015f\u00fcnce yap\u0131s\u0131 de\u011fildir. M\u00fczik, egemenlerin bize dayatt\u0131\u011f\u0131 gibi i\u00e7i bo\u015f, salt bir e\u011flence arac\u0131 de\u011fildir, olmamal\u0131d\u0131r. Deprem sonras\u0131nda hepimiz \u00e7ok \u00f6fkelendik. Kaybetti\u011fimiz insanlar\u0131m\u0131z\u0131n s\u0131rf m\u00fctteahhitler \u00fc\u00e7 kuru\u015f daha fazla para kazans\u0131n diye kurulan rant d\u00fczenine kurban edilmelerine duydu\u011fumuz \u00f6fkeyi neden mesela canl\u0131 m\u00fczikle ifade edemeyelim? Kimisi ac\u0131m\u0131z\u0131 anlatan karikat\u00fcrler yapt\u0131, kimisi resim yapt\u0131, kimisi \u015fark\u0131 besteledi. Sanat her zaman oldu\u011fu gibi yas halinde de halk\u0131n yan\u0131ndayd\u0131 ve halk\u0131n ac\u0131lar\u0131na merhem oldu.<\/p>\n<p>Hepimiz bu ac\u0131y\u0131 en derinden ya\u015fad\u0131k, ya\u015famaya da devam ediyoruz. Bu \u00e7arp\u0131k d\u00fczene olan \u00f6fkemizi ve insana dair ne varsa her \u015feyimizi tiyatro ile resim ile m\u00fczik ile hayk\u0131rmaya devam edece\u011fiz. Bu y\u00fczden egemenler, m\u00fczikten korkmakta \u00e7ok hakl\u0131lar.<\/p>\n<p>&nbsp;<\/p>\n","protected":false},"excerpt":{"rendered":"<p>M\u00fczikle daha anne karn\u0131ndayken tan\u0131\u015f\u0131r\u0131z ve t\u00fcm ya\u015fam\u0131m\u0131z boyunca hayat\u0131m\u0131z\u0131n her an\u0131nda m\u00fczik bizimledir. Sevin\u00e7lerimizi, h\u00fcz\u00fcnlerimizi, ac\u0131lar\u0131m\u0131z\u0131, \u00f6fkelerimizi, mutluluklar\u0131m\u0131z\u0131 m\u00fczikle yo\u011fururuz. M\u00fcziksiz bir hayat d\u00fc\u015f\u00fcnmek<\/p>\n","protected":false},"author":16,"featured_media":9536,"comment_status":"open","ping_status":"open","sticky":false,"template":"","format":"standard","meta":{"jetpack_post_was_ever_published":false,"_jetpack_newsletter_access":"","_jetpack_newsletter_tier_id":0,"jetpack_publicize_message":"","jetpack_is_tweetstorm":false,"jetpack_publicize_feature_enabled":true,"jetpack_social_post_already_shared":true,"jetpack_social_options":{"image_generator_settings":{"template":"highway","enabled":false}}},"categories":[40,67,44,41,38,9,42,1],"tags":[],"jetpack_publicize_connections":[],"jetpack_featured_media_url":"https:\/\/baraka.cc\/wp-content\/uploads\/2023\/06\/maxresdefault.jpg","jetpack_shortlink":"https:\/\/wp.me\/p4eHWX-2tM","jetpack_sharing_enabled":true,"_links":{"self":[{"href":"https:\/\/baraka.cc\/index.php?rest_route=\/wp\/v2\/posts\/9534"}],"collection":[{"href":"https:\/\/baraka.cc\/index.php?rest_route=\/wp\/v2\/posts"}],"about":[{"href":"https:\/\/baraka.cc\/index.php?rest_route=\/wp\/v2\/types\/post"}],"author":[{"embeddable":true,"href":"https:\/\/baraka.cc\/index.php?rest_route=\/wp\/v2\/users\/16"}],"replies":[{"embeddable":true,"href":"https:\/\/baraka.cc\/index.php?rest_route=%2Fwp%2Fv2%2Fcomments&post=9534"}],"version-history":[{"count":1,"href":"https:\/\/baraka.cc\/index.php?rest_route=\/wp\/v2\/posts\/9534\/revisions"}],"predecessor-version":[{"id":9537,"href":"https:\/\/baraka.cc\/index.php?rest_route=\/wp\/v2\/posts\/9534\/revisions\/9537"}],"wp:featuredmedia":[{"embeddable":true,"href":"https:\/\/baraka.cc\/index.php?rest_route=\/wp\/v2\/media\/9536"}],"wp:attachment":[{"href":"https:\/\/baraka.cc\/index.php?rest_route=%2Fwp%2Fv2%2Fmedia&parent=9534"}],"wp:term":[{"taxonomy":"category","embeddable":true,"href":"https:\/\/baraka.cc\/index.php?rest_route=%2Fwp%2Fv2%2Fcategories&post=9534"},{"taxonomy":"post_tag","embeddable":true,"href":"https:\/\/baraka.cc\/index.php?rest_route=%2Fwp%2Fv2%2Ftags&post=9534"}],"curies":[{"name":"wp","href":"https:\/\/api.w.org\/{rel}","templated":true}]}}