{"id":9541,"date":"2023-06-13T08:27:54","date_gmt":"2023-06-13T06:27:54","guid":{"rendered":"https:\/\/baraka.cc\/?p=9541"},"modified":"2023-06-13T08:27:54","modified_gmt":"2023-06-13T06:27:54","slug":"bir-direnis-hikayesi-reddediyoruz-aziz-guven","status":"publish","type":"post","link":"https:\/\/baraka.cc\/?p=9541","title":{"rendered":"Bir Direni\u015f Hik\u00e2yesi: #Reddediyoruz &#8211; Aziz G\u00fcven"},"content":{"rendered":"<p>Bellek sayfam\u0131z\u0131, takvim yapraklar\u0131n\u0131 2016 Haziran\u2019\u0131na geri getirerek \u00fclkemizde kurulmas\u0131 planlanm\u0131\u015f olan Koordinasyon Ofisi\u2019ne kar\u015f\u0131 halk\u0131n b\u00fcy\u00fck bir kesimi taraf\u0131ndan verilen \u2018reddediyoruz\u2019 m\u00fccadelesini yeniden hat\u0131rlamaya ay\u0131rd\u0131k. Ku\u015fkusuz ki s\u00fcreci t\u00fcm detaylar\u0131 ile bu sayfaya s\u0131\u011fd\u0131rabilmek m\u00fcmk\u00fcn de\u011fildir. Bu nedenle yaz\u0131da; s\u00fcrecin ge\u00e7mi\u015fine ve halk\u0131n tepkisinin nedenlerine de\u011finecek, son olarak ise reddediyoruz m\u00fccadelesinin ge\u00e7mi\u015fte verilen di\u011fer m\u00fccadelelere k\u0131yasla fark yaratt\u0131\u011f\u0131 \u00f6nemli noktalar\u0131n\u0131n alt\u0131n\u0131 \u00e7izece\u011fiz.<\/p>\n<p>\u00dclkemizde TC Gen\u00e7lik ve Spor Bakanl\u0131\u011f\u0131 Yurtd\u0131\u015f\u0131 Koordinasyon Ofisi kurulmas\u0131 amac\u0131yla kktc h\u00fck\u00fcmeti ile TC aras\u0131nda bir anla\u015fma imzalanm\u0131\u015ft\u0131. Anla\u015fmaya g\u00f6re K\u0131br\u0131s\u2019\u0131n kuzeyindeki gen\u00e7lik kamplar\u0131n\u0131n ve spor tesislerinin in\u015fas\u0131, modernizasyonu ve i\u015fletilmesinde bu ofis yetkili olacak ve kuzeydeki y\u00f6netim, ofis taraf\u0131ndan uygun g\u00f6r\u00fclen projelerin hayata ge\u00e7irilmesine engel olamayacakt\u0131. \u00dclkemizdeki gen\u00e7lik, spor ve k\u00fclt\u00fcr dairelerinin i\u015flevsizle\u015fmesine, kendi kendini y\u00f6netemez duruma d\u00fc\u015fmesine, ofis personelinin istihdam\u0131ndan tutun da ofisin ba\u015f\u0131na atanacak ki\u015finin TC h\u00fck\u00fcmetince belirlenecek olmas\u0131na, k\u0131sacas\u0131 K\u0131br\u0131sl\u0131 T\u00fcrk halk\u0131n\u0131n karar alma mekanizmalar\u0131nda s\u00f6z sahibi olamayacak olu\u015funa, ba\u015fta gen\u00e7ler olmak \u00fczere, halk\u0131n geni\u015f kesimlerince kar\u015f\u0131 \u00e7\u0131k\u0131ld\u0131.<\/p>\n<p>\u0130lk olarak 2013 y\u0131l\u0131n\u0131n sonuna do\u011fru varl\u0131\u011f\u0131ndan haberdar olunan anla\u015fma, 2014 y\u0131l\u0131nda CTP-DP d\u00f6neminde Serdar Denkta\u015f ile TC Gen\u00e7lik ve Spor Bakan\u0131 Akif \u00c7a\u011fatay K\u0131l\u0131\u00e7 aras\u0131nda imzaland\u0131ktan sonra, Bakanlar Kurulu\u2019nda onaylanm\u0131\u015f ve Meclis\u2019in bilgisine sunulmu\u015ftu. Sonras\u0131nda \u00f6neri, o d\u00f6nemde milletvekili olan Zeki \u00c7eler taraf\u0131ndan yasan\u0131n i\u00e7eri\u011fi ve usul\u00fcne y\u00f6nelik yap\u0131lan itiraz neticesinde d\u00f6nemin Ba\u015fbakan\u0131 \u00d6zkan Yorganc\u0131o\u011flu taraf\u0131ndan geri \u00e7ekildi. Anla\u015fma 2015 y\u0131l\u0131nda yeniden g\u00fcndeme geldi\u011finde, Baraka K\u00fclt\u00fcr Merkezi \u00f6nderli\u011finde, meclis \u00f6n\u00fc direni\u015f \u00e7ad\u0131rlar\u0131 kurulacak; bu direni\u015f ise halk nezdinde me\u015fru bir zemine oturacak platformun temelini atacakt\u0131r. T\u00fcm bunlar ya\u015fan\u0131rken, CTP ise her zamanki tutumu ile, s\u00fcre\u00e7ten g\u00fcnah \u00e7\u0131kartmak ad\u0131na, ayr\u0131 bir eylem \u00f6rg\u00fctlemeye \u00e7al\u0131\u015fsada, ba\u015fta kendi taban\u0131ndan olmak \u00fczere toplumdan gelen bask\u0131ya direnemeyerek platforma dahil olmak zorunda kald\u0131. Reddediyoruz Plaformunun yaratt\u0131\u011f\u0131 bask\u0131,<\/p>\n<p>TDP ve BKP\u2019nin Y\u00fcksek \u0130dare Mahkemesi\u2019ne ba\u015fvuru yapmas\u0131n\u0131 ve \u00f6nerinin Meclis g\u00fcndeminden geri \u00e7ekilmesini sa\u011flad\u0131. Son olarak anla\u015fma metni 2016 y\u0131l\u0131na gelindi\u011finde, h\u00fck\u00fcmette bulunan UBP-DP taraf\u0131ndan, usule de dikkat edilerek, \u00f6nce Meclis alt komitesine sonra da tasar\u0131 olarak Meclis g\u00fcndemine ta\u015f\u0131nd\u0131. Bu andan itibaren d\u00f6nemin Cumhurba\u015fkan\u0131 Mustafa Ak\u0131nc\u0131 taraf\u0131ndan Anayasa Mahkemesi\u2019ne havale edilen yasan\u0131n, Mahkeme taraf\u0131ndan Anayasa\u2019ya ayk\u0131r\u0131 bulunaca\u011f\u0131 g\u00fcne de\u011fin, 70\u2019i a\u015fk\u0131n sivil toplum \u00f6rg\u00fct\u00fc, sendika ve siyasi partinin bile\u015fenlerini olu\u015fturdu\u011fu Reddediyoruz Platformu \u00e7at\u0131s\u0131 alt\u0131ndaki m\u00fccadele, ivmesini daha da art\u0131racakt\u0131r. \u00a0Direnen halk, Meclis \u00f6n\u00fcnde \u00e7ad\u0131rlar kurup n\u00f6betler tutarak, sosyal medyay\u0131 aktif bir \u015fekilde kullanarak, dans\u0131ndan konserine, bisikletlerle yap\u0131lan pedal eyleminden kitlesel protesto y\u00fcr\u00fcy\u00fc\u015f\u00fcne kadar bir dizi eylemlilik s\u00fcrecini sokakta \u00f6rg\u00fctleyecektir.<\/p>\n<p>AKP taraf\u0131ndan dayat\u0131lan anla\u015fmaya kar\u015f\u0131 direnen K\u0131br\u0131sl\u0131 T\u00fcrk halk\u0131, m\u00fccadeleden zaferle \u00e7\u0131km\u0131\u015ft\u0131r. Ge\u00e7mi\u015fteki benzer m\u00fccadele \u00f6rneklerini belleklerimizde yeniden canland\u0131rd\u0131\u011f\u0131m\u0131z zaman, emeklilik ya\u015f\u0131n\u0131n art\u0131r\u0131lmas\u0131ndan kad\u0131nlar\u0131n y\u0131pranma pay\u0131n\u0131n kald\u0131r\u0131lmas\u0131na, s\u00f6zde Sosyal G\u00fcvenlik Yasas\u0131\u2019ndan G\u00f6\u00e7 Yasas\u0131\u2019na, T\u00fcrkiye\u2019den borularla su getirilmesinden daha nicelerine kar\u015f\u0131 verilen m\u00fccadelelerde yenilen halk\u0131n, Koordinasyon Ofisi\u2019ne kar\u015f\u0131 olan m\u00fccadelesinden nas\u0131l kazan\u0131mla \u00e7\u0131kt\u0131\u011f\u0131n\u0131n cevab\u0131, reddediyoruz direni\u015finin \u00f6rg\u00fctleni\u015finde kazan\u0131lan karakteristik farklarda aranmal\u0131d\u0131r. Bu farklar ise ku\u015fkusuz; m\u00fccadele boyunca kullan\u0131lan Meclis, hukuk ve medya alanlar\u0131 aras\u0131nda denge kurulmas\u0131ndan, salt bir alana dal\u0131p bo\u011fulmak yerine soka\u011f\u0131n merkeze al\u0131nmas\u0131ndan, sadece sol cenaha hitap etmek yerine Koordinasyon Ofisi ile ortaya \u00e7\u0131kacak s\u0131k\u0131nt\u0131lar\u0131n t\u00fcm K\u0131br\u0131sl\u0131 T\u00fcrkleri etkileyece\u011fini anlatarak sa\u011f g\u00f6r\u00fc\u015fl\u00fc kitlelerin de deste\u011finin al\u0131nabilmesinden, s\u00fcreci herhangi bir siyasi partinin kendi g\u00fcd\u00fcm\u00fcne almay\u0131 ba\u015faramad\u0131\u011f\u0131; tam aksine, fikirlerin sokakta rahat\u00e7a ifade edilebildi\u011fi, tepkilerin ise \u00f6zg\u00fcrce hayat bulabildi\u011fi, yarat\u0131c\u0131l\u0131kla bezenmi\u015f bir m\u00fccadele anlay\u0131\u015f\u0131ndan kaynaklanmaktad\u0131r.<\/p>\n<p>&nbsp;<\/p>\n<p><a href=\"https:\/\/baraka.cc\/wp-content\/uploads\/2023\/06\/foto-1.jpg\"><img decoding=\"async\" loading=\"lazy\" class=\"alignnone size-medium wp-image-9542\" alt=\"foto (1)\" src=\"https:\/\/baraka.cc\/wp-content\/uploads\/2023\/06\/foto-1-300x200.jpg\" width=\"300\" height=\"200\" srcset=\"https:\/\/baraka.cc\/wp-content\/uploads\/2023\/06\/foto-1-300x200.jpg 300w, https:\/\/baraka.cc\/wp-content\/uploads\/2023\/06\/foto-1-1024x682.jpg 1024w\" sizes=\"(max-width: 300px) 100vw, 300px\" \/><\/a><\/p>\n","protected":false},"excerpt":{"rendered":"<p>Bellek sayfam\u0131z\u0131, takvim yapraklar\u0131n\u0131 2016 Haziran\u2019\u0131na geri getirerek \u00fclkemizde kurulmas\u0131 planlanm\u0131\u015f olan Koordinasyon Ofisi\u2019ne kar\u015f\u0131 halk\u0131n b\u00fcy\u00fck bir kesimi taraf\u0131ndan verilen \u2018reddediyoruz\u2019 m\u00fccadelesini yeniden hat\u0131rlamaya<\/p>\n","protected":false},"author":16,"featured_media":9542,"comment_status":"open","ping_status":"open","sticky":false,"template":"","format":"standard","meta":{"jetpack_post_was_ever_published":false,"_jetpack_newsletter_access":"","_jetpack_newsletter_tier_id":0,"jetpack_publicize_message":"","jetpack_is_tweetstorm":false,"jetpack_publicize_feature_enabled":true,"jetpack_social_post_already_shared":true,"jetpack_social_options":{"image_generator_settings":{"template":"highway","enabled":false}}},"categories":[40,67,44,38,66,9,42,1],"tags":[],"jetpack_publicize_connections":[],"jetpack_featured_media_url":"https:\/\/baraka.cc\/wp-content\/uploads\/2023\/06\/foto-1.jpg","jetpack_shortlink":"https:\/\/wp.me\/p4eHWX-2tT","jetpack_sharing_enabled":true,"_links":{"self":[{"href":"https:\/\/baraka.cc\/index.php?rest_route=\/wp\/v2\/posts\/9541"}],"collection":[{"href":"https:\/\/baraka.cc\/index.php?rest_route=\/wp\/v2\/posts"}],"about":[{"href":"https:\/\/baraka.cc\/index.php?rest_route=\/wp\/v2\/types\/post"}],"author":[{"embeddable":true,"href":"https:\/\/baraka.cc\/index.php?rest_route=\/wp\/v2\/users\/16"}],"replies":[{"embeddable":true,"href":"https:\/\/baraka.cc\/index.php?rest_route=%2Fwp%2Fv2%2Fcomments&post=9541"}],"version-history":[{"count":1,"href":"https:\/\/baraka.cc\/index.php?rest_route=\/wp\/v2\/posts\/9541\/revisions"}],"predecessor-version":[{"id":9543,"href":"https:\/\/baraka.cc\/index.php?rest_route=\/wp\/v2\/posts\/9541\/revisions\/9543"}],"wp:featuredmedia":[{"embeddable":true,"href":"https:\/\/baraka.cc\/index.php?rest_route=\/wp\/v2\/media\/9542"}],"wp:attachment":[{"href":"https:\/\/baraka.cc\/index.php?rest_route=%2Fwp%2Fv2%2Fmedia&parent=9541"}],"wp:term":[{"taxonomy":"category","embeddable":true,"href":"https:\/\/baraka.cc\/index.php?rest_route=%2Fwp%2Fv2%2Fcategories&post=9541"},{"taxonomy":"post_tag","embeddable":true,"href":"https:\/\/baraka.cc\/index.php?rest_route=%2Fwp%2Fv2%2Ftags&post=9541"}],"curies":[{"name":"wp","href":"https:\/\/api.w.org\/{rel}","templated":true}]}}