{"id":9561,"date":"2023-06-19T08:39:26","date_gmt":"2023-06-19T06:39:26","guid":{"rendered":"https:\/\/baraka.cc\/?p=9561"},"modified":"2023-06-19T08:39:26","modified_gmt":"2023-06-19T06:39:26","slug":"bir-yanimiz-bahar-bahce-nazen-sansal","status":"publish","type":"post","link":"https:\/\/baraka.cc\/?p=9561","title":{"rendered":"Bir Yan\u0131m\u0131z Bahar Bah\u00e7e &#8211; Nazen \u015eansal"},"content":{"rendered":"<pre><i>Dostum, dostum g\u00fczel dostum<\/i><\/pre>\n<pre><i>Bu ne beter \u00e7izgidir bu<\/i><\/pre>\n<pre><i>Bu ne \u00e7\u0131ld\u0131rtan denge<\/i><\/pre>\n<pre><i>Yaprak d\u00f6ker bir yan\u0131m\u0131z<\/i><\/pre>\n<pre><i>Bir yan\u0131m\u0131z bahar bah\u00e7e<\/i><\/pre>\n<p><i>\u201cHasan H\u00fcseyin Korkmazgil\u201d<\/i><\/p>\n<p>Sadece bedenimizi de\u011fil ruhumuzu da \u00fc\u015f\u00fcten, adeta kan\u0131m\u0131z\u0131 donduran kederli bir k\u0131\u015f ge\u00e7ti \u00fczerimizden. Kader dediler \u00f6fkelendik; helallik istediler, hesapla\u015faca\u011f\u0131z dedik. Rant d\u00fczeninin can pazar\u0131ndan can\u0131m\u0131z \u00e7ok yanarak ge\u00e7tik. \u015eimdi ard\u0131m\u0131z r\u00fczg\u00e2r, \u00f6n\u00fcm\u00fcz bahar, bundan sonras\u0131ysa g\u00fcc\u00fcm\u00fcz\u00fc toplamaya bakar.<\/p>\n<p>\u0130nsan, hayata tutunmak ad\u0131na \u00e7e\u015fitli yollar bulur, yeni yollar a\u00e7ar; k\u00e2h kabu\u011funa \u00e7ekilir k\u00e2h kalabal\u0131\u011fa kar\u0131\u015f\u0131r; bazen yaln\u0131zl\u0131\u011f\u0131na bazen de birbirine tutunur. \u00c7o\u011fu zaman ise kendini do\u011fan\u0131n iyile\u015ftirici kuca\u011f\u0131na b\u0131rakmay\u0131 unutur. Oysa t\u00fcm insani duygular\u0131m\u0131za kar\u015f\u0131l\u0131k gelecek bir devinim vard\u0131r insan d\u0131\u015f\u0131 do\u011fada. Akdeniz\u2019in h\u0131r\u00e7\u0131n dalgalar\u0131nda hiddeti, ulu zeytin a\u011fa\u00e7lar\u0131nda \u00f6l\u00fcms\u00fczl\u00fc\u011f\u00fc, k\u0131rlarda birden peyda olan \u00e7i\u00e7eklerde \u00e7ocuksu ne\u015feyi, kurak nehir yataklar\u0131nda \u00e7aresizli\u011fi, da\u011f ba\u015flar\u0131n\u0131 saran bulutlarda sab\u0131rla demlenip bilenmeyi ve daha nicesini sunar bize bu yar\u0131m ada\u2026 \u00a0\u00a0\u00a0\u00a0\u00a0\u00a0Bahar, do\u011faya kulak vermek i\u00e7in en g\u00fczel zamand\u0131r bu co\u011frafyada.<\/p>\n<p><i>\u00d6zellikle mart ay\u0131, bahar\u0131n g\u00f6rsel \u015f\u00f6lenini hissetiriyor. Ye\u015fil doku aras\u0131ndaki, do\u011fal bitkiler, orkideler, badem \u00e7i\u00e7ekleri, rengarenk laleler, akasya, lapsana ve gavcar\u0131n yaratt\u0131\u011f\u0131 sar\u0131 g\u00f6r\u00fcnt\u00fcler, insan ruhuna tazelik veriyor&#8230;<\/i><\/p>\n<p><i>K\u0131br\u0131s\u2019taki do\u011fa hareketleri, y\u0131l\u0131n \u00f6zellikle ocak, \u015fubat, mart ve nisan aylar\u0131nda, hepimizi etkiliyor. Do\u011fu Akdeniz\u2019de ve K\u0131br\u0131s adas\u0131nda ya\u015faman\u0131n ayr\u0131cal\u0131\u011f\u0131n\u0131 hissetmek i\u00e7in, ya\u011fan ya\u011fmurlardan sonra do\u011fadaki kabuk de\u011fi\u015fimini ve bu renk c\u00fcmb\u00fc\u015f\u00fcn\u00fc izlemek yeterlidir. Aran\u0131lan ruhsal huzur ve ya\u015fam\u0131n ger\u00e7ek tad\u0131 buradad\u0131r. <\/i><i>K\u0131br\u0131s adas\u0131n\u0131n en do\u011fusundaki Karpaz Yar\u0131madas\u0131\u2019ndan ba\u015flay\u0131p, Girne S\u0131rada\u011flar\u0131-Alevkayas\u0131\u2019ndan ge\u00e7ip, kuzey bat\u0131daki Akdeniz k\u00f6y\u00fc ve Kalkanl\u0131 An\u0131t Zeytin a\u011fa\u00e7lar\u0131 b\u00f6lgesine kadar uzanan y\u00fcr\u00fcy\u00fc\u015f yollar\u0131 do\u011faseverlere e\u015fsiz g\u00fczellikler sunuyor. (<\/i><i>Hasan Karl\u0131ta\u015f, K\u0131br\u0131s\u2019\u0131n en renkli zaman\u0131: Mart ve bahar\u0131n geli\u015fi)<\/i><\/p>\n<p>Hani zaman zaman D\u00fcnya Mutluluk Endeksi a\u00e7\u0131klan\u0131r da en \u00fcst s\u0131ralarda genelde Finlandiya olmak \u00fczere \u0130skandinav \u00fclkelerini g\u00f6r\u00fcr\u00fcz ya, bunun elbette sosyoekonomik sebepleri, e\u011fitim seviyesi (diploma de\u011fil), refah d\u00fczeyi, sosyal devlete duyulan g\u00fcven ile yak\u0131ndan ili\u015fkisi var. Ve bizim \u00fclkemizde bu ko\u015fullar\u0131n olu\u015fmas\u0131 ve hatta a\u015f\u0131lmas\u0131 i\u00e7in daha \u00e7ok m\u00fccadele etmemiz gerekiyor. Bununla beraber, insanlar\u0131n minimal ve do\u011fayla b\u00fct\u00fcnle\u015fik ya\u015fam bi\u00e7iminin, gerek \u015fehirlerdeki ye\u015fil alanlar\u0131 gerekse \u015fehir d\u0131\u015f\u0131ndaki do\u011fal parklar\u0131 hayatlar\u0131n\u0131n s\u00fcrekli bir par\u00e7as\u0131 haline getirmelerinin huzur ve mutluluk \u00fczerinde \u00f6nemli bir etkisi oldu\u011fu biliniyor. Ve m\u00fccadeleyi uzun soluklu s\u00fcrd\u00fcrebilmek i\u00e7in de bu gibi pozitif duygularla \u015farj olmam\u0131z gerekiyor.<\/p>\n<p>Kentlerimizde yeterince ye\u015fil alan bulamasak da do\u011faya \u00e7\u0131k\u0131p, \u00f6zellikle yaz s\u0131caklar\u0131 bast\u0131rmadan, y\u00fcr\u00fcy\u00fc\u015fler yapman\u0131n tam zaman\u0131. Bunu kendi imk\u00e2nlar\u0131n\u0131zla yapabilece\u011finiz gibi do\u011fa y\u00fcr\u00fcy\u00fc\u015fleri yapan dernek ve gruplara da kat\u0131labilir, onlar\u0131n rehberli\u011finden ve birlikteli\u011fin keyfinden istifade edebilirsiniz.<\/p>\n<p>Be\u015fparmak da\u011flar\u0131nda veya bir deniz kenar\u0131nda, y\u00fcz\u00fcn\u00fcze hafif bir meltem eserken y\u00fcklerinizden hafifleyebilir, bir a\u011fa\u00e7 g\u00f6vdesine yaslan\u0131p topra\u011fa k\u00f6klenerek bu topraklarda var olman\u0131n yollar\u0131n\u0131 d\u00fc\u015f\u00fcnebilirsiniz. Avc\u0131l\u0131k ve kurakl\u0131k sebebiyle tehlike alt\u0131nda olsalar da \u00fclkemizde y\u00fczlerce \u00e7e\u015fidi bulunan ku\u015flar\u0131 seyredip sulak alanlar\u0131n rant\u00e7\u0131lar kar\u015f\u0131s\u0131nda korunmas\u0131n\u0131n \u00f6nemini idrak edebilirsiniz.<\/p>\n<p>Kom\u00fcn\u00fcn ihtiya\u00e7lar\u0131 i\u00e7in yard\u0131mla\u015farak \u00e7al\u0131\u015fmaktan usanmayan kar\u0131ncalar\u0131, dans ederek sistematik bir \u015fekilde haberle\u015febilen ar\u0131lar\u0131 g\u00f6zlemleyip kendi ya\u015fam\u0131n\u0131zdaki bireysellikle mukayese edebilirsiniz. Bir \u00f6rg\u00fctl\u00fcl\u00fc\u011f\u00fcn par\u00e7as\u0131 olman\u0131n tamamlay\u0131c\u0131l\u0131\u011f\u0131n\u0131 bu hayvanlardan \u00f6rnek alabilirsiniz.<\/p>\n<p>Sahi, en son ne zaman yapt\u0131\u011f\u0131n\u0131z i\u015fe yabanc\u0131la\u015fmadan keyifle bir \u015feyler \u00fcrettiniz? En son ne zaman bedeninizi \u00f6zg\u00fcr b\u0131rak\u0131p dostlar\u0131n\u0131zla dans ettiniz? Evet, insanl\u0131k d\u0131\u015f\u0131 asgari \u00fccret, g\u00fcvencesiz \u00e7al\u0131\u015fma ko\u015fullar\u0131, g\u00fcvensiz hissetti\u011fimiz bir devlet&#8230; Birileri daha zengin olurken, emek\u00e7iler i\u00e7in her ge\u00e7en g\u00fcn ya\u015fam\u0131n daha da g\u00fc\u00e7le\u015fmesi demek. Hepsi do\u011fru ve ger\u00e7ek ve bu adaletsizlikler kar\u015f\u0131s\u0131nda m\u00fccadele edecek \u00f6rg\u00fctl\u00fcl\u00fck gerek. M\u00fccadeleye enerjimiz, birbirimize bula\u015ft\u0131racak ne\u015femiz, yeni ve yarat\u0131c\u0131 d\u00fc\u015f\u00fcncelerimiz i\u00e7in de en g\u00fczeli baharda uyanan do\u011fadan beslenmek.<\/p>\n<p>Ataol\u00a0 Behramo\u011flu\u2019nun dedi\u011fi gibi:<\/p>\n<p><i>Bu sabah mutlulu\u011fa a\u00e7 pencereni<br \/>\nBir g\u00fczel ar\u0131n d\u00fcnk\u00fc kederinden<br \/>\nBahar geldi, bahar geldi g\u00fcne\u015fin do\u011fdu\u011fu yerden&#8230;<\/i><\/p>\n<p><i><\/i><strong>Sevmek tan\u0131makla ba\u015flar; tan\u0131yal\u0131m, koruyal\u0131m.<\/strong><\/p>\n<p>K\u0131br\u0131s\u2019ta sonbahar ve k\u0131\u015f d\u00f6nemi bitkileri, yerini hemen bahar bitkilerine b\u0131rak\u0131r. Mart ve nisanda da\u011fl\u0131k b\u00f6lgelerde farkl\u0131 renk ve t\u00fcrdeki da\u011f laleleri ve zambaklar a\u00e7maya ba\u015flar. D\u00fczl\u00fck arazilerde ise efsanelerin \u00e7i\u00e7e\u011fi nergise s\u0131k\u00e7a rastlan\u0131r. Nergis \u00e7i\u00e7e\u011fi, yok olma tehdidi alt\u0131nda olup Floran\u0131n Korunmas\u0131 Emirnamesi ile koruma alt\u0131ndad\u0131r; toplanmas\u0131 ve sat\u0131\u015f\u0131 yasakt\u0131r.<\/p>\n<p><strong>Nergis efsanesi<\/strong><\/p>\n<p>Sesi de kendi de \u00e7ok g\u00fczel bir peri k\u0131z\u0131 olan\u00a0Ekho, Narkissos ad\u0131ndaki bir avc\u0131ya ilk g\u00f6r\u00fc\u015fte \u00e2\u015f\u0131k olur. Ancak kendini be\u011fenmi\u015f Narkissos bu sevgiye kar\u015f\u0131l\u0131k vermez. Ekho, kara sevda ile i\u00e7ine kapanarak \u00f6l\u00fcr. Kemikleri kayalara, sesi ise bu kayalardaki yank\u0131ya (ekoya) d\u00f6n\u00fc\u015f\u00fcr. Tanr\u0131lar bu duruma \u00e7ok k\u0131zar ve Narkissos&#8217;u cezaland\u0131rmaya karar verir. G\u00fcnlerden bir g\u00fcn av izindeki Narkissos susam\u0131\u015f ve bitkin bir \u015fekilde bir nehir kenar\u0131na gelir. Buradan su i\u00e7mek i\u00e7in e\u011fildi\u011finde, sudan yans\u0131yan kendi y\u00fcz\u00fcn\u00fc g\u00f6r\u00fcr ve kendine \u00e2\u015f\u0131k olur. Narkissos orac\u0131kta kalakal\u0131r, g\u00fcnden g\u00fcne erimeye ba\u015flar ve sadece kendini seyrederek \u00f6mr\u00fcn\u00fc t\u00fcketir. \u00d6ld\u00fckten sonra v\u00fccudu\u00a0nergis\u00a0\u00e7i\u00e7eklerine d\u00f6n\u00fc\u015f\u00fcr. O g\u00fcnden beri nergis \u00e7i\u00e7ekleri, d\u00fcnyada kibirin yok olmas\u0131 i\u00e7in a\u00e7ar durur.<\/p>\n<p>&nbsp;<\/p>\n<p><a href=\"https:\/\/baraka.cc\/wp-content\/uploads\/2023\/06\/nazen-g\u00f6rsel-11.jpg\"><img decoding=\"async\" loading=\"lazy\" class=\"alignnone size-medium wp-image-9563\" alt=\"nazen g\u00f6rsel 1\" src=\"https:\/\/baraka.cc\/wp-content\/uploads\/2023\/06\/nazen-g\u00f6rsel-11-300x143.jpg\" width=\"300\" height=\"143\" srcset=\"https:\/\/baraka.cc\/wp-content\/uploads\/2023\/06\/nazen-g\u00f6rsel-11-300x143.jpg 300w, https:\/\/baraka.cc\/wp-content\/uploads\/2023\/06\/nazen-g\u00f6rsel-11-630x300.jpg 630w, https:\/\/baraka.cc\/wp-content\/uploads\/2023\/06\/nazen-g\u00f6rsel-11.jpg 702w\" sizes=\"(max-width: 300px) 100vw, 300px\" \/><\/a><a href=\"https:\/\/baraka.cc\/wp-content\/uploads\/2023\/06\/nazen-g\u00f6rsel-21.jpg\"><img decoding=\"async\" loading=\"lazy\" class=\"alignnone size-medium wp-image-9562\" alt=\"nazen g\u00f6rsel 2\" src=\"https:\/\/baraka.cc\/wp-content\/uploads\/2023\/06\/nazen-g\u00f6rsel-21-300x182.jpg\" width=\"300\" height=\"182\" srcset=\"https:\/\/baraka.cc\/wp-content\/uploads\/2023\/06\/nazen-g\u00f6rsel-21-300x182.jpg 300w, https:\/\/baraka.cc\/wp-content\/uploads\/2023\/06\/nazen-g\u00f6rsel-21.jpg 656w\" sizes=\"(max-width: 300px) 100vw, 300px\" \/><\/a><\/p>\n<p>&nbsp;<\/p>\n","protected":false},"excerpt":{"rendered":"<p>Dostum, dostum g\u00fczel dostum Bu ne beter \u00e7izgidir bu Bu ne \u00e7\u0131ld\u0131rtan denge Yaprak d\u00f6ker bir yan\u0131m\u0131z Bir yan\u0131m\u0131z bahar bah\u00e7e \u201cHasan H\u00fcseyin Korkmazgil\u201d Sadece<\/p>\n","protected":false},"author":16,"featured_media":9563,"comment_status":"open","ping_status":"open","sticky":false,"template":"","format":"standard","meta":{"jetpack_post_was_ever_published":false,"_jetpack_newsletter_access":"","_jetpack_newsletter_tier_id":0,"jetpack_publicize_message":"","jetpack_is_tweetstorm":false,"jetpack_publicize_feature_enabled":true,"jetpack_social_post_already_shared":true,"jetpack_social_options":{"image_generator_settings":{"template":"highway","enabled":false}}},"categories":[40,67,44,38,9,42,1],"tags":[],"jetpack_publicize_connections":[],"jetpack_featured_media_url":"https:\/\/baraka.cc\/wp-content\/uploads\/2023\/06\/nazen-g\u00f6rsel-11.jpg","jetpack_shortlink":"https:\/\/wp.me\/p4eHWX-2ud","jetpack_sharing_enabled":true,"_links":{"self":[{"href":"https:\/\/baraka.cc\/index.php?rest_route=\/wp\/v2\/posts\/9561"}],"collection":[{"href":"https:\/\/baraka.cc\/index.php?rest_route=\/wp\/v2\/posts"}],"about":[{"href":"https:\/\/baraka.cc\/index.php?rest_route=\/wp\/v2\/types\/post"}],"author":[{"embeddable":true,"href":"https:\/\/baraka.cc\/index.php?rest_route=\/wp\/v2\/users\/16"}],"replies":[{"embeddable":true,"href":"https:\/\/baraka.cc\/index.php?rest_route=%2Fwp%2Fv2%2Fcomments&post=9561"}],"version-history":[{"count":1,"href":"https:\/\/baraka.cc\/index.php?rest_route=\/wp\/v2\/posts\/9561\/revisions"}],"predecessor-version":[{"id":9564,"href":"https:\/\/baraka.cc\/index.php?rest_route=\/wp\/v2\/posts\/9561\/revisions\/9564"}],"wp:featuredmedia":[{"embeddable":true,"href":"https:\/\/baraka.cc\/index.php?rest_route=\/wp\/v2\/media\/9563"}],"wp:attachment":[{"href":"https:\/\/baraka.cc\/index.php?rest_route=%2Fwp%2Fv2%2Fmedia&parent=9561"}],"wp:term":[{"taxonomy":"category","embeddable":true,"href":"https:\/\/baraka.cc\/index.php?rest_route=%2Fwp%2Fv2%2Fcategories&post=9561"},{"taxonomy":"post_tag","embeddable":true,"href":"https:\/\/baraka.cc\/index.php?rest_route=%2Fwp%2Fv2%2Ftags&post=9561"}],"curies":[{"name":"wp","href":"https:\/\/api.w.org\/{rel}","templated":true}]}}