{"id":9566,"date":"2023-06-22T08:49:11","date_gmt":"2023-06-22T06:49:11","guid":{"rendered":"https:\/\/baraka.cc\/?p=9566"},"modified":"2023-09-14T18:24:16","modified_gmt":"2023-09-14T16:24:16","slug":"baraka-kultur-merkezi-25-haziran-ara-seciminde-bagimsizlik-yolu-adayi-umut-ersoyu-destekleme-karari-aldi","status":"publish","type":"post","link":"https:\/\/baraka.cc\/?p=9566","title":{"rendered":"Baraka K\u00fclt\u00fcr Merkezi 25 Haziran Ara Se\u00e7imi\u2019nde Ba\u011f\u0131ms\u0131zl\u0131k Yolu Aday\u0131 Umut Ersoy\u2019u Destekleme Karar\u0131 Ald\u0131"},"content":{"rendered":"<p>Adam\u0131z\u0131n kuzeyinde ekonomik s\u0131k\u0131nt\u0131lar ya\u015fad\u0131\u011f\u0131m\u0131z, gerici politikalara ve k\u00fclt\u00fcrel asimilasyonlara maruz kald\u0131\u011f\u0131m\u0131z, emek\u00e7ilerin a\u011f\u0131r ko\u015fullarda \u00e7al\u0131\u015ft\u0131\u011f\u0131 ve yaz s\u0131caklar\u0131n\u0131 derinden hissetmeye ba\u015flad\u0131\u011f\u0131m\u0131z bug\u00fcnlerde bir se\u00e7im g\u00fcndemiyle kar\u015f\u0131 kar\u015f\u0131yay\u0131z. Ge\u00e7ti\u011fimiz y\u0131l meclisteki muhalefet partilerine meclis d\u0131\u015f\u0131ndaki baz\u0131 \u00f6rg\u00fctler taraf\u0131ndan sine-i millet \u00e7a\u011fr\u0131lar\u0131 yap\u0131lm\u0131\u015f ve Halk\u0131n Partisi vekili Kudret \u00d6zersay \u201cmillete d\u00f6nme\u201d karar\u0131 alm\u0131\u015ft\u0131 ve mecliste bir koltuk bo\u015falm\u0131\u015ft\u0131.\u00a0 Yakla\u015f\u0131k bir ay \u00f6nce mecliste bo\u015falan bir vekillik yer i\u00e7in b\u00fcy\u00fck maliyetler do\u011furan, i\u00e7inde bulundu\u011fumuz bu se\u00e7im s\u00fcrecine girmi\u015f bulunduk.<\/p>\n<p>Mevcut rejime kar\u015f\u0131 f\u0131rsat buldu\u011fumuz her alanda egemenlere kar\u015f\u0131 m\u00fccadele y\u00fcr\u00fctmemiz gerekirken sine-i millet \u00e7a\u011fr\u0131lar\u0131 yapmak ve bu \u00e7a\u011fr\u0131lara uymak vicdani bir rahatl\u0131k ve kendini temize \u00e7ekmek anlam\u0131na gelmekteydi. Bug\u00fcn ise o \u00e7a\u011fr\u0131lar\u0131 yapanlar mecliste bo\u015falan koltu\u011fa oturmak i\u00e7in yar\u0131\u015fmaktalar ve sine-i milleti unutmu\u015f durumdalar. Emekten yana hi\u00e7bir derdi olmayan bu partiler ve yap\u0131lar sokaktaki m\u00fccadeleyi b\u0131rakm\u0131\u015flar ve meclise y\u00f6nelmi\u015flerdi. Art\u0131k anl\u0131yoruz ki mecliste de var olup olmamalar\u0131 vicdani kararlar\u0131na ba\u011fl\u0131 kalm\u0131\u015f g\u00f6z\u00fck\u00fcyor.<\/p>\n<p>Biz Baraka K\u00fclt\u00fcr Merkezi olarak 25 Haziran Pazar g\u00fcn\u00fc yap\u0131lacak olan Ara Se\u00e7im\u2019de patron milletvekili adaylar\u0131na kar\u015f\u0131, y\u0131llard\u0131r sokakta birlikte omuz omuza m\u00fccadele etti\u011fimiz ve mecliste sermayenin sesi de\u011fil eme\u011fin sesi olabilecek emek\u00e7inin partisi Ba\u011f\u0131ms\u0131zl\u0131k Yolu\u2019nun milletvekili aday\u0131 ve ayn\u0131 zamanda bir tiyatro emek\u00e7isi olan Umut Ersoy\u2019u destekliyoruz. \u00c7\u00fcnk\u00fc Ba\u011f\u0131ms\u0131zl\u0131k Yolu; asgari \u00fccretin en d\u00fc\u015f\u00fck kamu maa\u015f\u0131na endekslenmesini, \u00f6zel sekt\u00f6rde sendikas\u0131z \u00e7al\u0131\u015fman\u0131n yasaklanmas\u0131n\u0131, sanat\u0131n hayat\u0131n her alan\u0131na girmesini ve \u00f6zerk sanat kurumunun olu\u015fturulmas\u0131n\u0131, aksan\u0131n kamula\u015ft\u0131r\u0131lmas\u0131n\u0131, K\u0131br\u0131s sorununu \u00e7\u00f6zmek i\u00e7in s\u0131n\u0131f m\u00fccadelesini, kamusal ve nitelikli e\u011fitim ve sa\u011fl\u0131k hakk\u0131m\u0131z\u0131, sermayenin yaratt\u0131\u011f\u0131 ekolojik tahribat\u0131n\u0131n durmas\u0131n\u0131, kad\u0131na y\u00f6nelik \u015fiddetin sonlanmas\u0131n\u0131, k\u00fclt\u00fcrel asimilasyonun bitmesini savunuyor, bu sorunlar i\u00e7in \u00e7\u00f6z\u00fcm yarat\u0131yor ve y\u0131llard\u0131r her alanda bunlar\u0131n m\u00fccadelesini veriyor. Art\u0131k emek\u00e7inin sorunlar\u0131n\u0131n ve taleplerinin mecliste de duyulmas\u0131n\u0131n zaman\u0131 gelmi\u015ftir. Naz\u0131m Hikmet\u2019in bir \u015fiirinde sordu\u011fu, \u201cve g\u00fcne\u015f do\u011farken hi\u00e7 umut yok mu\u201d dizesine ve emek\u00e7i halk\u0131m\u0131za ithafen; Umut emek\u00e7ilerde, \u00e7\u00f6z\u00fcm s\u0131n\u0131f m\u00fccadelesinde diyoruz ve t\u00fcm baraka dostlar\u0131n\u0131 pazar g\u00fcn\u00fc yap\u0131lacak se\u00e7imde Ba\u011f\u0131ms\u0131zl\u0131k Yolu\u2019nun aday\u0131 Umut Ersoy\u2019u desteklemeye davet ediyoruz.<\/p>\n<p>&nbsp;<\/p>\n<p><a href=\"https:\/\/baraka.cc\/wp-content\/uploads\/2023\/06\/baraka-by.jpg\"><img decoding=\"async\" loading=\"lazy\" class=\"alignnone size-medium wp-image-9567\" alt=\"baraka- by\" src=\"https:\/\/baraka.cc\/wp-content\/uploads\/2023\/06\/baraka-by-300x199.jpg\" width=\"300\" height=\"199\" srcset=\"https:\/\/baraka.cc\/wp-content\/uploads\/2023\/06\/baraka-by-300x199.jpg 300w, https:\/\/baraka.cc\/wp-content\/uploads\/2023\/06\/baraka-by-1024x682.jpg 1024w, https:\/\/baraka.cc\/wp-content\/uploads\/2023\/06\/baraka-by.jpg 2048w\" sizes=\"(max-width: 300px) 100vw, 300px\" \/><\/a><\/p>\n","protected":false},"excerpt":{"rendered":"<p>Adam\u0131z\u0131n kuzeyinde ekonomik s\u0131k\u0131nt\u0131lar ya\u015fad\u0131\u011f\u0131m\u0131z, gerici politikalara ve k\u00fclt\u00fcrel asimilasyonlara maruz kald\u0131\u011f\u0131m\u0131z, emek\u00e7ilerin a\u011f\u0131r ko\u015fullarda \u00e7al\u0131\u015ft\u0131\u011f\u0131 ve yaz s\u0131caklar\u0131n\u0131 derinden hissetmeye ba\u015flad\u0131\u011f\u0131m\u0131z bug\u00fcnlerde bir se\u00e7im<\/p>\n","protected":false},"author":15,"featured_media":9567,"comment_status":"open","ping_status":"open","sticky":false,"template":"","format":"standard","meta":{"jetpack_post_was_ever_published":false,"_jetpack_newsletter_access":"","_jetpack_newsletter_tier_id":0,"jetpack_publicize_message":"","jetpack_is_tweetstorm":false,"jetpack_publicize_feature_enabled":true,"jetpack_social_post_already_shared":true,"jetpack_social_options":{"image_generator_settings":{"template":"highway","enabled":false}}},"categories":[9,1],"tags":[],"jetpack_publicize_connections":[],"jetpack_featured_media_url":"https:\/\/baraka.cc\/wp-content\/uploads\/2023\/06\/baraka-by.jpg","jetpack_shortlink":"https:\/\/wp.me\/p4eHWX-2ui","jetpack_sharing_enabled":true,"_links":{"self":[{"href":"https:\/\/baraka.cc\/index.php?rest_route=\/wp\/v2\/posts\/9566"}],"collection":[{"href":"https:\/\/baraka.cc\/index.php?rest_route=\/wp\/v2\/posts"}],"about":[{"href":"https:\/\/baraka.cc\/index.php?rest_route=\/wp\/v2\/types\/post"}],"author":[{"embeddable":true,"href":"https:\/\/baraka.cc\/index.php?rest_route=\/wp\/v2\/users\/15"}],"replies":[{"embeddable":true,"href":"https:\/\/baraka.cc\/index.php?rest_route=%2Fwp%2Fv2%2Fcomments&post=9566"}],"version-history":[{"count":1,"href":"https:\/\/baraka.cc\/index.php?rest_route=\/wp\/v2\/posts\/9566\/revisions"}],"predecessor-version":[{"id":9568,"href":"https:\/\/baraka.cc\/index.php?rest_route=\/wp\/v2\/posts\/9566\/revisions\/9568"}],"wp:featuredmedia":[{"embeddable":true,"href":"https:\/\/baraka.cc\/index.php?rest_route=\/wp\/v2\/media\/9567"}],"wp:attachment":[{"href":"https:\/\/baraka.cc\/index.php?rest_route=%2Fwp%2Fv2%2Fmedia&parent=9566"}],"wp:term":[{"taxonomy":"category","embeddable":true,"href":"https:\/\/baraka.cc\/index.php?rest_route=%2Fwp%2Fv2%2Fcategories&post=9566"},{"taxonomy":"post_tag","embeddable":true,"href":"https:\/\/baraka.cc\/index.php?rest_route=%2Fwp%2Fv2%2Ftags&post=9566"}],"curies":[{"name":"wp","href":"https:\/\/api.w.org\/{rel}","templated":true}]}}