{"id":958,"date":"2008-08-15T08:51:05","date_gmt":"2008-08-15T06:51:05","guid":{"rendered":"https:\/\/baraka.cc\/?p=958"},"modified":"2014-01-03T08:51:30","modified_gmt":"2014-01-03T06:51:30","slug":"has-der-lefkoa-genclik-gunleri","status":"publish","type":"post","link":"https:\/\/baraka.cc\/?p=958","title":{"rendered":"HAS-DER Lefko?a Gen\u00e7lik G\u00fcnleri"},"content":{"rendered":"<p><span style=\"font-family: Verdana;\"><span style=\"font-size: medium;\"><span style=\"font-size: 16pt; line-height: 150%; font-family: Verdana;\">\u00a0<\/span><\/span><\/span><\/p>\n<p align=\"justify\"><span style=\"font-family: Verdana;\"><span style=\"font-size: 10pt; line-height: 150%; font-family: Verdana;\">Baraka K\u00fclt\u00fcr Merkezi HAS-DER&#8217;in d\u00fczenledi?i\u00a0Lefko?a Gen\u00e7lik G\u00fcnleri&#8217;ne katylyyor. 13 ve 14 A?ustos&#8217;ta HAS-DER merkez binasynda Baraka standynyn da\u00a0a\u00e7yldy?y gen\u00e7lik g\u00fcnlerinin son gecesinde Sol Anahtary da sahne aldy.<\/span><\/span><\/p>\n<p align=\"justify\"><span style=\"font-family: Verdana;\"><span style=\"font-size: 10pt; line-height: 150%; font-family: Verdana;\"><a href=\"https:\/\/www.baraka.cc\/images\/stories\/hasder_1.jpg\" target=\"_blank\"><img decoding=\"async\" loading=\"lazy\" alt=\" \" src=\"https:\/\/www.baraka.cc\/images\/stories\/hasder_1.jpg\" width=\"200\" height=\"150\" border=\"2\" \/><\/a>\u00a0<a href=\"https:\/\/www.baraka.cc\/images\/stories\/hasder_2.jpg\" target=\"_blank\"><img decoding=\"async\" loading=\"lazy\" alt=\" \" src=\"https:\/\/www.baraka.cc\/images\/stories\/hasder_2.jpg\" width=\"200\" height=\"150\" border=\"2\" \/><\/a>\u00a0<a href=\"https:\/\/www.baraka.cc\/images\/stories\/hasder_3.jpg\" target=\"_blank\"><img decoding=\"async\" loading=\"lazy\" alt=\" \" src=\"https:\/\/www.baraka.cc\/images\/stories\/hasder_3.jpg\" width=\"200\" height=\"150\" border=\"2\" \/><\/a><\/span><\/span><\/p>\n<p align=\"justify\">\n<div style=\"text-align: center;\"><a href=\"https:\/\/www.baraka.cc\/images\/stories\/hasder.jpg\" target=\"_blank\"><img decoding=\"async\" loading=\"lazy\" alt=\" \" src=\"https:\/\/www.baraka.cc\/images\/stories\/hasder.jpg\" width=\"300\" height=\"130\" border=\"2\" \/><\/a><\/div>\n<p>&nbsp;<\/p>\n<p>&nbsp;<\/p>\n<p align=\"justify\"><span style=\"font-size: medium;\">\u00a0<\/span><\/p>\n","protected":false},"excerpt":{"rendered":"<p>\u00a0 Baraka K\u00fclt\u00fcr Merkezi HAS-DER&#8217;in d\u00fczenledi?i\u00a0Lefko?a Gen\u00e7lik G\u00fcnleri&#8217;ne katylyyor. 13 ve 14 A?ustos&#8217;ta HAS-DER merkez binasynda Baraka standynyn da\u00a0a\u00e7yldy?y gen\u00e7lik g\u00fcnlerinin son gecesinde Sol Anahtary<\/p>\n","protected":false},"author":1,"featured_media":0,"comment_status":"open","ping_status":"open","sticky":false,"template":"","format":"standard","meta":{"jetpack_post_was_ever_published":false,"_jetpack_newsletter_access":"","_jetpack_newsletter_tier_id":0,"jetpack_publicize_message":"","jetpack_is_tweetstorm":false,"jetpack_publicize_feature_enabled":true,"jetpack_social_post_already_shared":false,"jetpack_social_options":{"image_generator_settings":{"template":"highway","enabled":false}}},"categories":[24],"tags":[],"jetpack_publicize_connections":[],"jetpack_featured_media_url":"","jetpack_shortlink":"https:\/\/wp.me\/p4eHWX-fs","jetpack_sharing_enabled":true,"_links":{"self":[{"href":"https:\/\/baraka.cc\/index.php?rest_route=\/wp\/v2\/posts\/958"}],"collection":[{"href":"https:\/\/baraka.cc\/index.php?rest_route=\/wp\/v2\/posts"}],"about":[{"href":"https:\/\/baraka.cc\/index.php?rest_route=\/wp\/v2\/types\/post"}],"author":[{"embeddable":true,"href":"https:\/\/baraka.cc\/index.php?rest_route=\/wp\/v2\/users\/1"}],"replies":[{"embeddable":true,"href":"https:\/\/baraka.cc\/index.php?rest_route=%2Fwp%2Fv2%2Fcomments&post=958"}],"version-history":[{"count":0,"href":"https:\/\/baraka.cc\/index.php?rest_route=\/wp\/v2\/posts\/958\/revisions"}],"wp:attachment":[{"href":"https:\/\/baraka.cc\/index.php?rest_route=%2Fwp%2Fv2%2Fmedia&parent=958"}],"wp:term":[{"taxonomy":"category","embeddable":true,"href":"https:\/\/baraka.cc\/index.php?rest_route=%2Fwp%2Fv2%2Fcategories&post=958"},{"taxonomy":"post_tag","embeddable":true,"href":"https:\/\/baraka.cc\/index.php?rest_route=%2Fwp%2Fv2%2Ftags&post=958"}],"curies":[{"name":"wp","href":"https:\/\/api.w.org\/{rel}","templated":true}]}}