{"id":9672,"date":"2023-08-31T14:03:38","date_gmt":"2023-08-31T12:03:38","guid":{"rendered":"https:\/\/baraka.cc\/?p=9672"},"modified":"2023-09-08T20:07:57","modified_gmt":"2023-09-08T18:07:57","slug":"1-eylul-dunya-baris-gununde-sokaktayiz","status":"publish","type":"post","link":"https:\/\/baraka.cc\/?p=9672","title":{"rendered":"1 Eyl\u00fcl D\u00fcnya Bar\u0131\u015f G\u00fcn\u00fc\u2019nde Sokaktay\u0131z!"},"content":{"rendered":"<p>Anonim Gen\u00e7lik, Ba\u011f\u0131ms\u0131zl\u0131k Yolu ve Baraka K\u00fclt\u00fcr Merkezi 1 Eyl\u00fcl D\u00fcnya Bar\u0131\u015f G\u00fcn\u00fcnde soka\u011fa \u00e7\u0131k\u0131yor.<\/p>\n<p>&nbsp;<\/p>\n<p>Bar\u0131\u015f, yeniden birle\u015fme ve halklar\u0131n karde\u015fli\u011fi i\u00e7in 1 Eyl\u00fcl D\u00fcnya Bar\u0131\u015f G\u00fcn\u00fcnde sokakta olmaya devam eden \u00f6rg\u00fctler, bu y\u0131l da emek\u00e7i halk\u0131 sokaktan gelen bu sese kulak vermeye davet etti.<\/p>\n<p>&nbsp;<\/p>\n<p>\u00d6rg\u00fctler taraf\u0131ndan yap\u0131lan ortak a\u00e7\u0131klamada \u201cada halklar\u0131n\u0131n birle\u015fmesiyle olu\u015facak bar\u0131\u015f, federal \u00e7\u00f6z\u00fcme olan inanc\u0131n alt\u0131n\u0131 \u00e7izmek, s\u00f6z, yetki, karar ve iktidar m\u00fccadelesini bir kez daha vurgulamak, bir de \u201cErsin Tatar\u2019a\u201d ne oldu bizim o i\u015f?\u201d diye sormak i\u00e7in 1 Eyl\u00fcl 2023 Cuma g\u00fcn\u00fc, saat 18.00\u2019de, Cumhurba\u015fkanl\u0131\u011f\u0131 \u00f6n\u00fcnde bas\u0131n a\u00e7\u0131klamas\u0131 ger\u00e7ekle\u015ftirecekleri\u00a0ifade\u00a0edildi.<\/p>\n<p>Anonim Gen\u00e7lik, Ba\u011f\u0131ms\u0131zl\u0131k Yolu, Baraka K\u00fclt\u00fcr Merkezi<\/p>\n","protected":false},"excerpt":{"rendered":"<p>Anonim Gen\u00e7lik, Ba\u011f\u0131ms\u0131zl\u0131k Yolu ve Baraka K\u00fclt\u00fcr Merkezi 1 Eyl\u00fcl D\u00fcnya Bar\u0131\u015f G\u00fcn\u00fcnde soka\u011fa \u00e7\u0131k\u0131yor. &nbsp; Bar\u0131\u015f, yeniden birle\u015fme ve halklar\u0131n karde\u015fli\u011fi i\u00e7in 1 Eyl\u00fcl<\/p>\n","protected":false},"author":13,"featured_media":9673,"comment_status":"open","ping_status":"open","sticky":false,"template":"","format":"standard","meta":{"jetpack_post_was_ever_published":false,"_jetpack_newsletter_access":"","_jetpack_newsletter_tier_id":0,"jetpack_publicize_message":"1 Eyl\u00fcl D\u00fcnya Bar\u0131\u015f G\u00fcn\u00fc\u2019nde Sokaktay\u0131z!","jetpack_is_tweetstorm":false,"jetpack_publicize_feature_enabled":true,"jetpack_social_post_already_shared":true,"jetpack_social_options":{"image_generator_settings":{"template":"highway","enabled":false}}},"categories":[52,38,45,9,1],"tags":[],"jetpack_publicize_connections":[],"jetpack_featured_media_url":"https:\/\/baraka.cc\/wp-content\/uploads\/2023\/08\/International-Day-of-Peace.png","jetpack_shortlink":"https:\/\/wp.me\/p4eHWX-2w0","jetpack_sharing_enabled":true,"_links":{"self":[{"href":"https:\/\/baraka.cc\/index.php?rest_route=\/wp\/v2\/posts\/9672"}],"collection":[{"href":"https:\/\/baraka.cc\/index.php?rest_route=\/wp\/v2\/posts"}],"about":[{"href":"https:\/\/baraka.cc\/index.php?rest_route=\/wp\/v2\/types\/post"}],"author":[{"embeddable":true,"href":"https:\/\/baraka.cc\/index.php?rest_route=\/wp\/v2\/users\/13"}],"replies":[{"embeddable":true,"href":"https:\/\/baraka.cc\/index.php?rest_route=%2Fwp%2Fv2%2Fcomments&post=9672"}],"version-history":[{"count":2,"href":"https:\/\/baraka.cc\/index.php?rest_route=\/wp\/v2\/posts\/9672\/revisions"}],"predecessor-version":[{"id":9713,"href":"https:\/\/baraka.cc\/index.php?rest_route=\/wp\/v2\/posts\/9672\/revisions\/9713"}],"wp:featuredmedia":[{"embeddable":true,"href":"https:\/\/baraka.cc\/index.php?rest_route=\/wp\/v2\/media\/9673"}],"wp:attachment":[{"href":"https:\/\/baraka.cc\/index.php?rest_route=%2Fwp%2Fv2%2Fmedia&parent=9672"}],"wp:term":[{"taxonomy":"category","embeddable":true,"href":"https:\/\/baraka.cc\/index.php?rest_route=%2Fwp%2Fv2%2Fcategories&post=9672"},{"taxonomy":"post_tag","embeddable":true,"href":"https:\/\/baraka.cc\/index.php?rest_route=%2Fwp%2Fv2%2Ftags&post=9672"}],"curies":[{"name":"wp","href":"https:\/\/api.w.org\/{rel}","templated":true}]}}