{"id":9723,"date":"2023-09-17T12:03:13","date_gmt":"2023-09-17T10:03:13","guid":{"rendered":"https:\/\/baraka.cc\/?p=9723"},"modified":"2023-09-17T12:03:13","modified_gmt":"2023-09-17T10:03:13","slug":"sol-anahtari-kavga-bitis-yok-bu-sarkiya-albumunde","status":"publish","type":"post","link":"https:\/\/baraka.cc\/?p=9723","title":{"rendered":"Sol Anahtar\u0131 &#8220;Kavga Biti\u015f Yok Bu \u015eark\u0131ya!&#8221; Alb\u00fcm\u00fcnde&#8230;"},"content":{"rendered":"<p><a href=\"https:\/\/baraka.cc\/wp-content\/uploads\/2023\/09\/WhatsApp-Image-2023-09-17-at-12.31.30.jpeg\"><img decoding=\"async\" loading=\"lazy\" class=\"alignleft size-full wp-image-9724\" alt=\"WhatsApp Image 2023-09-17 at 12.31.30\" src=\"https:\/\/baraka.cc\/wp-content\/uploads\/2023\/09\/WhatsApp-Image-2023-09-17-at-12.31.30.jpeg\" width=\"1600\" height=\"1066\" srcset=\"https:\/\/baraka.cc\/wp-content\/uploads\/2023\/09\/WhatsApp-Image-2023-09-17-at-12.31.30.jpeg 1600w, https:\/\/baraka.cc\/wp-content\/uploads\/2023\/09\/WhatsApp-Image-2023-09-17-at-12.31.30-300x199.jpeg 300w, https:\/\/baraka.cc\/wp-content\/uploads\/2023\/09\/WhatsApp-Image-2023-09-17-at-12.31.30-1024x682.jpeg 1024w\" sizes=\"(max-width: 1600px) 100vw, 1600px\" \/><\/a><\/p>\n<p>Baraka K\u00fclt\u00fcr Merkezi m\u00fczik toplulu\u011fu Sol Anahtar\u0131\u2019n\u0131n da dahil oldu\u011fu, devrimci m\u00fczik gruplar\u0131n\u0131n olu\u015fturdu\u011fu Sol M\u00fczik Platformu\u2019nun <b><i>\u201cKavga, Biti\u015f Yok Bu \u015eark\u0131ya!\u201d <\/i><\/b>isimli alb\u00fcm\u00fc yay\u0131nland\u0131. K\u0131br\u0131s\u2019tan bu organizasyona kat\u0131lan grubumuzun \u015fark\u0131s\u0131 <i>\u201c\u00dc\u00e7 Bulut Bir Ya\u011fmur\u201d <\/i>da dinleyicilerin be\u011fenisine sunulup, sosyal medya kanallar\u0131m\u0131zda yay\u0131na girdi.<\/p>\n<p>&nbsp;<\/p>\n<p>Platformun alb\u00fcm\u00fcn \u00e7\u0131k\u0131\u015f\u0131 ile ilgili a\u00e7\u0131klamas\u0131 ve alb\u00fcm linkleri \u015f\u00f6yle;<\/p>\n<p>&nbsp;<\/p>\n<p><b>Kavga Yay\u0131nda! Biti\u015f Yok Bu \u015eark\u0131ya!<\/b><\/p>\n<p>&nbsp;<\/p>\n<p>&#8220;Devrimci m\u00fczik grubu kalmad\u0131!&#8221; yan\u0131lsamas\u0131n\u0131n ya\u015fand\u0131\u011f\u0131 bug\u00fcn\u00fcn puslu atmosferinde, sanat\u0131, toplumsal m\u00fccadelenin g\u00fc\u00e7l\u00fc bir par\u00e7as\u0131 olarak g\u00f6ren 15 devrimci m\u00fczik grubu olarak bir araya geldik. E\u015fit-\u00f6zg\u00fcr bir d\u00fcnya i\u00e7in verdi\u011fimiz m\u00fczikli &#8216;Kavga&#8217;m\u0131z alb\u00fcm oldu. Her grup yeni bir d\u00fcnya i\u00e7in yeni birer \u015fark\u0131 arma\u011fan etti m\u00fccadelemize. Alb\u00fcmde yer alan farkl\u0131 dillerde \u015fark\u0131larla halklar\u0131n ortak m\u00fccadelesini, farkl\u0131 m\u00fczikal \u00fcsluplar\u0131n biti\u015fmesiyle devrimin her rengini, gen\u00e7lerin, kad\u0131nlar\u0131n, LGBT\u0130+&#8217;lar\u0131n, i\u015f\u00e7i s\u0131n\u0131f\u0131n\u0131n, ezilen uluslar\u0131n ve inan\u00e7 gruplar\u0131n\u0131n \u00f6zg\u00fcrl\u00fck ve varolu\u015f m\u00fccadelesini kucaklaman\u0131n pe\u015fine d\u00fc\u015ft\u00fck.<\/p>\n<p>&nbsp;<\/p>\n<p>Festivallerin yasakland\u0131\u011f\u0131, konserlerin engellendi\u011fi, devrimci m\u00fczik gruplar\u0131n\u0131n \u00e7al\u0131\u015fmalar\u0131n\u0131n t\u00fcrl\u00fc yollarla bitirilmeye \u00e7al\u0131\u015f\u0131ld\u0131\u011f\u0131, m\u00fczisyenlerin yoksullu\u011fa ve sans\u00fcre mahkum hale getirildi\u011fi bir zaman dilimi i\u00e7erisinde bu ortak alb\u00fcm, h\u00e2kim d\u00fczene teslim olmayan devrimci m\u00fczik gruplar\u0131n\u0131n soluk alma ve dahas\u0131 soluk olma \u00e7abas\u0131d\u0131r.<\/p>\n<p>&nbsp;<\/p>\n<p>T\u00fcm dinleme platformlar\u0131ndan ve solmuzik.com adresinden dinlenebilen alb\u00fcmde K\u0131br\u0131s&#8217;tan <b>Sol Anahtar\u0131 M\u00fczik Grubu<\/b>, &#8216;<i>yar\u0131nlar ve a\u015fk i\u00e7in \u00fc\u00e7 bulut bir ya\u011fmur<\/i>&#8216; olmaya davet ediyor. <b>Praksis<\/b>\u2019in &#8216;<i>yol uzun ama yol bitmez<\/i>&#8216; diye vurgulad\u0131\u011f\u0131, <b>Sarya M\u00fczik Toplulu\u011fu<\/b>&#8216;nun Suru\u00e7&#8217;ta kaybetti\u011fimiz 33 gen\u00e7 devrimci y\u00fcre\u011fe atfetti\u011fi yol oluyor.<\/p>\n<p>&nbsp;<\/p>\n<p><b>Yelde\u011firmeni<\/b>, egemenlerin hegemonyas\u0131na kar\u015f\u0131 sesleniyor: &#8220;<i>Az\u0131nl\u0131kta de\u011fil kavga, biz birle\u015ftik\u00e7e<\/i>&#8220;. Umudun ezgileri <b>Vardiya<\/b>&#8216;n\u0131n \u00e7alg\u0131lar\u0131yla bulu\u015fuyor: &#8216;<i>Kelep\u00e7e vurulamayan<\/i>&#8216; umudun ad\u0131 Ula\u015f oluyor. <b>Aryen Kom<\/b>, zulm\u00fcn saray\u0131na kar\u015f\u0131 bir f\u0131rt\u0131na olmaya \u00e7a\u011f\u0131r\u0131yor, <b>\u0130syan Ate\u015fi<\/b> Katyu\u015fa&#8217;n\u0131n melodisini ve selam\u0131n\u0131 bug\u00fcne ta\u015f\u0131yor. <b>G\u00f6lgedekiler<\/b> ya\u015famak i\u00e7in kozan\u0131n d\u0131\u015f\u0131na davet ederken, <b>Adal\u0131lar<\/b> deli dalgalar\u0131n ortas\u0131nda \u00f6lmekle kirlenmenin d\u0131\u015f\u0131nda bir \u00e7i\u00e7e\u011fin ihtimaline ortak ediyor bizleri.<\/p>\n<p>&nbsp;<\/p>\n<p><b>Liberte<\/b>\u2019nin Don Ki\u015fot&#8217;un yazg\u0131s\u0131na dizdi\u011fi &#8220;<i>yolu yok, yel de\u011firmenleriyle d\u00f6v\u00fc\u015f\u00fclecek<\/i>&#8221; dizeleri, <b>Umuda Hayk\u0131r\u0131\u015f<\/b>&#8216;\u0131n \u00f6l\u00fcms\u00fczl\u00fc\u011f\u00fcn\u00fcn 50. y\u0131l\u0131nda kom\u00fcnist \u00f6nder \u0130brahim Kaypakkaya\u2019n\u0131n hikayesini payla\u015ft\u0131\u011f\u0131 \u015fark\u0131 ile birle\u015fiyor.<\/p>\n<p>&nbsp;<\/p>\n<p>6 \u015eubat depremini felakete \u00e7eviren iktidar\u0131n y\u0131k\u0131m\u0131na ra\u011fmen ayakta kalmay\u0131 ba\u015faran <b>Kald\u0131r\u0131m M\u00fczik Toplulu\u011fu<\/b> hesap sormak i\u00e7in &#8216;<i>evden d\u0131\u015far\u0131, sokaktan ileri<\/i>&#8216; \u00e7a\u011f\u0131r\u0131rken, <b>Sokak Orkestras\u0131<\/b>, (\u0130DA) Bar\u0131\u015f \u0130\u00e7in Akademisyenler Bildirisi imzac\u0131s\u0131 akademisyenlerle birlikte kaydetti\u011fi \u015fark\u0131da, epik s\u00f6zleri caz \u00fcslubunda harl\u0131yor ve d\u00fczenin tek kural\u0131n\u0131 yineliyor: &#8220;<i>Artmal\u0131 hep sermaye<\/i>&#8220;.<\/p>\n<p>&nbsp;<\/p>\n<p><b>JinMa<\/b>, bask\u0131ya ve erkek egemenli\u011fe kar\u015f\u0131 kad\u0131n m\u00fccadelesinin iradesini ve sesini &#8216;<i>Ez j\u00een im<\/i>&#8216; diyerek ta\u015f\u0131yor alb\u00fcme. <b>Geni\u015f Merdiven<\/b> &#8220;<i>bu hikaye sensin, bu hayat senin<\/i>&#8221; diyerek \u00f6zne olmaya davet ediyor her birimizi.<\/p>\n<p>&nbsp;<\/p>\n<p>Bu birliktelik bir ba\u015flang\u0131\u00e7. B\u00fct\u00fcn gruplar\u0131n uyum i\u00e7inde birbirine omuz vererek ayn\u0131 heyecan\u0131 payla\u015fmas\u0131n\u0131n ortaya \u00e7\u0131kard\u0131\u011f\u0131 devrimci co\u015fkuyu her yere bula\u015ft\u0131rmak istiyoruz. Biliyoruz ki, daha nice m\u00fczik gruplar\u0131 dahil olacakt\u0131r sonraki ortak \u00e7al\u0131\u015fmalara. B\u00f6ylece g\u00fc\u00e7lenecektir m\u00fc\u015fterek akorlar\u0131m\u0131z, t\u0131n\u0131lar\u0131m\u0131z ve yolda\u015fl\u0131\u011f\u0131m\u0131z. Kazanaca\u011f\u0131m\u0131z bir d\u00fcnya var: Yeni bir d\u00fcnya. Yolumuz uzun ve biliyoruz ki bu yol, y\u0131llar \u00f6nce bug\u00fcn, devrimci m\u00fczisyen Victor Jara&#8217;n\u0131n gitarla\u015fan ellerinin General Pinochet&#8217;i yendi\u011fi yoldur.<\/p>\n<p>&nbsp;<\/p>\n<p>Yolumuz a\u00e7\u0131k olsun, tekrarla de\u011fil ama \u0131srarla: &#8216;Kavga, Biti\u015f Yok Bu \u015eark\u0131ya!&#8217; \u00a0 #kavga<\/p>\n<p><a href=\"https:\/\/baraka.cc\/wp-content\/uploads\/2023\/09\/Alb\u00fcm-kapa\u011f\u0131-T\u00fcrk\u00e7e.png\"><img decoding=\"async\" loading=\"lazy\" class=\"alignleft size-full wp-image-9725\" alt=\"Alb\u00fcm kapa\u011f\u0131 - T\u00fcrk\u00e7e\" src=\"https:\/\/baraka.cc\/wp-content\/uploads\/2023\/09\/Alb\u00fcm-kapa\u011f\u0131-T\u00fcrk\u00e7e.png\" width=\"4375\" height=\"4375\" srcset=\"https:\/\/baraka.cc\/wp-content\/uploads\/2023\/09\/Alb\u00fcm-kapa\u011f\u0131-T\u00fcrk\u00e7e.png 4375w, https:\/\/baraka.cc\/wp-content\/uploads\/2023\/09\/Alb\u00fcm-kapa\u011f\u0131-T\u00fcrk\u00e7e-150x150.png 150w, https:\/\/baraka.cc\/wp-content\/uploads\/2023\/09\/Alb\u00fcm-kapa\u011f\u0131-T\u00fcrk\u00e7e-300x300.png 300w, https:\/\/baraka.cc\/wp-content\/uploads\/2023\/09\/Alb\u00fcm-kapa\u011f\u0131-T\u00fcrk\u00e7e-1024x1024.png 1024w\" sizes=\"(max-width: 4375px) 100vw, 4375px\" \/><\/a><\/p>\n<p>Web sitesi: <a href=\"http:\/\/solmuzik.com\/\">http:\/\/solmuzik.com<\/a><\/p>\n<p>Instagram: <a href=\"http:\/\/instagram.com\/solmuzikcom\">http:\/\/instagram.com\/solmuzikcom<\/a><\/p>\n<p>Facebook: <a href=\"http:\/\/facebook.com\/solmuzikcom\">http:\/\/facebook.com\/solmuzikcom<\/a><\/p>\n<p>Youtube kanal\u0131: <a href=\"http:\/\/youtube.com\/solmuzik\">http:\/\/Youtube.com\/solmuzik<\/a><\/p>\n<p>Youtube alb\u00fcm ba\u011flant\u0131s\u0131: <a href=\"https:\/\/youtube.com\/playlist?list=PLlsKclG6J5WuCl0eA_ypX5joho72BlH1A&amp;si=IBwi0Qb_WNWb4TJ-\">https:\/\/youtube.com\/playlist?list=PLlsKclG6J5WuCl0eA_ypX5joho72BlH1A&amp;si=IBwi0Qb_WNWb4TJ-<\/a><\/p>\n<p>Twitter: <a href=\"http:\/\/twitter.com\/@solmuzik_com\">http:\/\/twitter.com\/@solmuzik_com<\/a><\/p>\n<p>Spotify: <a href=\"https:\/\/spotify.link\/Dch7F2bI7Cb\">https:\/\/spotify.link\/Dch7F2bI7Cb<\/a><\/p>\n<p>&nbsp;<\/p>\n<p>Teaser T\u00fcrk\u00e7e: <a href=\"https:\/\/youtu.be\/Uyqw9J95kMs\">https:\/\/youtu.be\/Uyqw9J95kMs<\/a><\/p>\n<p>Teaser Kurd\u00ee: <a href=\"https:\/\/youtu.be\/s3exZByRRrM\">https:\/\/youtu.be\/s3exZByRRrM<\/a><\/p>\n","protected":false},"excerpt":{"rendered":"<p>Baraka K\u00fclt\u00fcr Merkezi m\u00fczik toplulu\u011fu Sol Anahtar\u0131\u2019n\u0131n da dahil oldu\u011fu, devrimci m\u00fczik gruplar\u0131n\u0131n olu\u015fturdu\u011fu Sol M\u00fczik Platformu\u2019nun \u201cKavga, Biti\u015f Yok Bu \u015eark\u0131ya!\u201d isimli alb\u00fcm\u00fc yay\u0131nland\u0131.<\/p>\n","protected":false},"author":1,"featured_media":9727,"comment_status":"open","ping_status":"open","sticky":false,"template":"","format":"standard","meta":{"jetpack_post_was_ever_published":false,"_jetpack_newsletter_access":"","_jetpack_newsletter_tier_id":0,"jetpack_publicize_message":"","jetpack_is_tweetstorm":false,"jetpack_publicize_feature_enabled":true,"jetpack_social_post_already_shared":true,"jetpack_social_options":{"image_generator_settings":{"template":"highway","enabled":false}}},"categories":[25,9,1,23],"tags":[],"jetpack_publicize_connections":[],"jetpack_featured_media_url":"https:\/\/baraka.cc\/wp-content\/uploads\/2023\/09\/WhatsApp-Image-2023-09-17-at-13.02.17.jpeg","jetpack_shortlink":"https:\/\/wp.me\/p4eHWX-2wP","jetpack_sharing_enabled":true,"_links":{"self":[{"href":"https:\/\/baraka.cc\/index.php?rest_route=\/wp\/v2\/posts\/9723"}],"collection":[{"href":"https:\/\/baraka.cc\/index.php?rest_route=\/wp\/v2\/posts"}],"about":[{"href":"https:\/\/baraka.cc\/index.php?rest_route=\/wp\/v2\/types\/post"}],"author":[{"embeddable":true,"href":"https:\/\/baraka.cc\/index.php?rest_route=\/wp\/v2\/users\/1"}],"replies":[{"embeddable":true,"href":"https:\/\/baraka.cc\/index.php?rest_route=%2Fwp%2Fv2%2Fcomments&post=9723"}],"version-history":[{"count":1,"href":"https:\/\/baraka.cc\/index.php?rest_route=\/wp\/v2\/posts\/9723\/revisions"}],"predecessor-version":[{"id":9726,"href":"https:\/\/baraka.cc\/index.php?rest_route=\/wp\/v2\/posts\/9723\/revisions\/9726"}],"wp:featuredmedia":[{"embeddable":true,"href":"https:\/\/baraka.cc\/index.php?rest_route=\/wp\/v2\/media\/9727"}],"wp:attachment":[{"href":"https:\/\/baraka.cc\/index.php?rest_route=%2Fwp%2Fv2%2Fmedia&parent=9723"}],"wp:term":[{"taxonomy":"category","embeddable":true,"href":"https:\/\/baraka.cc\/index.php?rest_route=%2Fwp%2Fv2%2Fcategories&post=9723"},{"taxonomy":"post_tag","embeddable":true,"href":"https:\/\/baraka.cc\/index.php?rest_route=%2Fwp%2Fv2%2Ftags&post=9723"}],"curies":[{"name":"wp","href":"https:\/\/api.w.org\/{rel}","templated":true}]}}