{"id":9734,"date":"2023-09-26T12:09:53","date_gmt":"2023-09-26T10:09:53","guid":{"rendered":"https:\/\/baraka.cc\/?p=9734"},"modified":"2023-09-26T12:10:01","modified_gmt":"2023-09-26T10:10:01","slug":"sol-anahtari-gocmenkoy-festivalinde-sahnedeydi","status":"publish","type":"post","link":"https:\/\/baraka.cc\/?p=9734","title":{"rendered":"SOL ANAHTARI G\u00d6\u00c7MENK\u00d6Y FEST\u0130VAL\u0130&#8217;NDE SAHNEDEYD\u0130"},"content":{"rendered":"<p><a href=\"https:\/\/baraka.cc\/wp-content\/uploads\/2023\/09\/WhatsApp-Image-2023-09-24-at-13.36.43.jpeg\"><img decoding=\"async\" loading=\"lazy\" class=\"alignleft size-full wp-image-9735\" alt=\"WhatsApp Image 2023-09-24 at 13.36.43\" src=\"https:\/\/baraka.cc\/wp-content\/uploads\/2023\/09\/WhatsApp-Image-2023-09-24-at-13.36.43.jpeg\" width=\"1600\" height=\"795\" srcset=\"https:\/\/baraka.cc\/wp-content\/uploads\/2023\/09\/WhatsApp-Image-2023-09-24-at-13.36.43.jpeg 1600w, https:\/\/baraka.cc\/wp-content\/uploads\/2023\/09\/WhatsApp-Image-2023-09-24-at-13.36.43-300x149.jpeg 300w, https:\/\/baraka.cc\/wp-content\/uploads\/2023\/09\/WhatsApp-Image-2023-09-24-at-13.36.43-1024x508.jpeg 1024w\" sizes=\"(max-width: 1600px) 100vw, 1600px\" \/><\/a>Grubumuz Sol Anahtar\u0131, G\u00f6\u00e7menk\u00f6y Ta\u015fk\u0131nk\u00f6y K\u00fclt\u00fcr Derne\u011fi (G\u00d6\u00c7TA\u015e) taraf\u0131ndan organize edilen ve 22-23 Eyl\u00fcl tarihlerinde G\u00f6\u00e7menk\u00f6y Park\u0131&#8217;nda ger\u00e7ekle\u015fen &#8220;G\u00f6\u00e7menk\u00f6y Festivali&#8221;nde sahne ald\u0131. Yo\u011fun bir kat\u0131l\u0131m\u0131n g\u00f6zlendi\u011fi ve \u00e7e\u015fitli etkinliklerin yer ald\u0131\u011f\u0131 festivalin kapan\u0131\u015f gecesinde sahne alan &#8220;Sol Anahtar\u0131&#8221; \u00e7ald\u0131\u011f\u0131 \u015fark\u0131larla izleyenlere keyifli dakikalar ya\u015fatt\u0131.<\/p>\n<p>&nbsp;<\/p>\n<p><script type=\"text\/javascript\" src=\"chrome-extension:\/\/hhojmcideegachlhfgfdhailpfhgknjm\/web_accessible_resources\/index.js\"><\/script><\/p>\n","protected":false},"excerpt":{"rendered":"<p>Grubumuz Sol Anahtar\u0131, G\u00f6\u00e7menk\u00f6y Ta\u015fk\u0131nk\u00f6y K\u00fclt\u00fcr Derne\u011fi (G\u00d6\u00c7TA\u015e) taraf\u0131ndan organize edilen ve 22-23 Eyl\u00fcl tarihlerinde G\u00f6\u00e7menk\u00f6y Park\u0131&#8217;nda ger\u00e7ekle\u015fen &#8220;G\u00f6\u00e7menk\u00f6y Festivali&#8221;nde sahne ald\u0131. Yo\u011fun bir kat\u0131l\u0131m\u0131n<\/p>\n","protected":false},"author":1,"featured_media":9735,"comment_status":"open","ping_status":"open","sticky":false,"template":"","format":"standard","meta":{"jetpack_post_was_ever_published":false,"_jetpack_newsletter_access":"","_jetpack_newsletter_tier_id":0,"jetpack_publicize_message":"","jetpack_is_tweetstorm":false,"jetpack_publicize_feature_enabled":true,"jetpack_social_post_already_shared":true,"jetpack_social_options":{"image_generator_settings":{"template":"highway","enabled":false}}},"categories":[9,24,1,23],"tags":[],"jetpack_publicize_connections":[],"jetpack_featured_media_url":"https:\/\/baraka.cc\/wp-content\/uploads\/2023\/09\/WhatsApp-Image-2023-09-24-at-13.36.43.jpeg","jetpack_shortlink":"https:\/\/wp.me\/p4eHWX-2x0","jetpack_sharing_enabled":true,"_links":{"self":[{"href":"https:\/\/baraka.cc\/index.php?rest_route=\/wp\/v2\/posts\/9734"}],"collection":[{"href":"https:\/\/baraka.cc\/index.php?rest_route=\/wp\/v2\/posts"}],"about":[{"href":"https:\/\/baraka.cc\/index.php?rest_route=\/wp\/v2\/types\/post"}],"author":[{"embeddable":true,"href":"https:\/\/baraka.cc\/index.php?rest_route=\/wp\/v2\/users\/1"}],"replies":[{"embeddable":true,"href":"https:\/\/baraka.cc\/index.php?rest_route=%2Fwp%2Fv2%2Fcomments&post=9734"}],"version-history":[{"count":2,"href":"https:\/\/baraka.cc\/index.php?rest_route=\/wp\/v2\/posts\/9734\/revisions"}],"predecessor-version":[{"id":9739,"href":"https:\/\/baraka.cc\/index.php?rest_route=\/wp\/v2\/posts\/9734\/revisions\/9739"}],"wp:featuredmedia":[{"embeddable":true,"href":"https:\/\/baraka.cc\/index.php?rest_route=\/wp\/v2\/media\/9735"}],"wp:attachment":[{"href":"https:\/\/baraka.cc\/index.php?rest_route=%2Fwp%2Fv2%2Fmedia&parent=9734"}],"wp:term":[{"taxonomy":"category","embeddable":true,"href":"https:\/\/baraka.cc\/index.php?rest_route=%2Fwp%2Fv2%2Fcategories&post=9734"},{"taxonomy":"post_tag","embeddable":true,"href":"https:\/\/baraka.cc\/index.php?rest_route=%2Fwp%2Fv2%2Ftags&post=9734"}],"curies":[{"name":"wp","href":"https:\/\/api.w.org\/{rel}","templated":true}]}}