{"id":9741,"date":"2023-09-28T11:21:54","date_gmt":"2023-09-28T09:21:54","guid":{"rendered":"https:\/\/baraka.cc\/?p=9741"},"modified":"2023-09-28T11:21:54","modified_gmt":"2023-09-28T09:21:54","slug":"baraka-kultur-merkezinden-gecmisimize-uzanan-yeni-bir-proje-bir-mikrofon-bir-hikaye","status":"publish","type":"post","link":"https:\/\/baraka.cc\/?p=9741","title":{"rendered":"Baraka K\u00fclt\u00fcr Merkezi\u2019nden Ge\u00e7mi\u015fimize Uzanan Yeni Bir Proje: \u201cBir Mikrofon Bir Hikaye\u201d"},"content":{"rendered":"<p>Baraka K\u00fclt\u00fcr Merkezi, faaliyetlerine bir yenisini daha ekliyor. Yak\u0131n tarihimizde iz b\u0131rakan m\u00fccadele hikayelerini anlatmak \u00fczere, ge\u00e7mi\u015fimizin de\u011ferlerine mikrofon uzatan Baraka, \u201cBir Mikrofon Bir Hik\u00e2ye\u201d projesini hayata ge\u00e7iriyor.<\/p>\n<p>Olaylar\u0131 bizzat ya\u015fayan ki\u015filerle yap\u0131lan samimi r\u00f6portajlarda \u201cb\u00f6l\u00fcnme ve ard\u0131ndan ya\u015fanan sava\u015f, sava\u015f\u0131n b\u0131rakt\u0131\u011f\u0131 izler, g\u00f6\u00e7, hayat m\u00fccadelesi, ekmek kavgas\u0131, yeniden aya\u011fa kalkma, do\u011frulma, \u0131srar ve inatla bir araya gelip eme\u011fin, \u00f6zg\u00fcrl\u00fc\u011f\u00fcn, bar\u0131\u015f\u0131n ve ba\u011f\u0131ms\u0131zl\u0131k m\u00fccadelesinin pe\u015finden ko\u015fma \u00e7abas\u0131\u201d gibi konular ele al\u0131n\u0131yor.<\/p>\n<p>\u0130lk hikaye 1 Ekim Pazar yay\u0131nlanacak<\/p>\n<p>\u00c7ekimi haz\u0131rlanan s\u00f6yle\u015filer, derne\u011fin sosyal medya hesaplar\u0131ndan payla\u015f\u0131lmaya ba\u015flan\u0131yor. \u0130lk hikaye, 1 Ekim Pazar g\u00fcn\u00fc saat 10.00\u2019da yay\u0131nda olacak. Gen\u00e7 ku\u015faklara ge\u00e7mi\u015f m\u00fccadeleleri hikaye diliyle yans\u0131tacak olan projenin amac\u0131 \u015fu \u015fekilde ifade ediliyor:<\/p>\n<p>\u201cAkdeniz\u2019in ortas\u0131nda, do\u011fal g\u00fczellikleri, konumu ve bakan her g\u00f6z\u00fcn hayran kalaca\u011f\u0131 zarafetiyle; iklimi kadar s\u0131cak insanlar\u0131yla var olan, bir\u00e7oklar\u0131na yar olan ama sadece i\u00e7erisinde ya\u015fam kavgas\u0131 veren halklara yar olamayan ada: K\u0131br\u0131s\u2026<\/p>\n<p>Bu k\u00fc\u00e7\u00fck ada i\u00e7erisinde halklar nelerle kar\u015f\u0131 kar\u015f\u0131ya kalmad\u0131 ki&#8230;<\/p>\n<p>B\u00f6l\u00fcnme ve ard\u0131ndan ya\u015fanan sava\u015f, sava\u015f\u0131n b\u0131rakt\u0131\u011f\u0131 izler, g\u00f6\u00e7, hayat m\u00fccadelesi, ekmek kavgas\u0131, yeniden aya\u011fa kalkma, do\u011frulma, \u0131srar ve inatla bir araya gelip eme\u011fin, \u00f6zg\u00fcrl\u00fc\u011f\u00fcn, bar\u0131\u015f\u0131n ve ba\u011f\u0131ms\u0131zl\u0131k m\u00fccadelesinin pe\u015finden ko\u015fma \u00e7abas\u0131 bunlardan sadece baz\u0131lar\u0131&#8230;<\/p>\n<p>T\u00fcm bunlar ve \u00e7ok daha fazlas\u0131 g\u00fcn\u00fcm\u00fczde geri plana itilmi\u015f durumda. K\u0131br\u0131sl\u0131 T\u00fcrk halk\u0131n\u0131n, azim, \u00e7aba ve m\u00fccadele dolu ge\u00e7mi\u015fi egemenlerce unutturulmak ve de\u011fi\u015ftirilmek isteniyor. \u0130\u015fte bizler de Baraka K\u00fclt\u00fcr Merkezi \u00e7at\u0131s\u0131 alt\u0131nda olu\u015fturdu\u011fumuz \u201cBir Mikrofon Bir Hikaye\u201d ekibi ile bu tablonun \u00fczerine gidiyor; soluk renklerimizi yeniden canland\u0131rmak \u00fczere mikrofonumuzu de\u011ferlerimize uzat\u0131yoruz. Ger\u00e7ekli\u011fe yaslan\u0131p, K\u0131br\u0131sl\u0131 T\u00fcrk halk\u0131n\u0131n yak\u0131n ge\u00e7mi\u015fte koydu\u011fu tavr\u0131n, y\u00fcr\u00fcd\u00fc\u011f\u00fc yolun ve sert gelen ak\u0131nt\u0131ya kar\u015f\u0131 ileriye gitme \u00e7abas\u0131n\u0131n hikayesini dinliyoruz.\u201d<\/p>\n<p>&nbsp;<\/p>\n<p><a href=\"https:\/\/baraka.cc\/wp-content\/uploads\/2023\/09\/bir-mikrofon-bir-hikaye-ba\u015fl\u0131yor.jpeg\"><img decoding=\"async\" loading=\"lazy\" class=\"alignnone size-medium wp-image-9742\" alt=\"bir mikrofon bir hikaye ba\u015fl\u0131yor\" src=\"https:\/\/baraka.cc\/wp-content\/uploads\/2023\/09\/bir-mikrofon-bir-hikaye-ba\u015fl\u0131yor-300x168.jpeg\" width=\"300\" height=\"168\" srcset=\"https:\/\/baraka.cc\/wp-content\/uploads\/2023\/09\/bir-mikrofon-bir-hikaye-ba\u015fl\u0131yor-300x168.jpeg 300w, https:\/\/baraka.cc\/wp-content\/uploads\/2023\/09\/bir-mikrofon-bir-hikaye-ba\u015fl\u0131yor-1024x576.jpeg 1024w, https:\/\/baraka.cc\/wp-content\/uploads\/2023\/09\/bir-mikrofon-bir-hikaye-ba\u015fl\u0131yor-70x40.jpeg 70w, https:\/\/baraka.cc\/wp-content\/uploads\/2023\/09\/bir-mikrofon-bir-hikaye-ba\u015fl\u0131yor.jpeg 1600w\" sizes=\"(max-width: 300px) 100vw, 300px\" \/><\/a><\/p>\n","protected":false},"excerpt":{"rendered":"<p>Baraka K\u00fclt\u00fcr Merkezi, faaliyetlerine bir yenisini daha ekliyor. Yak\u0131n tarihimizde iz b\u0131rakan m\u00fccadele hikayelerini anlatmak \u00fczere, ge\u00e7mi\u015fimizin de\u011ferlerine mikrofon uzatan Baraka, \u201cBir Mikrofon Bir Hik\u00e2ye\u201d<\/p>\n","protected":false},"author":15,"featured_media":9742,"comment_status":"open","ping_status":"open","sticky":false,"template":"","format":"standard","meta":{"jetpack_post_was_ever_published":false,"_jetpack_newsletter_access":"","_jetpack_newsletter_tier_id":0,"jetpack_publicize_message":"","jetpack_is_tweetstorm":false,"jetpack_publicize_feature_enabled":true,"jetpack_social_post_already_shared":true,"jetpack_social_options":{"image_generator_settings":{"template":"highway","enabled":false}}},"categories":[38,20,9,1,39],"tags":[],"jetpack_publicize_connections":[],"jetpack_featured_media_url":"https:\/\/baraka.cc\/wp-content\/uploads\/2023\/09\/bir-mikrofon-bir-hikaye-ba\u015fl\u0131yor.jpeg","jetpack_shortlink":"https:\/\/wp.me\/p4eHWX-2x7","jetpack_sharing_enabled":true,"_links":{"self":[{"href":"https:\/\/baraka.cc\/index.php?rest_route=\/wp\/v2\/posts\/9741"}],"collection":[{"href":"https:\/\/baraka.cc\/index.php?rest_route=\/wp\/v2\/posts"}],"about":[{"href":"https:\/\/baraka.cc\/index.php?rest_route=\/wp\/v2\/types\/post"}],"author":[{"embeddable":true,"href":"https:\/\/baraka.cc\/index.php?rest_route=\/wp\/v2\/users\/15"}],"replies":[{"embeddable":true,"href":"https:\/\/baraka.cc\/index.php?rest_route=%2Fwp%2Fv2%2Fcomments&post=9741"}],"version-history":[{"count":1,"href":"https:\/\/baraka.cc\/index.php?rest_route=\/wp\/v2\/posts\/9741\/revisions"}],"predecessor-version":[{"id":9743,"href":"https:\/\/baraka.cc\/index.php?rest_route=\/wp\/v2\/posts\/9741\/revisions\/9743"}],"wp:featuredmedia":[{"embeddable":true,"href":"https:\/\/baraka.cc\/index.php?rest_route=\/wp\/v2\/media\/9742"}],"wp:attachment":[{"href":"https:\/\/baraka.cc\/index.php?rest_route=%2Fwp%2Fv2%2Fmedia&parent=9741"}],"wp:term":[{"taxonomy":"category","embeddable":true,"href":"https:\/\/baraka.cc\/index.php?rest_route=%2Fwp%2Fv2%2Fcategories&post=9741"},{"taxonomy":"post_tag","embeddable":true,"href":"https:\/\/baraka.cc\/index.php?rest_route=%2Fwp%2Fv2%2Ftags&post=9741"}],"curies":[{"name":"wp","href":"https:\/\/api.w.org\/{rel}","templated":true}]}}